{"id":77182,"date":"2024-09-21T23:00:54","date_gmt":"2024-09-22T02:00:54","guid":{"rendered":"https:\/\/vocesparalelas.com.ar\/sitio\/?p=77182"},"modified":"2024-09-23T14:02:33","modified_gmt":"2024-09-23T17:02:33","slug":"jovenes-peregrinos-de-esperanza","status":"publish","type":"post","link":"https:\/\/vocesparalelas.com.ar\/sitio\/jovenes-peregrinos-de-esperanza\/","title":{"rendered":"J\u00f3venes peregrinos de esperanza"},"content":{"rendered":"<p>Por el Arzobispo de San Juan de Cuyo, Monse\u00f1or Jorge Eduardo Lozano<\/p>\n<p>En este mes de septiembre toda la creaci\u00f3n parece despertar del letargo del invierno. Los \u00e1rboles, las flores, las aves, la luz, los aromas y colores visten los paisajes y alegran nuestros corazones de manera particular.<\/p>\n<p>\u00a1Cu\u00e1nta belleza hay en el mundo!<\/p>\n<p>Mi vida, tu vida y la de tus amigos, la vida de todos es un regalo de Dios. Tambi\u00e9n la vida del Planeta es parte de su proyecto de amor por toda la humanidad. El mundo es una casa para toda la familia humana.<\/p>\n<p>Ayer celebramos el d\u00eda de la primavera, de los estudiantes. Muchas plazas y parques se vieron colmados de j\u00f3venes que quisieron pasar el d\u00eda juntos y hacer fiesta. Cierto que cada vez que se conmemora este d\u00eda se destacan algunos excesos que nos preocupan, y mucho. Pero no dejemos que nos impidan gozar de la esperanza.<\/p>\n<p>En estos d\u00edas el Papa dio a conocer el Mensaje para la jornada Mundial de la Juventud que se celebrar\u00e1 en cada di\u00f3cesis el domingo 24 de noviembre. El lema propuesto es \u201cLos que esperan en el Se\u00f1or caminan sin cansarse\u201d (cf.\u00a0<em>Is<\/em>\u00a040,31)-<\/p>\n<p>Nos recuerda Francisco que \u201cnuestra vida es una peregrinaci\u00f3n, un viaje que nos impulsa m\u00e1s all\u00e1 de nosotros mismos, un camino en b\u00fasqueda de la felicidad; y la vida cristiana, en particular, es una peregrinaci\u00f3n hacia Dios, nuestra salvaci\u00f3n y plenitud de todo bien\u201d. No estamos totalmente \u201crealizados\u201d, terminados, sino que nos vamos construyendo cada d\u00eda. No somos estatuas, sino seres vivos.<\/p>\n<p>Es normal iniciar el recorrido con entusiasmo muchas veces contagioso, y en alg\u00fan momento del camino empezar a sentir cansancio. En el camino de la vida el riesgo es que podamos caer en el hast\u00edo. \u201cEs ese estado de apat\u00eda e insatisfacci\u00f3n de quien no se involucra en nada, no se decide, no elige, nunca arriesga y prefiere permanecer en su\u00a0zona de confort, encerrado en s\u00ed mismo,\u00a0viendo y juzgando el mundo detr\u00e1s de una pantalla,\u00a0sin jam\u00e1s \u2018ensuciarse las manos\u2019 con los problemas, con los dem\u00e1s, con la vida.\u201d Este tipo de cansancio lo sentimos como un peso que nos impide caminar, como si tuvi\u00e9ramos zapatillas de plomo. \u201cLa soluci\u00f3n al cansancio, parad\u00f3jicamente, no es detenerse a descansar. Es m\u00e1s bien\u00a0ponerse en camino\u00a0y volverse peregrinos de esperanza.\u201d<\/p>\n<p>No se trata de ser personas que ponen la confianza en ilusiones o fantas\u00edas. La esperanza se apoya en la certeza del amor de Dios que nunca nos abandona. Cuando enfrentamos obst\u00e1culos, levantamos la mirada y ponemos los ojos en la meta a alcanzar, la vida en plenitud.<\/p>\n<p>\u201cEn la peregrinaci\u00f3n de la vida habr\u00e1 retos inevitables que afrontar.\u201d Cuando el camino es largo vamos atravesando distintas geograf\u00edas, unas placenteras, otras que son exigentes y arduas. \u201cDel mismo modo, para el creyente, el peregrinar de la vida y el camino hacia la meta lejana siguen siendo fatigosos, como lo fue para el pueblo de Israel el viaje por el desierto hacia la Tierra prometida.\u201d\u00a0No caminamos solos. Somos parte de una comunidad en marcha, con un mismo coraz\u00f3n y en comuni\u00f3n de origen y destino.<\/p>\n<p>Fijate el consejo que da el Papa a los j\u00f3venes, y que nos viene bien a toda edad: \u201cLes recomiendo esto: no se pongan en camino como simples turistas, sino como peregrinos. Que vuestro caminar no sea simplemente un pasar por los lugares de la vida de forma superficial: sin captar la belleza de lo que van encontrando, sin descubrir el sentido de los caminos recorridos, capturando breves momentos, experiencias fugaces para conservarlas en una\u00a0<em>selfie<\/em>. El turista hace esto. El peregrino, en cambio, se sumerge de lleno en los lugares que encuentra, los hace hablar, los convierte en parte de su b\u00fasqueda de la felicidad\u201d.<\/p>\n<p>Y hablando de camino, seguimos avanzando en nuestro tercer s\u00ednodo en San Juan. El martes pasado hicimos una rueda de prensa en la que dimos a conocer los diversos niveles de escucha. Vos tambi\u00e9n, que nos le\u00e9s cada semana u hoy de manera ocasional, pod\u00e9s participar. No hace falta dejar tu nombre, no hay l\u00edmites de edad, confesi\u00f3n religiosa, estudios cursados\u2026 Queremos escucharte, acercarnos. Entr\u00e1 a la p\u00e1gina del Arzobispado y dejanos tus inquietudes: <a href=\"https:\/\/arzobispadosanjuan.ar\/3-sinodo-diocesano\/\">https:\/\/arzobispadosanjuan.ar\/3-sinodo-diocesano\/<\/a> y entr\u00e1 en el bot\u00f3n \u201cConsulta amplia\u201d. Te estamos esperando.<\/p>\n<p><iframe loading=\"lazy\" title=\"SAN JUAN MONSE\u00d1OR JORGE LOZANO\" width=\"800\" height=\"450\" src=\"https:\/\/www.youtube.com\/embed\/J2EqXbOXT3s?feature=oembed\" frameborder=\"0\" allow=\"accelerometer; autoplay; clipboard-write; encrypted-media; gyroscope; picture-in-picture; web-share\" referrerpolicy=\"strict-origin-when-cross-origin\" allowfullscreen><\/iframe><\/p>\n<p>&nbsp;<\/p>\n<p>&nbsp;<\/p>\n<p><img loading=\"lazy\" decoding=\"async\" class=\"alignnone size-full wp-image-61416\" src=\"https:\/\/vocesparalelas.com.ar\/sitio\/wp-content\/uploads\/2023\/07\/ARZOBISPADO-EDIFICIO.jpg\" alt=\"\" width=\"800\" height=\"600\" srcset=\"https:\/\/vocesparalelas.com.ar\/sitio\/wp-content\/uploads\/2023\/07\/ARZOBISPADO-EDIFICIO.jpg 800w, https:\/\/vocesparalelas.com.ar\/sitio\/wp-content\/uploads\/2023\/07\/ARZOBISPADO-EDIFICIO-300x225.jpg 300w, https:\/\/vocesparalelas.com.ar\/sitio\/wp-content\/uploads\/2023\/07\/ARZOBISPADO-EDIFICIO-768x576.jpg 768w\" sizes=\"auto, (max-width: 800px) 100vw, 800px\" \/><\/p>\n","protected":false},"excerpt":{"rendered":"<p>Por el Arzobispo de San Juan de Cuyo, Monse\u00f1or Jorge Eduardo Lozano En este mes de septiembre toda la creaci\u00f3n<\/p>\n","protected":false},"author":3,"featured_media":20281,"comment_status":"closed","ping_status":"closed","sticky":false,"template":"","format":"standard","meta":{"_acf_changed":false,"_seopress_robots_primary_cat":"none","_seopress_titles_title":"","_seopress_titles_desc":"","_seopress_robots_index":"","colormag_page_container_layout":"default_layout","colormag_page_sidebar_layout":"default_layout","footnotes":""},"categories":[10,7],"tags":[],"class_list":["post-77182","post","type-post","status-publish","format-standard","has-post-thumbnail","hentry","category-opiniones","category-videos"],"acf":[],"_links":{"self":[{"href":"https:\/\/vocesparalelas.com.ar\/sitio\/wp-json\/wp\/v2\/posts\/77182","targetHints":{"allow":["GET"]}}],"collection":[{"href":"https:\/\/vocesparalelas.com.ar\/sitio\/wp-json\/wp\/v2\/posts"}],"about":[{"href":"https:\/\/vocesparalelas.com.ar\/sitio\/wp-json\/wp\/v2\/types\/post"}],"author":[{"embeddable":true,"href":"https:\/\/vocesparalelas.com.ar\/sitio\/wp-json\/wp\/v2\/users\/3"}],"replies":[{"embeddable":true,"href":"https:\/\/vocesparalelas.com.ar\/sitio\/wp-json\/wp\/v2\/comments?post=77182"}],"version-history":[{"count":1,"href":"https:\/\/vocesparalelas.com.ar\/sitio\/wp-json\/wp\/v2\/posts\/77182\/revisions"}],"predecessor-version":[{"id":77185,"href":"https:\/\/vocesparalelas.com.ar\/sitio\/wp-json\/wp\/v2\/posts\/77182\/revisions\/77185"}],"wp:featuredmedia":[{"embeddable":true,"href":"https:\/\/vocesparalelas.com.ar\/sitio\/wp-json\/wp\/v2\/media\/20281"}],"wp:attachment":[{"href":"https:\/\/vocesparalelas.com.ar\/sitio\/wp-json\/wp\/v2\/media?parent=77182"}],"wp:term":[{"taxonomy":"category","embeddable":true,"href":"https:\/\/vocesparalelas.com.ar\/sitio\/wp-json\/wp\/v2\/categories?post=77182"},{"taxonomy":"post_tag","embeddable":true,"href":"https:\/\/vocesparalelas.com.ar\/sitio\/wp-json\/wp\/v2\/tags?post=77182"}],"curies":[{"name":"wp","href":"https:\/\/api.w.org\/{rel}","templated":true}]}}