{"id":77177,"date":"2024-09-21T10:15:45","date_gmt":"2024-09-21T13:15:45","guid":{"rendered":"https:\/\/vocesparalelas.com.ar\/sitio\/?p=77177"},"modified":"2024-09-24T00:18:41","modified_gmt":"2024-09-24T03:18:41","slug":"festival-de-la-juventud-2024-en-el-complejo-deportivo-el-palomar-de-la-unsj","status":"publish","type":"post","link":"https:\/\/vocesparalelas.com.ar\/sitio\/festival-de-la-juventud-2024-en-el-complejo-deportivo-el-palomar-de-la-unsj\/","title":{"rendered":"\u201cFestival de la Juventud 2024\u201d en el Complejo Deportivo \u00abEl Palomar\u00bb\u00a0de la UNSJ"},"content":{"rendered":"<p>La Secretar\u00eda de Comunicaci\u00f3n de la Universidad Nacional de San Juan invita a participar del \u201cFestival de la Juventud 2024\u201d, el S\u00e1bado, 28 de Septiembre, de 17 a 23 hs.; en el Complejo Deportivo \u00abEl Palomar\u00bb.<\/p>\n<p>La actividad es para estudiantes de la Universidad Nacional de San Juan de las diferentes Unidades Acad\u00e9micas y de los colegios Preuniversitarios, comunidad universitaria,\u00a0 j\u00f3venes de la comunidad en general; artistas y emprendedores locales.<\/p>\n<p>Cuenta con stands institucionales, feria de emprendedores de la Econom\u00eda Social y Solidaria y de la Feria de Uchis, artistas, m\u00fasica en vivo, Dj\u2019s, intervenciones, food trucks, kermes y transmisi\u00f3n en vivo por Xama TV.<\/p>\n<p>La entrada es un alimento no perecedero para destinar a comedores y merenderos. Para ello, pasa por los Centro de Estudiantes con el alimento no perecedero y la canjeas con la entrada.<\/p>\n<p><span style=\"color: #ff6600;\"><strong>\u00bfPor qu\u00e9 festejar?<\/strong><\/span><\/p>\n<p>El objetivo es generar un encuentro de j\u00f3venes que promueva la solidaridad, la defensa de la educaci\u00f3n p\u00fablica y el bienestar estudiantil a trav\u00e9s de actividades recreativas, culturales y educativas, en un contexto de dificultades econ\u00f3micas, donde la Universidad Nacional de San Juan act\u00fae como promotora de la alegr\u00eda y el compromiso social con sus estudiantes y con toda la comunidad sanjuanina.<\/p>\n<p>En un contexto econ\u00f3mico delicado en que estudiantes enfrentan dificultades para mantenerse en la universidad y participar plenamente de la vida estudiantil, es fundamental que la UNSJ sea tambi\u00e9n espacio de promoci\u00f3n del bienestar de estudiantes.<\/p>\n<p>El festejo tiene como prop\u00f3sito aliviar parte de la carga emocional y econ\u00f3mica de estudiantes a trav\u00e9s de un encuentro que refuerce el sentido de comunidad y pertenencia.<\/p>\n<p>Adem\u00e1s, la recolecci\u00f3n de alimentos no perecederos busca fomentar la solidaridad entre estudiantes. El esp\u00edritu del festejo, basado en la defensa de la educaci\u00f3n p\u00fablica, resalta la importancia de preservar y proteger este derecho, especialmente en tiempos de crisis.<\/p>\n<p>Este tipo de actividades permite que la comunidad estudiantil se sienta respaldada por su universidad, no solo en su formaci\u00f3n acad\u00e9mica: tambi\u00e9n en su desarrollo integral como personas con derecho al esparcimiento y como ciudadanos en compromiso con su entorno.<\/p>\n<p><strong><span style=\"color: #ff6600;\">M\u00e1s informaci\u00f3n<\/span><\/strong><\/p>\n<p>En las redes de Todav\u00eda Est\u00e1s Ah\u00ed<\/p>\n<p><a href=\"https:\/\/www.instagram.com\/todaviaestasahi\/?igsh=MWttYzd4azR0ajRzbQ%3D%3D\">https:\/\/www.instagram.com\/todaviaestasahi\/?igsh=MWttYzd4azR0ajRzbQ%3D%3D<\/a><\/p>\n<p>&nbsp;<\/p>\n<p><img loading=\"lazy\" decoding=\"async\" class=\"alignnone size-large wp-image-6496\" src=\"https:\/\/vocesparalelas.com.ar\/sitio\/wp-content\/uploads\/2017\/10\/EL-PALOMAR-16-800x450.jpg\" alt=\"\" width=\"800\" height=\"450\" srcset=\"https:\/\/vocesparalelas.com.ar\/sitio\/wp-content\/uploads\/2017\/10\/EL-PALOMAR-16-800x450.jpg 800w, https:\/\/vocesparalelas.com.ar\/sitio\/wp-content\/uploads\/2017\/10\/EL-PALOMAR-16-300x169.jpg 300w, https:\/\/vocesparalelas.com.ar\/sitio\/wp-content\/uploads\/2017\/10\/EL-PALOMAR-16-768x432.jpg 768w, https:\/\/vocesparalelas.com.ar\/sitio\/wp-content\/uploads\/2017\/10\/EL-PALOMAR-16.jpg 1024w\" sizes=\"auto, (max-width: 800px) 100vw, 800px\" \/><\/p>\n","protected":false},"excerpt":{"rendered":"<p>La Secretar\u00eda de Comunicaci\u00f3n de la Universidad Nacional de San Juan invita a participar del \u201cFestival de la Juventud 2024\u201d,<\/p>\n","protected":false},"author":3,"featured_media":77180,"comment_status":"closed","ping_status":"closed","sticky":false,"template":"","format":"standard","meta":{"_acf_changed":false,"_seopress_robots_primary_cat":"none","_seopress_titles_title":"","_seopress_titles_desc":"","_seopress_robots_index":"","colormag_page_container_layout":"default_layout","colormag_page_sidebar_layout":"default_layout","footnotes":""},"categories":[20],"tags":[],"class_list":["post-77177","post","type-post","status-publish","format-standard","has-post-thumbnail","hentry","category-cartelera"],"acf":[],"_links":{"self":[{"href":"https:\/\/vocesparalelas.com.ar\/sitio\/wp-json\/wp\/v2\/posts\/77177","targetHints":{"allow":["GET"]}}],"collection":[{"href":"https:\/\/vocesparalelas.com.ar\/sitio\/wp-json\/wp\/v2\/posts"}],"about":[{"href":"https:\/\/vocesparalelas.com.ar\/sitio\/wp-json\/wp\/v2\/types\/post"}],"author":[{"embeddable":true,"href":"https:\/\/vocesparalelas.com.ar\/sitio\/wp-json\/wp\/v2\/users\/3"}],"replies":[{"embeddable":true,"href":"https:\/\/vocesparalelas.com.ar\/sitio\/wp-json\/wp\/v2\/comments?post=77177"}],"version-history":[{"count":1,"href":"https:\/\/vocesparalelas.com.ar\/sitio\/wp-json\/wp\/v2\/posts\/77177\/revisions"}],"predecessor-version":[{"id":77181,"href":"https:\/\/vocesparalelas.com.ar\/sitio\/wp-json\/wp\/v2\/posts\/77177\/revisions\/77181"}],"wp:featuredmedia":[{"embeddable":true,"href":"https:\/\/vocesparalelas.com.ar\/sitio\/wp-json\/wp\/v2\/media\/77180"}],"wp:attachment":[{"href":"https:\/\/vocesparalelas.com.ar\/sitio\/wp-json\/wp\/v2\/media?parent=77177"}],"wp:term":[{"taxonomy":"category","embeddable":true,"href":"https:\/\/vocesparalelas.com.ar\/sitio\/wp-json\/wp\/v2\/categories?post=77177"},{"taxonomy":"post_tag","embeddable":true,"href":"https:\/\/vocesparalelas.com.ar\/sitio\/wp-json\/wp\/v2\/tags?post=77177"}],"curies":[{"name":"wp","href":"https:\/\/api.w.org\/{rel}","templated":true}]}}