{"id":77161,"date":"2024-09-21T16:29:46","date_gmt":"2024-09-21T19:29:46","guid":{"rendered":"https:\/\/vocesparalelas.com.ar\/sitio\/?p=77161"},"modified":"2024-09-24T01:53:38","modified_gmt":"2024-09-24T04:53:38","slug":"tres-programas-que-buscan-promover-el-desarrollo-cientifico-y-tecnologico-en-la-provincia-de-san-juan","status":"publish","type":"post","link":"https:\/\/vocesparalelas.com.ar\/sitio\/tres-programas-que-buscan-promover-el-desarrollo-cientifico-y-tecnologico-en-la-provincia-de-san-juan\/","title":{"rendered":"Tres Programas que buscan promover el desarrollo cient\u00edfico y tecnol\u00f3gico en la Provincia de San Juan"},"content":{"rendered":"<p>La Casa de Gobierno de San Juan, se luci\u00f3 con acad\u00e9micos e investigadores de la Universidad Nacional de San Juan, de la Universidad Cat\u00f3lica de Cuyo, de la Universidad del Congreso y de la Universidad Siglo XXI.<\/p>\n<p>En este contexto, el gobernador de San Juan, Dr. Marcelo Orrego junto al ministro de Producci\u00f3n, Trabajo e Innovaci\u00f3n, CPN Gustavo Fern\u00e1ndez; el secretario General de la Gobernaci\u00f3n, Lic. Emilio Achem; el secretario de Ciencia, Tecnolog\u00eda e Innovaci\u00f3n, Dr. German Von Euw y el director de Promoci\u00f3n de la Actividad Cient\u00edfica y Tecnol\u00f3gica, Dr. Federico Ramos presidieron el lanzamiento de tres Programas que buscan promover el desarrollo cient\u00edfico y tecnol\u00f3gico en la Provincia de San Juan.<\/p>\n<p>Es as\u00ed que el gobernador Dr. Marcelo Orrego destac\u00f3 que \u00abhoy quiero destacar lo importante que es para nosotros este d\u00eda, ya que estamos presentando tres programas. Uno de ellos es el Premio Domingo Faustino Sarmiento, que cumplimos hace 12 a\u00f1os por Ley, y valoro mucho el esfuerzo de los estudiantes para realizar sus tesis. Los otros dos programas est\u00e1n enfocados en la ciencia y la t\u00e9cnica, pilares fundamentales para el desarrollo de San Juan. Uno de ellos es para nuevos investigadores, un programa bien dise\u00f1ado que estoy seguro dar\u00e1 buenos resultados. La iniciativas que buscan potenciar a investigadores y profesionales de San Juan con un aporte del Gobierno de 127 millones de pesos. para ayudar a proyectos de investigaci\u00f3n\u00bb.<\/p>\n<p><iframe loading=\"lazy\" title=\"SAN JUAN GOBERNADOR DR MARCELO ORREGO\" width=\"800\" height=\"450\" src=\"https:\/\/www.youtube.com\/embed\/Wcy0kjDIz5M?feature=oembed\" frameborder=\"0\" allow=\"accelerometer; autoplay; clipboard-write; encrypted-media; gyroscope; picture-in-picture; web-share\" referrerpolicy=\"strict-origin-when-cross-origin\" allowfullscreen><\/iframe><\/p>\n<p>&nbsp;<\/p>\n<p>Posteriormente, el ministro de Producci\u00f3n, Trabajo e Innovaci\u00f3n, CPN Gustavo Fern\u00e1ndez describi\u00f3 que \u00abel premio Domingo Faustino Sarmiento busca apoyar a 10 tesistas de grado y 5 de posgrado, con una inversi\u00f3n de 4 millones de pesos, duplicando la asignaci\u00f3n respecto al a\u00f1o anterior. Adem\u00e1s, se lanza un programa provincial destinado a j\u00f3venes investigadores sanjuaninos, con un fondo de 20 millones de pesos, en colaboraci\u00f3n con las universidades presentes en la provincia. El programa de apoyo a la ciencia, que financiar\u00e1 con 15 millones de pesos a 7 proyectos de investigaci\u00f3n ya consolidados en las universidades de San Juan\u201d.<\/p>\n<p><iframe loading=\"lazy\" title=\"SAN JUAN MINISTRO CPN GUSTAVO FERN\u00c1NDEZ\" width=\"800\" height=\"450\" src=\"https:\/\/www.youtube.com\/embed\/wHlQU46ZWvU?feature=oembed\" frameborder=\"0\" allow=\"accelerometer; autoplay; clipboard-write; encrypted-media; gyroscope; picture-in-picture; web-share\" referrerpolicy=\"strict-origin-when-cross-origin\" allowfullscreen><\/iframe><\/p>\n<p><strong><span style=\"color: #ff6600;\">Propuestas<\/span><\/strong><\/p>\n<ul>\n<li>Premio Domingo Faustino Sarmiento 2024, que premiar\u00e1 las tesis m\u00e1s relevantes de grado y posgrado presentadas en San Juan. Se reconocer\u00e1n trabajos en cinco \u00e1reas estrat\u00e9gicas, agregado de valor a la producci\u00f3n local, energ\u00edas renovables, econom\u00eda del conocimiento, eficiencia en el uso de recursos naturales y sostenibilidad, y desarrollo de nuevos sectores productivos. Se premiar\u00e1n 10 tesis de grado con $200.000 cada una y 5 tesis de posgrado con $400.000, lo que totaliza $4.000.000 en premios. La convocatoria estar\u00e1 abierta del 30 de septiembre al 18 de octubre.<\/li>\n<li>PRONIS 2024, tiene como objetivo apoyar a investigadores que est\u00e1n dando sus primeros pasos en la ciencia, con un enfoque en \u00e1reas estrat\u00e9gicas para San Juan. Los temas incluyen sostenibilidad, salud, econom\u00eda del conocimiento, y desarrollos en sectores productivos y STEM (Ciencia, Tecnolog\u00eda, Ingenier\u00eda y Matem\u00e1ticas). El fondo destinado a este programa es de $18.000.000, financiado por la Secretar\u00eda de Ciencia y T\u00e9cnica. Se distribuir\u00e1 entre la Universidad Nacional de San Juan (UNSJ), la Universidad Cat\u00f3lica de Cuyo y participar\u00e1n por primera vez la Universidad del Congreso y la Universidad Siglo XXI.<\/li>\n<li>Apoyarnos en la Ciencia tiene como finalidad promover la transferencia de conocimientos cient\u00edficos para la resoluci\u00f3n de problemas concretos en la provincia. Los proyectos deber\u00e1n centrarse en \u00e1reas como la sostenibilidad, la salud, la miner\u00eda, la biotecnolog\u00eda y la econom\u00eda del conocimiento. La Secretar\u00eda de Ciencia y T\u00e9cnica otorgar\u00e1 un Aporte No Reembolsable (ANR) de hasta $15.000.000 para financiar las iniciativas seleccionadas.<\/li>\n<\/ul>\n<p><span style=\"color: #ff6600;\"><strong>Atenci\u00f3n a los investigadores de San Juan<\/strong><\/span><\/p>\n<p>A partir del Martes, 24 de Septiembre de 2024, las bases se publican en la Web del Ministerio de Producci\u00f3n, Trabajo e Innovaci\u00f3n del Gobierno de San Juan. Adem\u00e1s, en sus redes sociales.<\/p>\n<p><a href=\"https:\/\/produccion.sanjuan.gob.ar\/\">https:\/\/produccion.sanjuan.gob.ar\/<\/a><\/p>\n<p>&nbsp;<\/p>\n<p><img loading=\"lazy\" decoding=\"async\" class=\"alignnone size-full wp-image-77148\" src=\"https:\/\/vocesparalelas.com.ar\/sitio\/wp-content\/uploads\/2024\/09\/SAN-JUAN-PREMIO-SARMIENTO-02.jpg\" alt=\"\" width=\"800\" height=\"533\" srcset=\"https:\/\/vocesparalelas.com.ar\/sitio\/wp-content\/uploads\/2024\/09\/SAN-JUAN-PREMIO-SARMIENTO-02.jpg 800w, https:\/\/vocesparalelas.com.ar\/sitio\/wp-content\/uploads\/2024\/09\/SAN-JUAN-PREMIO-SARMIENTO-02-300x200.jpg 300w, https:\/\/vocesparalelas.com.ar\/sitio\/wp-content\/uploads\/2024\/09\/SAN-JUAN-PREMIO-SARMIENTO-02-768x512.jpg 768w\" sizes=\"auto, (max-width: 800px) 100vw, 800px\" \/><\/p>\n<div class=\"xt-youtube-video-optimizer hd-thumbnail\" data-class=\"embera-embed-responsive-item embera-embed-responsive-item-video\" data-frameborder=\"0\" data-allow=\"accelerometer; autoplay; clipboard-write; encrypted-media; gyroscope; picture-in-picture; web-share\" data-allowfullscreen=\"\" data-title=\"El Gobierno lanz\u00f3 un premio y programas por $127 millones para impulsar la ciencia y la innovaci\u00f3n\" data-id=\"D1JH_zAbj2g\"><\/div>\n","protected":false},"excerpt":{"rendered":"<p>La Casa de Gobierno de San Juan, se luci\u00f3 con acad\u00e9micos e investigadores de la Universidad Nacional de San Juan,<\/p>\n","protected":false},"author":3,"featured_media":77147,"comment_status":"closed","ping_status":"closed","sticky":false,"template":"","format":"standard","meta":{"_acf_changed":false,"_seopress_robots_primary_cat":"none","_seopress_titles_title":"","_seopress_titles_desc":"","_seopress_robots_index":"","colormag_page_container_layout":"default_layout","colormag_page_sidebar_layout":"default_layout","footnotes":""},"categories":[8,7],"tags":[],"class_list":["post-77161","post","type-post","status-publish","format-standard","has-post-thumbnail","hentry","category-concursos","category-videos"],"acf":[],"_links":{"self":[{"href":"https:\/\/vocesparalelas.com.ar\/sitio\/wp-json\/wp\/v2\/posts\/77161","targetHints":{"allow":["GET"]}}],"collection":[{"href":"https:\/\/vocesparalelas.com.ar\/sitio\/wp-json\/wp\/v2\/posts"}],"about":[{"href":"https:\/\/vocesparalelas.com.ar\/sitio\/wp-json\/wp\/v2\/types\/post"}],"author":[{"embeddable":true,"href":"https:\/\/vocesparalelas.com.ar\/sitio\/wp-json\/wp\/v2\/users\/3"}],"replies":[{"embeddable":true,"href":"https:\/\/vocesparalelas.com.ar\/sitio\/wp-json\/wp\/v2\/comments?post=77161"}],"version-history":[{"count":3,"href":"https:\/\/vocesparalelas.com.ar\/sitio\/wp-json\/wp\/v2\/posts\/77161\/revisions"}],"predecessor-version":[{"id":77174,"href":"https:\/\/vocesparalelas.com.ar\/sitio\/wp-json\/wp\/v2\/posts\/77161\/revisions\/77174"}],"wp:featuredmedia":[{"embeddable":true,"href":"https:\/\/vocesparalelas.com.ar\/sitio\/wp-json\/wp\/v2\/media\/77147"}],"wp:attachment":[{"href":"https:\/\/vocesparalelas.com.ar\/sitio\/wp-json\/wp\/v2\/media?parent=77161"}],"wp:term":[{"taxonomy":"category","embeddable":true,"href":"https:\/\/vocesparalelas.com.ar\/sitio\/wp-json\/wp\/v2\/categories?post=77161"},{"taxonomy":"post_tag","embeddable":true,"href":"https:\/\/vocesparalelas.com.ar\/sitio\/wp-json\/wp\/v2\/tags?post=77161"}],"curies":[{"name":"wp","href":"https:\/\/api.w.org\/{rel}","templated":true}]}}