{"id":77152,"date":"2024-09-21T11:52:47","date_gmt":"2024-09-21T14:52:47","guid":{"rendered":"https:\/\/vocesparalelas.com.ar\/sitio\/?p=77152"},"modified":"2024-09-24T00:50:43","modified_gmt":"2024-09-24T03:50:43","slug":"se-activo-el-plan-integral-provincial-para-el-abordaje-de-dengue-chikungunya-y-zika-2024-2025-en-san-juan","status":"publish","type":"post","link":"https:\/\/vocesparalelas.com.ar\/sitio\/se-activo-el-plan-integral-provincial-para-el-abordaje-de-dengue-chikungunya-y-zika-2024-2025-en-san-juan\/","title":{"rendered":"Se activ\u00f3 el Plan Integral Provincial para el abordaje de Dengue, Chikungunya y Zika 2024-2025 en San Juan"},"content":{"rendered":"<p>En Casa de Gobierno de San Juan, se activ\u00f3 el Plan Integral Provincial para el abordaje de Dengue, Chikungunya y Zika 2024-2025 por el gobernador Dr. Marcelo Orrego y el Ministro de Salud, Dr. Amilcar Dobladez.<\/p>\n<p><strong><span style=\"color: #ff0000;\">Documento Adjunto Plan Integral Provincial para el abordaje de Dengue, Chikungunya y Zika 2024-2025<\/span><\/strong><\/p>\n<p><a href=\"https:\/\/vocesparalelas.com.ar\/sitio\/wp-content\/uploads\/2024\/09\/San-Juan-Plan-Dengue.pdf\">San Juan-Plan Dengue<\/a><\/p>\n<p><img loading=\"lazy\" decoding=\"async\" class=\"alignnone size-full wp-image-28072\" src=\"https:\/\/vocesparalelas.com.ar\/sitio\/wp-content\/uploads\/2020\/05\/DENGUE-MOSQUITO.jpg\" alt=\"\" width=\"800\" height=\"480\" srcset=\"https:\/\/vocesparalelas.com.ar\/sitio\/wp-content\/uploads\/2020\/05\/DENGUE-MOSQUITO.jpg 800w, https:\/\/vocesparalelas.com.ar\/sitio\/wp-content\/uploads\/2020\/05\/DENGUE-MOSQUITO-300x180.jpg 300w, https:\/\/vocesparalelas.com.ar\/sitio\/wp-content\/uploads\/2020\/05\/DENGUE-MOSQUITO-768x461.jpg 768w\" sizes=\"auto, (max-width: 800px) 100vw, 800px\" \/><\/p>\n<p><span style=\"color: #ff0000;\"><strong>Las claves del plan<\/strong><\/span><\/p>\n<p>Este Plan cuenta con 4 fases, teniendo en cuenta la situaci\u00f3n epidemiol\u00f3gica y las recomendaciones de la Organizaci\u00f3n Panamericana de la Salud (OPS) y del Ministerio de Salud de la Naci\u00f3n.<\/p>\n<ol>\n<li>Fase de preparaci\u00f3n<\/li>\n<li>Fase alerta temprana<\/li>\n<li>Fase de respuesta al brote<\/li>\n<li>Fase de recuperaci\u00f3n<\/li>\n<\/ol>\n<p>Por ello, el Gobernador de San Juan, Dr. Marcelo Orrego destac\u00f3 que \u201choy anunciamos la implementaci\u00f3n del Plan Provincial Integral de Abordaje contra el Dengue, un paso fundamental para proteger la salud de los sanjuaninos. Este plan, en sinton\u00eda con las directrices de la Organizaci\u00f3n Panamericana de la Salud, la Organizaci\u00f3n Mundial de la Salud y el Consejo Federal de Salud, se enfoca en la prevenci\u00f3n como eje principal\u00bb.<\/p>\n<p><iframe loading=\"lazy\" title=\"SAN JUAN GOBERNADOR DR MARCELO ORREGO\" width=\"800\" height=\"450\" src=\"https:\/\/www.youtube.com\/embed\/TQiPpm4OSLs?feature=oembed\" frameborder=\"0\" allow=\"accelerometer; autoplay; clipboard-write; encrypted-media; gyroscope; picture-in-picture; web-share\" referrerpolicy=\"strict-origin-when-cross-origin\" allowfullscreen><\/iframe><\/p>\n<p>Luego, el ministro de Salud, Dr. Amilcar Dobladez explic\u00f3 que \u00abel plan se estructura en cuatro fases para afrontar el brote de dengue previsto para el 2025\u00bb.<\/p>\n<p>\u00abLa primera fase, ya en marcha hasta el 1 de noviembre, se centra en la concientizaci\u00f3n y la difusi\u00f3n de informaci\u00f3n. Se busca educar a la poblaci\u00f3n sobre la importancia de eliminar criaderos de mosquitos en los hogares, ya que el control del vector comienza en casa. Para ello, utilizaremos medios de comunicaci\u00f3n, redes sociales y p\u00e1ginas oficiales, en colaboraci\u00f3n con los municipios, que ya est\u00e1n trabajando en la limpieza de cunetas, espacios verdes y bald\u00edos.<\/p>\n<p>\u00abEsta etapa tambi\u00e9n incluye un trabajo interministerial. Por ejemplo, el Ministerio de Educaci\u00f3n est\u00e1 formando a directores, docentes y personal escolar para mantener las instituciones limpias y concienciar a los alumnos. De igual manera, se colabora con el Ministerio de Deportes para el mantenimiento de los clubes. Adem\u00e1s, se refuerza la capacitaci\u00f3n del personal de salud para la identificaci\u00f3n temprana de casos\u00bb.<\/p>\n<p>\u00abLa segunda fase, que comenzar\u00e1 el 1 de noviembre, dar\u00e1 continuidad a las acciones de la primera, reforzando la preparaci\u00f3n del personal y abordando los primeros casos, que probablemente\u00a0sean importados. Se implementar\u00e1n operativos casa por casa para vacunar a quienes hayan padecido dengue, seg\u00fan los registros del CISA, as\u00ed como al personal de salud y seguridad. La tercera fase corresponde a la respuesta al brote cuando ya haya circulaci\u00f3n viral local. Se fortalecer\u00e1 los recursos de salud para contener el aumento de casos, evitando que la situaci\u00f3n se descontrole\u00bb.<\/p>\n<p><iframe loading=\"lazy\" title=\"SAN JUAN MINISTRO DR AMILCAR DOBLADEZ\" width=\"800\" height=\"450\" src=\"https:\/\/www.youtube.com\/embed\/RdLNo9nx-Vw?feature=oembed\" frameborder=\"0\" allow=\"accelerometer; autoplay; clipboard-write; encrypted-media; gyroscope; picture-in-picture; web-share\" referrerpolicy=\"strict-origin-when-cross-origin\" allowfullscreen><\/iframe><\/p>\n<p>Finalmente, describi\u00f3 la Tercera y Cuarta fase<\/p>\n<p><iframe loading=\"lazy\" title=\"SAN JUAN MINISTRO DR AMILCAR DOBLADEZ\" width=\"800\" height=\"450\" src=\"https:\/\/www.youtube.com\/embed\/AjNpNQhu_FM?feature=oembed\" frameborder=\"0\" allow=\"accelerometer; autoplay; clipboard-write; encrypted-media; gyroscope; picture-in-picture; web-share\" referrerpolicy=\"strict-origin-when-cross-origin\" allowfullscreen><\/iframe><\/p>\n<p>El plan pone foco especial en el saneamiento ambiental entre los municipios, instituciones gubernamentales y la comunidad. Adem\u00e1s de la recolecci\u00f3n y descarte de objetos en desuso en domicilios y peridomiciliarios<\/p>\n<p>Por otro lado, hay que tener en cuenta que se invirti\u00f3 en la adquisici\u00f3n de reactivos, medicamentos para el tratamiento, insumos, insecticidas, larvicidas y repelentes, adem\u00e1s de las vacunas con son una herramienta m\u00e1s de prevenci\u00f3n.<\/p>\n<p>En cuanto a las vacunas son una herramienta para prevenir el dengue. Para ello, el Gobierno de la provincia adquiri\u00f3 42.000 dosis para alcanzar a 21.000 personas. En este sentido, se colocar\u00e1n las 21.000 dosis en la primera etapa y a los 3 meses, la segunda dosis.<\/p>\n<p>Los destinatarios de la vacunaci\u00f3n ser\u00e1n personas de entre 4 a 59 a\u00f1os con antecedentes de enfermedad de dengue, debidamente notificados en el sistema de salud \u2013 SISA- (2.500 personas aproximadamente), personal de Salud del sector p\u00fablico y privado y personal de seguridad (Fuerzas de Seguridad, Bomberos y Defensa Civil).<\/p>\n<p>La colocaci\u00f3n de vacunas se realiza entre la segunda y tercera semana de Octubre, teniendo en cuenta la log\u00edstica y recepci\u00f3n de entrega de las vacunas.<\/p>\n<p><strong><span style=\"color: #ff0000;\">La colocaci\u00f3n de las vacunas se tiene en cuenta el siguiente escalonamiento en esta primera etapa:<\/span><\/strong><\/p>\n<ul>\n<li>Las personas que fueron confirmadas como casos positivos de dengue y que se notificaron el sistema sanitario \u2013 SISA .<\/li>\n<li>Los equipos de salud del sector p\u00fablico y privado, teniendo en cuenta los lineamientos epidemiol\u00f3gicos de cuidar a quienes nos cuidan.<\/li>\n<li>Las personas que fueron confirmadas de dengue positivo y cargados en el sistema de Salud, acceden a un QR que est\u00e1 disponible en los Centros de Salud, redes sociales y ciudadano digital, en el que deben completar un formulario y posterior verificaci\u00f3n del sistema, se env\u00eda Whatsapp a la persona el respectivo d\u00eda y horario de turno para la administraci\u00f3n de la vacuna.<\/li>\n<li>Los equipos de salud tienen disponible la vacunaci\u00f3n en el Vacunatorio Central, hospitales y centros de Salud.<\/li>\n<\/ul>\n<p>&nbsp;<\/p>\n<p><img loading=\"lazy\" decoding=\"async\" class=\"alignnone size-full wp-image-77150\" src=\"https:\/\/vocesparalelas.com.ar\/sitio\/wp-content\/uploads\/2024\/09\/SAN-JUAN-PLAN-DENGUE-02.jpg\" alt=\"\" width=\"800\" height=\"533\" srcset=\"https:\/\/vocesparalelas.com.ar\/sitio\/wp-content\/uploads\/2024\/09\/SAN-JUAN-PLAN-DENGUE-02.jpg 800w, https:\/\/vocesparalelas.com.ar\/sitio\/wp-content\/uploads\/2024\/09\/SAN-JUAN-PLAN-DENGUE-02-300x200.jpg 300w, https:\/\/vocesparalelas.com.ar\/sitio\/wp-content\/uploads\/2024\/09\/SAN-JUAN-PLAN-DENGUE-02-768x512.jpg 768w\" sizes=\"auto, (max-width: 800px) 100vw, 800px\" \/><\/p>\n","protected":false},"excerpt":{"rendered":"<p>En Casa de Gobierno de San Juan, se activ\u00f3 el Plan Integral Provincial para el abordaje de Dengue, Chikungunya y<\/p>\n","protected":false},"author":3,"featured_media":77149,"comment_status":"closed","ping_status":"closed","sticky":false,"template":"","format":"standard","meta":{"_acf_changed":false,"_seopress_robots_primary_cat":"none","_seopress_titles_title":"","_seopress_titles_desc":"","_seopress_robots_index":"","colormag_page_container_layout":"default_layout","colormag_page_sidebar_layout":"default_layout","footnotes":""},"categories":[2,7],"tags":[],"class_list":["post-77152","post","type-post","status-publish","format-standard","has-post-thumbnail","hentry","category-convocatorias","category-videos"],"acf":[],"_links":{"self":[{"href":"https:\/\/vocesparalelas.com.ar\/sitio\/wp-json\/wp\/v2\/posts\/77152","targetHints":{"allow":["GET"]}}],"collection":[{"href":"https:\/\/vocesparalelas.com.ar\/sitio\/wp-json\/wp\/v2\/posts"}],"about":[{"href":"https:\/\/vocesparalelas.com.ar\/sitio\/wp-json\/wp\/v2\/types\/post"}],"author":[{"embeddable":true,"href":"https:\/\/vocesparalelas.com.ar\/sitio\/wp-json\/wp\/v2\/users\/3"}],"replies":[{"embeddable":true,"href":"https:\/\/vocesparalelas.com.ar\/sitio\/wp-json\/wp\/v2\/comments?post=77152"}],"version-history":[{"count":3,"href":"https:\/\/vocesparalelas.com.ar\/sitio\/wp-json\/wp\/v2\/posts\/77152\/revisions"}],"predecessor-version":[{"id":77160,"href":"https:\/\/vocesparalelas.com.ar\/sitio\/wp-json\/wp\/v2\/posts\/77152\/revisions\/77160"}],"wp:featuredmedia":[{"embeddable":true,"href":"https:\/\/vocesparalelas.com.ar\/sitio\/wp-json\/wp\/v2\/media\/77149"}],"wp:attachment":[{"href":"https:\/\/vocesparalelas.com.ar\/sitio\/wp-json\/wp\/v2\/media?parent=77152"}],"wp:term":[{"taxonomy":"category","embeddable":true,"href":"https:\/\/vocesparalelas.com.ar\/sitio\/wp-json\/wp\/v2\/categories?post=77152"},{"taxonomy":"post_tag","embeddable":true,"href":"https:\/\/vocesparalelas.com.ar\/sitio\/wp-json\/wp\/v2\/tags?post=77152"}],"curies":[{"name":"wp","href":"https:\/\/api.w.org\/{rel}","templated":true}]}}