{"id":77129,"date":"2024-09-20T18:32:16","date_gmt":"2024-09-20T21:32:16","guid":{"rendered":"https:\/\/vocesparalelas.com.ar\/sitio\/?p=77129"},"modified":"2024-09-21T23:36:58","modified_gmt":"2024-09-22T02:36:58","slug":"la-policia-de-san-juan-con-un-operativo-de-control-en-la-festi-joven-2024","status":"publish","type":"post","link":"https:\/\/vocesparalelas.com.ar\/sitio\/la-policia-de-san-juan-con-un-operativo-de-control-en-la-festi-joven-2024\/","title":{"rendered":"La Polic\u00eda de San Juan con un operativo de control en la Festi Joven 2024"},"content":{"rendered":"<p>La Polic\u00eda de San Juan trabaja en las medidas de seguridad y control, para los festejos del S\u00e1bado, 21 de Septiembre, el emblem\u00e1tico Parque de Mayo se transforma en el epicentro de la celebraci\u00f3n del Festi Joven 2024, un evento que espera congregar a miles de j\u00f3venes para celebrar la llegada de la primavera.<\/p>\n<p>Para garantizar la seguridad y el buen desarrollo del festival, la Secretar\u00eda de Estado de Seguridad y Orden P\u00fablic del Gobierno de San Juan, a trav\u00e9s de la Polic\u00eda de San Juan, desarrolla un operativo especial que incluye el vallado total del parque y m\u00faltiples ingresos controlados; desde las 08 hasta la finalizaci\u00f3n del evento, asegurando as\u00ed, un entorno seguro para todos los asistentes.<\/p>\n<p><strong><span style=\"color: #ff6600;\">Se han dispuesto seis ingresos donde los asistentes pueden acceder al evento:<\/span><\/strong><\/p>\n<ul>\n<li>Ingreso 1: Avenida Libertador y Calle Las Heras.<\/li>\n<li>Ingreso 2 (Alternativo): Calle Las Heras, frente al Conte Grand.<\/li>\n<li>Ingreso 3: Calle 25 de Mayo.<\/li>\n<li>Ingreso 4: Calle Urquiza y 25 de Mayo.<\/li>\n<li>Ingreso 5: Calle Urquiza y Calle San Luis.<\/li>\n<li>Ingreso 6: Avenida Libertador (lateral de Lawn Tenis Club).<\/li>\n<\/ul>\n<p>Adem\u00e1s, se habilita un espacio para la contenci\u00f3n de ni\u00f1os extraviados, ubicada en el \u00e1rea del evento.<\/p>\n<p><strong><span style=\"color: #ff6600;\">El operativo tambi\u00e9n incluir\u00e1 un Centro de Operaciones de Emergencia &#8211; C.O.E &#8211; donde se centran integrantes de:<\/span><\/strong><\/p>\n<ul>\n<li>Direcci\u00f3n de Operaciones D-3 de la Polic\u00eda de San Juan<\/li>\n<li>Protecci\u00f3n Civil<\/li>\n<li>Salud P\u00fablica<\/li>\n<li>Organizaci\u00f3n del evento<\/li>\n<\/ul>\n<p>Los ba\u00f1os qu\u00edmicos se encuentran en puntos claves del parque de Mayo, espec\u00edficamente sobre 25 de Mayo y en las calles internas, para garantizar la comodidad de quienes asistan.<\/p>\n<p>Cabe destacar, la importancia de seguir las indicaciones de los agentes de seguridad y mantenerse alerta para disfrutar de la jornada.<\/p>\n<p><span style=\"color: #ff6600;\"><strong>Para tener en cuenta<\/strong><\/span><\/p>\n<p>Se establecen desv\u00edos temporales y se cuenta con la presencia de la Direcci\u00f3n de Coordinaci\u00f3n, Planificaci\u00f3n y Control de la Seguridad Vial D-7 de la Polic\u00eda de San Juan, para facilitar la movilidad y minimizar inconvenientes.<\/p>\n<p><strong><span style=\"color: #ff6600;\">Es importante, respetar las indicaciones de los efectivos policiales durante estos cortes:<\/span><\/strong><\/p>\n<ul>\n<li>Av. Libertador Gral. San Mart\u00edn y calle Urquiza, se establece corte definitivo a partir de las 08:30 hs.<\/li>\n<li>Calles Las Heras y 25 de Mayo, calles Espa\u00f1a y San Luis, Av. Libertador y calle Las Heras, se hace regulaci\u00f3n de tr\u00e1nsito a partir de las 08:30 h., una vez la zona completa de personas, a posterior ser\u00e1 corte total.<\/li>\n<li>Entre calles Ramon y Cajal y San Luis, calles Ramon y Cajal y San Isidro, calles Urquiza y 25 de Mayo, calles Maip\u00fa y Maradona; desde las 12:00 hs., son los posibles cortes definitivos seg\u00fan la afluencia de personas.<\/li>\n<\/ul>\n<p><img loading=\"lazy\" decoding=\"async\" class=\"alignnone size-full wp-image-45045\" src=\"https:\/\/vocesparalelas.com.ar\/sitio\/wp-content\/uploads\/2021\/12\/POLICIA-SAN-JUAN.jpg\" alt=\"\" width=\"782\" height=\"522\" srcset=\"https:\/\/vocesparalelas.com.ar\/sitio\/wp-content\/uploads\/2021\/12\/POLICIA-SAN-JUAN.jpg 782w, https:\/\/vocesparalelas.com.ar\/sitio\/wp-content\/uploads\/2021\/12\/POLICIA-SAN-JUAN-300x200.jpg 300w, https:\/\/vocesparalelas.com.ar\/sitio\/wp-content\/uploads\/2021\/12\/POLICIA-SAN-JUAN-768x513.jpg 768w\" sizes=\"auto, (max-width: 782px) 100vw, 782px\" \/><\/p>\n","protected":false},"excerpt":{"rendered":"<p>La Polic\u00eda de San Juan trabaja en las medidas de seguridad y control, para los festejos del S\u00e1bado, 21 de<\/p>\n","protected":false},"author":3,"featured_media":59001,"comment_status":"closed","ping_status":"closed","sticky":false,"template":"","format":"standard","meta":{"_acf_changed":false,"_seopress_robots_primary_cat":"none","_seopress_titles_title":"","_seopress_titles_desc":"","_seopress_robots_index":"","colormag_page_container_layout":"default_layout","colormag_page_sidebar_layout":"default_layout","footnotes":""},"categories":[1],"tags":[],"class_list":["post-77129","post","type-post","status-publish","format-standard","has-post-thumbnail","hentry","category-destacadas"],"acf":[],"_links":{"self":[{"href":"https:\/\/vocesparalelas.com.ar\/sitio\/wp-json\/wp\/v2\/posts\/77129","targetHints":{"allow":["GET"]}}],"collection":[{"href":"https:\/\/vocesparalelas.com.ar\/sitio\/wp-json\/wp\/v2\/posts"}],"about":[{"href":"https:\/\/vocesparalelas.com.ar\/sitio\/wp-json\/wp\/v2\/types\/post"}],"author":[{"embeddable":true,"href":"https:\/\/vocesparalelas.com.ar\/sitio\/wp-json\/wp\/v2\/users\/3"}],"replies":[{"embeddable":true,"href":"https:\/\/vocesparalelas.com.ar\/sitio\/wp-json\/wp\/v2\/comments?post=77129"}],"version-history":[{"count":1,"href":"https:\/\/vocesparalelas.com.ar\/sitio\/wp-json\/wp\/v2\/posts\/77129\/revisions"}],"predecessor-version":[{"id":77132,"href":"https:\/\/vocesparalelas.com.ar\/sitio\/wp-json\/wp\/v2\/posts\/77129\/revisions\/77132"}],"wp:featuredmedia":[{"embeddable":true,"href":"https:\/\/vocesparalelas.com.ar\/sitio\/wp-json\/wp\/v2\/media\/59001"}],"wp:attachment":[{"href":"https:\/\/vocesparalelas.com.ar\/sitio\/wp-json\/wp\/v2\/media?parent=77129"}],"wp:term":[{"taxonomy":"category","embeddable":true,"href":"https:\/\/vocesparalelas.com.ar\/sitio\/wp-json\/wp\/v2\/categories?post=77129"},{"taxonomy":"post_tag","embeddable":true,"href":"https:\/\/vocesparalelas.com.ar\/sitio\/wp-json\/wp\/v2\/tags?post=77129"}],"curies":[{"name":"wp","href":"https:\/\/api.w.org\/{rel}","templated":true}]}}