{"id":77122,"date":"2024-09-20T21:03:41","date_gmt":"2024-09-21T00:03:41","guid":{"rendered":"https:\/\/vocesparalelas.com.ar\/sitio\/?p=77122"},"modified":"2024-09-23T23:35:14","modified_gmt":"2024-09-24T02:35:14","slug":"9-encuentro-nacional-de-musica-y-educacion-del-momusi-y-2-jornadas-provinciales-de-educacion-artistica-en-san-juan","status":"publish","type":"post","link":"https:\/\/vocesparalelas.com.ar\/sitio\/9-encuentro-nacional-de-musica-y-educacion-del-momusi-y-2-jornadas-provinciales-de-educacion-artistica-en-san-juan\/","title":{"rendered":"9\u00b0 Encuentro Nacional de M\u00fasica y Educaci\u00f3n del MOMUSI y 2\u00b0 Jornadas Provinciales de Educaci\u00f3n Art\u00edstica en San Juan"},"content":{"rendered":"<p>El Jueves, 3 y el Viernes, 4 de Octubre de 2024, de 8 a 20,30 hs. se desarrolla en San Juan\u00a09\u00b0 Encuentro Nacional de M\u00fasica y Educaci\u00f3n del MOMUSI y 2\u00b0 Jornadas Provinciales de Educaci\u00f3n Art\u00edstica<\/p>\n<ul>\n<li><span style=\"font-weight: 400;\">Declarado de Inter\u00e9s Educativo, Social y Cultural por parte de la <\/span><span style=\"font-weight: 400;\">C\u00e1mara de Diputados de la provincia Decreto N\u00b0 498-P-2024<\/span><\/li>\n<li><span style=\"font-weight: 400;\">Resoluci\u00f3n en tr\u00e1mite\u00a0<\/span><\/li>\n<\/ul>\n<p><span style=\"font-weight: 400;\">El Movimiento de M\u00fasica para Ni\u00f1as y Ni\u00f1os &#8211; MOMUSI &#8211; (IGJ 329) naci\u00f3 en 1997 es una asociaci\u00f3n Civil, sin fines de lucro, conformada por m\u00e1s de 40 grupos, entre ellos m\u00fasicos, compositores, int\u00e9rpretes, docentes e investigadores que trabajan en la recuperaci\u00f3n de los sonidos, las voces, las canciones y los juegos dedicados a la infancia conformados en 7 Sedes<\/span><span style=\"font-weight: 400;\">. Desde entonces a la fecha se promueve activamente la creaci\u00f3n, transmisi\u00f3n y difusi\u00f3n de la m\u00fasica para la ni\u00f1ez.<\/span><\/p>\n<p><span style=\"font-weight: 400;\">Desde el 2016, se llevan a cabo los\u00a0<\/span>Encuentros de M\u00fasica y Educaci\u00f3n <span style=\"font-weight: 400;\">junto a diferentes ciudades de Argentina y el exterior del pa\u00eds. Entre ellas se encuentra la Sede San Juan- Regi\u00f3n Cuyo. En\u00a0 2024, se plantea un nuevo desaf\u00edo y la oportunidad de organizar el <\/span>9\u00b0 Encuentro Nacional de M\u00fasica y Educaci\u00f3n &#8211; ENME &#8211;<span style=\"font-weight: 400;\"> en la provincia de San Juan, a partir de la coordinaci\u00f3n de las Sedes que conforman la Red a Nivel Nacional.<\/span><\/p>\n<p><span style=\"font-weight: 400;\">Este evento\u00a0 pretende\u00a0 constituirse en un disparador cultural, contribuyendo con su propuesta interdisciplinar al desarrollo de la lengua materna y de la Alfabetizaci\u00f3n Inicial, en consonancia con\u00a0 el Plan Jurisdiccional de Alfabetizaci\u00f3n de la provincia de San Juan (2024-2027) que consta en el Anexo de Res. CFE N\u00b0 471\/2024 y se articula con los ejes contenidos en la Pol\u00edtica Nacional de Alfabetizaci\u00f3n (Res. CFE N\u00b0 465\/24. Anexo). <\/span><\/p>\n<p><span style=\"font-weight: 400;\">En dichas normativas, se entiende\u00a0 por alfabetizaci\u00f3n\u00a0 al desarrollo de las habilidades ling\u00fc\u00edsticas, cognitivas y socioemocionales necesarias para el ingreso al mundo de los conocimientos (ciencia, arte, lenguajes simb\u00f3licos y matem\u00e1ticos) que la humanidad produjo durante su historia. <\/span><\/p>\n<p><span style=\"font-weight: 400;\">De este modo, se trasciende el concepto tradicional de alfabetizaci\u00f3n, a saber, como\u00a0 un acto aislado\u00a0 (limitado a los primeros a\u00f1os) para implicar adem\u00e1s, el aprendizaje de lenguajes complejos, creados por la cultura en un mundo din\u00e1mico y en constante cambio, con la consiguiente responsabilidad social de ser abordada.<\/span><\/p>\n<p><span style=\"font-weight: 400;\">En este marco se propone la realizaci\u00f3n de las <\/span>2\u00b0 Jornadas Provinciales de Educaci\u00f3n Art\u00edstica &#8211; JoPEA &#8211; <span style=\"font-weight: 400;\"><strong>c<\/strong>on actividades que involucran a otros lenguajes art\u00edsticos para trabajadores de la educaci\u00f3n, la cultura y otras \u00e1reas afines a la\u00a0<\/span><span style=\"font-weight: 400;\">tem\u00e1tica. Puntualmente desde un equipo interdisciplinario<\/span><span style=\"font-weight: 400;\"> del ISFD de la Escuela Normal Superior \u201cGral. San Mart\u00edn\u201d &#8211; ENSGSM &#8211;\u00a0 surge \u00a0la iniciativa de concretar, tras la realizaci\u00f3n en el 2023 de la primera edici\u00f3n, las 2\u00b0 JoPEA, brindando un espacio para la alfabetizaci\u00f3n y el desarrollo de\u00a0 experiencias est\u00e9ticas en diversos entornos educativos, reflexionando acerca de la importancia del arte y la sensibilizaci\u00f3n en los procesos de ense\u00f1anza y de aprendizaje, desde la exploraci\u00f3n de materiales convencionales y no convencionales, resignificando su po\u00e9tica\u00a0 (a partir de distintos lenguajes art\u00edsticos).<\/span><\/p>\n<p><strong><span style=\"color: #ff6600;\">Destinatarios<\/span><\/strong><\/p>\n<ul>\n<li>Docentes de los diferentes niveles y modalidades<\/li>\n<li>Estudiantes avanzados y<\/li>\n<li>P\u00fablico en general.<\/li>\n<\/ul>\n<p><span style=\"color: #ff6600;\"><b>Contenidos<\/b><\/span><\/p>\n<ul>\n<li style=\"font-weight: 400;\" aria-level=\"1\"><span style=\"font-weight: 400;\">Los lenguajes art\u00edsticos dentro del sistema educativo y sus aportes a la alfabetizaci\u00f3n.<\/span><\/li>\n<li style=\"font-weight: 400;\" aria-level=\"1\"><span style=\"font-weight: 400;\">El desarrollo de experiencias est\u00e9ticas como fuente de conocimiento en diversos entornos educativos.<\/span><\/li>\n<li style=\"font-weight: 400;\" aria-level=\"1\"><span style=\"font-weight: 400;\">Los materiales, recursos y herramientas disponibles para el abordaje de los diversos lenguajes art\u00edsticos. Sus posibilidades dentro y fuera del aula.<\/span><\/li>\n<li style=\"font-weight: 400;\" aria-level=\"1\"><span style=\"font-weight: 400;\">La Interdisciplina entre las artes visuales, la m\u00fasica, la literatura, el teatro, la danza y la expresi\u00f3n corporal en escenarios educativos<\/span><b>.<\/b><\/li>\n<\/ul>\n<p><span style=\"color: #ff6600;\"><strong>Cronograma<\/strong><\/span><\/p>\n<p>&nbsp;<\/p>\n<table>\n<tbody>\n<tr>\n<td><span style=\"color: #ff6600;\"><strong>Horario<\/strong><\/span><\/td>\n<td><span style=\"color: #ff6600;\"><strong>Actividades 3 de Octubre<\/strong><\/span><\/td>\n<\/tr>\n<tr>\n<td>8 a 9<\/td>\n<td>Inscripci\u00f3n &#8211; Acreditaci\u00f3n<\/p>\n<p>Intervenciones Art\u00edsticas<\/td>\n<\/tr>\n<tr>\n<td>9 a 10<\/td>\n<td>Apertura y Conferencia dialogada: <strong><span style=\"color: #ff6600;\">\u00abLa canci\u00f3n en la Educaci\u00f3n Musical, aportes para la alfabetizaci\u00f3n\u00bb <\/span><\/strong>Mg. Mart\u00edn Kieffer (Buenos Aires)<\/td>\n<\/tr>\n<tr>\n<td>10 a 11<\/td>\n<td><strong><span style=\"color: #ff6600;\">Taller 1 <\/span><span style=\"color: #ff6600;\">El canto en el aula. Recursos de la Concepci\u00f3n Kod\u00e1ly<\/span><br \/>\n<\/strong>Mg. Jorge Fuentes y Prof. Mariana Pechu\u00e1n<\/td>\n<\/tr>\n<tr>\n<td>11 a 11,30<\/td>\n<td>Pausa caf\u00e9<\/td>\n<\/tr>\n<tr>\n<td>11,30 a 13<\/td>\n<td>Taller 1 (continuaci\u00f3n)<\/td>\n<\/tr>\n<tr>\n<td>13 a 15<\/td>\n<td>Exposici\u00f3n y venta de material bibliogr\u00e1fico *<\/p>\n<p>Intervenciones Art\u00edsticas\u00a0 &#8211; Almuerzo<\/td>\n<\/tr>\n<\/tbody>\n<\/table>\n<p>&nbsp;<\/p>\n<table>\n<tbody>\n<tr>\n<td>15\u00a0 a 17<\/td>\n<td><strong><span style=\"color: #ff6600;\">Taller 2 <\/span><span style=\"color: #ff6600;\">Danzar a tu tiempo<\/span><br \/>\n<\/strong>Prof. Natalia Bedini, Lic. Victoria Cortez y Prof. Bel\u00e9n Luna<\/td>\n<\/tr>\n<tr>\n<td>17 a 17,30<\/td>\n<td>Rueda de mate e intercambio<\/td>\n<\/tr>\n<tr>\n<td>17,30 a 19,30<\/td>\n<td><strong><span style=\"color: #ff6600;\">Taller 3 Con ojos de caleidoscopio\u00a0<\/span><\/strong><\/p>\n<p>Prof. Mariana Alan\u00edz &#8211; Prof Jorge Pastran<\/td>\n<\/tr>\n<tr>\n<td>19,30 a 20,30<\/td>\n<td>Cierre: Propuesta art\u00edstica<br \/>\n<strong><span style=\"color: #ff6600;\">Concierto<\/span> <\/strong>&#8211; Jilgueritos (ni\u00f1os entre 5 y 7 a\u00f1os de edad) y\/o\u00a0 Coro de Ni\u00f1os y J\u00f3venes (entre 10 y 17 a\u00f1os de edad) a cargo de Jorge Fuentes y Mariana Pechu\u00e1n<\/td>\n<\/tr>\n<\/tbody>\n<\/table>\n<p>&nbsp;<\/p>\n<table>\n<tbody>\n<tr>\n<td><span style=\"color: #ff6600;\"><strong>Horario<\/strong><\/span><\/td>\n<td><span style=\"color: #ff6600;\"><strong>Actividades 4 de Octubre\u00a0<\/strong><\/span><\/td>\n<\/tr>\n<tr>\n<td>8 a 9<\/td>\n<td>Asistencia<\/p>\n<p>Exposici\u00f3n y venta de material<\/td>\n<\/tr>\n<tr>\n<td>9 a 10,30<\/td>\n<td><strong><em><span style=\"color: #ff6600;\">Taller\u00a0 4 Charla introductoria a la <\/span><\/em><strong><span style=\"color: #ff6600;\">\u201cProducci\u00f3n Musical y Creaci\u00f3n Sonora &#8211;\u00a0 Producci\u00f3n Musical con IA\u201d<\/span><\/strong><em><br \/>\n<\/em><\/strong>Lic. Gonzalo Ilutovich (Buenos Aires)<\/td>\n<\/tr>\n<tr>\n<td>10,30 a 11<\/td>\n<td>Pausa caf\u00e9<\/td>\n<\/tr>\n<tr>\n<td>11 a 13<\/td>\n<td><span style=\"color: #ff6600;\"><strong>Taller 5 Abordar distintos escenarios art\u00edsticos desde lo interdisciplinario<\/strong><\/span><br \/>\nLic. Myriam Pacheco, Prof. Jorge Pastran y Prof. Laura In\u00e9s Past\u00e9n<\/td>\n<\/tr>\n<tr>\n<td>13 a 15<\/td>\n<td>Exposici\u00f3n y venta de material bibliogr\u00e1fico *<\/p>\n<p>Intervenciones Art\u00edsticas &#8211; Almuerzo<\/td>\n<\/tr>\n<\/tbody>\n<\/table>\n<p>&nbsp;<\/p>\n<table>\n<tbody>\n<tr>\n<td>15\u00a0 a 17<\/td>\n<td><strong><span style=\"color: #ff6600;\">Taller 6 \u00a1A bailar! Taller de Danzas Folkl\u00f3ricas<\/span><\/strong><br \/>\nProf. Patricia Brizuela y Prof. Sergio Gonz\u00e1lez<\/td>\n<\/tr>\n<tr>\n<td>17 a 17,30<\/td>\n<td>Rueda de mate e intercambio<\/td>\n<\/tr>\n<tr>\n<td>17,30 a 19,30<\/td>\n<td>Evaluaci\u00f3n: Trabajo por grupos, puesta en com\u00fan, reflexi\u00f3n y socializaci\u00f3n<\/td>\n<\/tr>\n<tr>\n<td>19,30 a 20,30<\/td>\n<td>Cierre: Propuesta art\u00edstica *<\/td>\n<\/tr>\n<\/tbody>\n<\/table>\n<p>&nbsp;<\/p>\n<p><span style=\"color: #ff6600;\"><b>Organizan<\/b><\/span><\/p>\n<ul>\n<li style=\"font-weight: 400;\" aria-level=\"1\"><span style=\"font-weight: 400;\">Departamento de M\u00fasica de la FFHA &#8211; UNSJ<\/span><\/li>\n<li style=\"font-weight: 400;\" aria-level=\"1\"><span style=\"font-weight: 400;\">Instituto Superior de Formaci\u00f3n Docente (ISFD) Escuela Normal Superior \u201cGral. San Mart\u00edn\u201d &#8211;\u00a0 Ministerio de Educaci\u00f3n<\/span><\/li>\n<li style=\"font-weight: 400;\" aria-level=\"1\"><span style=\"font-weight: 400;\">MOMUSI Sede SAn Juan &#8211; Regi\u00f3n Cuyo<\/span><\/li>\n<\/ul>\n<p><strong><span style=\"color: #ff6600;\">Avalan<\/span><\/strong><\/p>\n<ul>\n<li>Asociaci\u00f3n Amigos de la M\u00fasica<\/li>\n<li>Asociaci\u00f3n M\u00fasicas San Juan<\/li>\n<\/ul>\n<p>Arancelado y beca para estudiantes. Sin cargo para socios del MOMUSI. Acredita 25 hs. reloj con evaluaci\u00f3n final. Resoluciones en tr\u00e1mite.<\/p>\n<p>Cupo Limitado sujeto a la capacidad de la sala<\/p>\n<p><span style=\"color: #ff6600;\"><strong>Inscripci\u00f3n docentes<\/strong><\/span><\/p>\n<p><a href=\"https:\/\/forms.gle\/AricrbTN6ry9ACy87\">https:\/\/forms.gle\/AricrbTN6ry9ACy87<\/a><\/p>\n<p><strong><span style=\"color: #ff6600;\">Inscripci\u00f3n estudiantes<\/span><\/strong><\/p>\n<p><a href=\"https:\/\/forms.gle\/YnD8t3ToMACh8J529\">https:\/\/forms.gle\/YnD8t3ToMACh8J529<\/a><\/p>\n<p><strong><span style=\"color: #ff6600;\">Consultas<\/span><\/strong><\/p>\n<p><a href=\"jornadaeducaconartisticasj@gmail.com\">jornadaeducaconartisticasj@gmail.com<\/a><\/p>\n","protected":false},"excerpt":{"rendered":"<p>El Jueves, 3 y el Viernes, 4 de Octubre de 2024, de 8 a 20,30 hs. se desarrolla en San<\/p>\n","protected":false},"author":3,"featured_media":77133,"comment_status":"closed","ping_status":"closed","sticky":false,"template":"","format":"standard","meta":{"_acf_changed":false,"_seopress_robots_primary_cat":"none","_seopress_titles_title":"","_seopress_titles_desc":"","_seopress_robots_index":"","colormag_page_container_layout":"default_layout","colormag_page_sidebar_layout":"default_layout","footnotes":""},"categories":[15],"tags":[],"class_list":["post-77122","post","type-post","status-publish","format-standard","has-post-thumbnail","hentry","category-posgrados"],"acf":[],"_links":{"self":[{"href":"https:\/\/vocesparalelas.com.ar\/sitio\/wp-json\/wp\/v2\/posts\/77122","targetHints":{"allow":["GET"]}}],"collection":[{"href":"https:\/\/vocesparalelas.com.ar\/sitio\/wp-json\/wp\/v2\/posts"}],"about":[{"href":"https:\/\/vocesparalelas.com.ar\/sitio\/wp-json\/wp\/v2\/types\/post"}],"author":[{"embeddable":true,"href":"https:\/\/vocesparalelas.com.ar\/sitio\/wp-json\/wp\/v2\/users\/3"}],"replies":[{"embeddable":true,"href":"https:\/\/vocesparalelas.com.ar\/sitio\/wp-json\/wp\/v2\/comments?post=77122"}],"version-history":[{"count":4,"href":"https:\/\/vocesparalelas.com.ar\/sitio\/wp-json\/wp\/v2\/posts\/77122\/revisions"}],"predecessor-version":[{"id":77128,"href":"https:\/\/vocesparalelas.com.ar\/sitio\/wp-json\/wp\/v2\/posts\/77122\/revisions\/77128"}],"wp:featuredmedia":[{"embeddable":true,"href":"https:\/\/vocesparalelas.com.ar\/sitio\/wp-json\/wp\/v2\/media\/77133"}],"wp:attachment":[{"href":"https:\/\/vocesparalelas.com.ar\/sitio\/wp-json\/wp\/v2\/media?parent=77122"}],"wp:term":[{"taxonomy":"category","embeddable":true,"href":"https:\/\/vocesparalelas.com.ar\/sitio\/wp-json\/wp\/v2\/categories?post=77122"},{"taxonomy":"post_tag","embeddable":true,"href":"https:\/\/vocesparalelas.com.ar\/sitio\/wp-json\/wp\/v2\/tags?post=77122"}],"curies":[{"name":"wp","href":"https:\/\/api.w.org\/{rel}","templated":true}]}}