{"id":77114,"date":"2024-09-20T20:10:27","date_gmt":"2024-09-20T23:10:27","guid":{"rendered":"https:\/\/vocesparalelas.com.ar\/sitio\/?p=77114"},"modified":"2024-09-20T20:23:05","modified_gmt":"2024-09-20T23:23:05","slug":"alumnos-de-san-juan-disfrutaron-la-flauta-magica-en-el-tb-de-san-juan","status":"publish","type":"post","link":"https:\/\/vocesparalelas.com.ar\/sitio\/alumnos-de-san-juan-disfrutaron-la-flauta-magica-en-el-tb-de-san-juan\/","title":{"rendered":"Alumnos de San Juan disfrutaron \u00abLa Flauta M\u00e1gica\u00bb en el TB de San Juan"},"content":{"rendered":"<p>El\u00a0Teatro del Bicentenario, dependiente del Ministerio de Turismo, Cultura y Deporte del Gobierno de San Juan, junto con el apoyo de la Fundaci\u00f3n Banco San Juan, Proyecto Josemar\u00eda y Dar\u00edo Coradeghini, comenz\u00f3 esta serie de funciones educativas, presentando la c\u00e9lebre \u00f3pera de Wolfgang Amadeus Mozart.<\/p>\n<p>En la versi\u00f3n espa\u00f1ol adaptado, las pianistas Mar\u00eda Concepci\u00f3n y Mar\u00eda de la Paz Perre. La direcci\u00f3n musical est\u00e1 a cargo de la Maestra Eduviges Picone, y participan cantantes invitados y miembros del Programa \u00d3pera Training, bajo la direcci\u00f3n de Ver\u00f3nica Cangemi.<\/p>\n<p>La \u00f3pera, que se presenta en dos funciones diarias, retoma la concepci\u00f3n esc\u00e9nica, escenograf\u00eda, utiler\u00eda y vestuario, de la versi\u00f3n estrenada mundialmente en 2019, con la idea original del Maestro Eugenio Zanetti, producida integralmente por el Teatro del Bicentenario.<\/p>\n<p>La convocatoria para estas funciones fue todo un \u00e9xito y cont\u00f3 con una participaci\u00f3n r\u00e9cord en muy poco tiempo. En la primera jornada, m\u00e1s de 1500 alumnos se emocionaron con la historia de Papageno, Tamino, Sarastro, Pamina y la Reina de la Noche, y aplaudieron con entusiasmo la impresionante escenograf\u00eda y vestuario.<\/p>\n<p>Alumnos de 3\u00b0 a 6\u00b0 grado continu\u00f3 asistiendo al Teatro del Bicentenario el 19 y 20 de Septiembre, con doble funci\u00f3n diaria en la Sala Principal, como parte de esta propuesta art\u00edstica y educativa, que busca acercar a m\u00e1s de 7000 ni\u00f1os al fascinante mundo de la \u00f3pera. A trav\u00e9s de la m\u00fasica, en esta ocasi\u00f3n interpretada por piano, los peque\u00f1os experimentar\u00e1n de cerca este g\u00e9nero teatral que combina arte y narrativa.<\/p>\n<p>El Teatro del Bicentenario tambi\u00e9n ha incluido\u00a0<strong>a<\/strong>ctividades accesibles en su programaci\u00f3n. El mi\u00e9rcoles se ofreci\u00f3 una visita t\u00e1ctil para personas con discapacidad visual y baja visi\u00f3n, el jueves habr\u00e1 una visita sensorial dirigida a personas con TEA, trastorno del espectro autista, y el viernes, personas con discapacidad intelectual pudieron participar de un taller did\u00e1ctico.<\/p>\n<p><strong><span style=\"color: #ff6600;\">La \u00f3pera<\/span><\/strong><\/p>\n<p>Esta versi\u00f3n de la \u00f3pera, centrada en seis personajes, nos lleva de la mano de Papageno a trav\u00e9s de una historia fant\u00e1stica. El pr\u00edncipe Tamino recibe el encargo de la Reina de la Noche de rescatar a su hija Pamina, prisionera de Sarastro, l\u00edder de los sabios. Al ver el retrato de la joven, el pr\u00edncipe se enamora y parte en su b\u00fasqueda, acompa\u00f1ado por su amigo Papageno y armado con una flauta m\u00e1gica que lo ayudar\u00e1 en su misi\u00f3n. Tras superar numerosos desaf\u00edos, el amor y la m\u00fasica triunfan, ofreciendo un final lleno de alegr\u00eda.<\/p>\n<p><img loading=\"lazy\" decoding=\"async\" class=\"alignnone size-large wp-image-21666\" src=\"https:\/\/vocesparalelas.com.ar\/sitio\/wp-content\/uploads\/2019\/06\/TEATRO-BICENTENARIO-10-800x600.jpg\" alt=\"\" width=\"800\" height=\"600\" srcset=\"https:\/\/vocesparalelas.com.ar\/sitio\/wp-content\/uploads\/2019\/06\/TEATRO-BICENTENARIO-10-800x600.jpg 800w, https:\/\/vocesparalelas.com.ar\/sitio\/wp-content\/uploads\/2019\/06\/TEATRO-BICENTENARIO-10-300x225.jpg 300w, https:\/\/vocesparalelas.com.ar\/sitio\/wp-content\/uploads\/2019\/06\/TEATRO-BICENTENARIO-10-768x576.jpg 768w, https:\/\/vocesparalelas.com.ar\/sitio\/wp-content\/uploads\/2019\/06\/TEATRO-BICENTENARIO-10.jpg 1000w\" sizes=\"auto, (max-width: 800px) 100vw, 800px\" \/><\/p>\n","protected":false},"excerpt":{"rendered":"<p>El\u00a0Teatro del Bicentenario, dependiente del Ministerio de Turismo, Cultura y Deporte del Gobierno de San Juan, junto con el apoyo<\/p>\n","protected":false},"author":3,"featured_media":77121,"comment_status":"closed","ping_status":"closed","sticky":false,"template":"","format":"standard","meta":{"_acf_changed":false,"_seopress_robots_primary_cat":"none","_seopress_titles_title":"","_seopress_titles_desc":"","_seopress_robots_index":"","colormag_page_container_layout":"default_layout","colormag_page_sidebar_layout":"default_layout","footnotes":""},"categories":[1],"tags":[],"class_list":["post-77114","post","type-post","status-publish","format-standard","has-post-thumbnail","hentry","category-destacadas"],"acf":[],"_links":{"self":[{"href":"https:\/\/vocesparalelas.com.ar\/sitio\/wp-json\/wp\/v2\/posts\/77114","targetHints":{"allow":["GET"]}}],"collection":[{"href":"https:\/\/vocesparalelas.com.ar\/sitio\/wp-json\/wp\/v2\/posts"}],"about":[{"href":"https:\/\/vocesparalelas.com.ar\/sitio\/wp-json\/wp\/v2\/types\/post"}],"author":[{"embeddable":true,"href":"https:\/\/vocesparalelas.com.ar\/sitio\/wp-json\/wp\/v2\/users\/3"}],"replies":[{"embeddable":true,"href":"https:\/\/vocesparalelas.com.ar\/sitio\/wp-json\/wp\/v2\/comments?post=77114"}],"version-history":[{"count":3,"href":"https:\/\/vocesparalelas.com.ar\/sitio\/wp-json\/wp\/v2\/posts\/77114\/revisions"}],"predecessor-version":[{"id":77120,"href":"https:\/\/vocesparalelas.com.ar\/sitio\/wp-json\/wp\/v2\/posts\/77114\/revisions\/77120"}],"wp:featuredmedia":[{"embeddable":true,"href":"https:\/\/vocesparalelas.com.ar\/sitio\/wp-json\/wp\/v2\/media\/77121"}],"wp:attachment":[{"href":"https:\/\/vocesparalelas.com.ar\/sitio\/wp-json\/wp\/v2\/media?parent=77114"}],"wp:term":[{"taxonomy":"category","embeddable":true,"href":"https:\/\/vocesparalelas.com.ar\/sitio\/wp-json\/wp\/v2\/categories?post=77114"},{"taxonomy":"post_tag","embeddable":true,"href":"https:\/\/vocesparalelas.com.ar\/sitio\/wp-json\/wp\/v2\/tags?post=77114"}],"curies":[{"name":"wp","href":"https:\/\/api.w.org\/{rel}","templated":true}]}}