{"id":77109,"date":"2024-09-20T19:55:33","date_gmt":"2024-09-20T22:55:33","guid":{"rendered":"https:\/\/vocesparalelas.com.ar\/sitio\/?p=77109"},"modified":"2024-09-21T16:31:25","modified_gmt":"2024-09-21T19:31:25","slug":"la-orquesta-pianoforte-en-el-dia-mundial-de-la-paz-en-el-auditorio-ing-juan-victoria","status":"publish","type":"post","link":"https:\/\/vocesparalelas.com.ar\/sitio\/la-orquesta-pianoforte-en-el-dia-mundial-de-la-paz-en-el-auditorio-ing-juan-victoria\/","title":{"rendered":"La Orquesta Pianoforte en el D\u00eda Mundial de la Paz en el Auditorio Ing. Juan Victoria"},"content":{"rendered":"<p>El S\u00e1bado, 21 de Septiembre, a las 21:30 hs.; en el Auditorio Ing. Juan Victoria con un concierto especial, Mozarteum Argentino San Juan deleitar\u00e1 con una noche llena de ritmo y elegancia. La Orquesta Pianoforte\u00a0en formato\u00a0\u201cJazz Big Band\u201d. Esta es una orquesta independiente de la Provincia de Mendoza, fundada por\u00a0Leonardo Pittella\u00a0junto a un equipo de trabajo, y est\u00e1 integrada por algunos de los m\u00e1s renombrados m\u00fasicos de la regi\u00f3n.<\/p>\n<p>El repertorio incluye obras de compositores como Glenn Miller y Benny Golson, siendo la pieza estrella de la noche la famosa Rhapsody in Blue de George Gershwin, un concierto para piano escrito originalmente para esta configuraci\u00f3n orquestal. La obra ser\u00e1 interpretada por el pianista mendocino Leonardo Pittella, quien ser\u00e1 el solista de la noche. En esta oportunidad, la direcci\u00f3n estar\u00e1 a cargo del renombrado maestro venezolano C\u00e9sar Iv\u00e1n Lara.<\/p>\n<p><span style=\"color: #008000;\"><strong>Entradas<\/strong><\/span><\/p>\n<p>Est\u00e1n disponibles en las oficinas del Mozarteum, Av. Ignacio de la Roza 161 oeste, local 5, de 9 a 12:30 hs, o en la boleter\u00eda del Auditorio el d\u00eda de la funci\u00f3n desde las 19 hs. La entrada general tiene un valor de $9.000, y para menores de 30 a\u00f1os, $7.000.<\/p>\n<p><span style=\"color: #008000;\"><strong>C\u00e9sar Iv\u00e1n Lara, Director<\/strong><\/span><\/p>\n<p>El maestro C\u00e9sar Iv\u00e1n Lara es una destacada figura en el \u00e1mbito de la direcci\u00f3n orquestal venezolana. Formado en el Sistema de Orquestas Infantiles y Juveniles de Venezuela, ha dirigido importantes agrupaciones sinf\u00f3nicas en todo el pa\u00eds, incluidas la Orquesta Sinf\u00f3nica \u201cSim\u00f3n Bol\u00edvar\u201d del T\u00e1chira y la Orquesta Sinf\u00f3nica de Falc\u00f3n. Su labor art\u00edstica fue clave en la construcci\u00f3n del Teatro Armon\u00eda en Falc\u00f3n y en el desarrollo de la Orquesta Sinf\u00f3nica del Estado M\u00e9rida, donde fue nombrado Director Em\u00e9rito. Nombrado Director Asociado de la Orquesta Sinf\u00f3nica \u201cSim\u00f3n Bol\u00edvar\u201d de Venezuela en 2013, ha sido un activo promotor de la m\u00fasica en comunidades a trav\u00e9s del Centro de Acci\u00f3n Social por la M\u00fasica.<\/p>\n<p>A nivel internacional, ha dirigido orquestas en varios pa\u00edses, destacando su participaci\u00f3n en eventos como la celebraci\u00f3n de los 203 a\u00f1os de la Revoluci\u00f3n de Mayo en Argentina junto al cantautor Fito P\u00e1ez. Su incursi\u00f3n en la direcci\u00f3n oper\u00edstica comenz\u00f3 en 2015 con \u201cLos Martirios de Col\u00f3n\u201d de Federico Ruiz, seguido por \u201cMadame Butterfly\u201d de Giacomo Puccini en Caracas y Corea del Sur. Durante su per\u00edodo como director de la Orquesta Filarm\u00f3nica de Mendoza (2018-2022), llev\u00f3 a cabo producciones oper\u00edsticas, adem\u00e1s de relanzar el ballet cl\u00e1sico en el Teatro Independencia. Tambi\u00e9n dirigi\u00f3 con \u00e9xito en el Teatro Sol\u00eds en Montevideo, Uruguay. En 2023, fue nombrado director principal invitado de la Orquesta Sinf\u00f3nica de la Universidad Nacional de San Juan, consolidando as\u00ed su reputaci\u00f3n como un director vers\u00e1til y talentoso.<\/p>\n<p><span style=\"color: #008000;\"><strong>Leonardo Pittella, Solista<\/strong><\/span><\/p>\n<p>Leonardo Pittella es un pianista mendocino de renombre internacional. Inici\u00f3 su formaci\u00f3n musical a los seis a\u00f1os en Italia y continu\u00f3 en Argentina bajo la gu\u00eda del profesor Gustavo Gatica. Desde 2012, ha seguido una formaci\u00f3n avanzada en piano y audioperceptiva musical, abarcando tanto repertorios acad\u00e9micos como populares. Ha perfeccionado su t\u00e9cnica a trav\u00e9s de clases magistrales con destacados maestros como Irene Veneziano, Mar\u00eda Luisa Macellaro, Daniel Rivera y Alan Weiss.<\/p>\n<p>Se ha destacado como concertista en prestigiosas salas de Argentina, Italia y Francia, y ha actuado junto a la Orquesta Filarm\u00f3nica de Mendoza y la Orquesta Sinf\u00f3nica de Cuyo. Desde 2020, mantiene una intensa actividad concertista, con un promedio de diez presentaciones mensuales. Leonardo ha sido laureado en numerosos concursos, incluido el Primer Premio en el Concurso Nacional de Piano Fundaci\u00f3n Catedral de La Plata y en el Torneo Internacional de M\u00fasica de Par\u00eds. En 2023, obtuvo el Primer Premio en el Concurso Dinu Lipatti en Taranto, Italia, adem\u00e1s de recibir el premio de Joven Mendocino Destacado en Cultura por el Consejo Empresario de Mendoza en su vig\u00e9sima edici\u00f3n.<\/p>\n<p>Adem\u00e1s de su carrera como solista, ha colaborado con diversas c\u00e1tedras y coros, y ha trabajado en proyectos oper\u00edsticos como \u201cEl Elixir de Amor\u201d de Donizetti. En 2023, fund\u00f3 la Orquesta Pianoforte y el Teatro Pianoforte en Mendoza, contribuyendo al enriquecimiento cultural y social de su comunidad. Su labor no solo destaca por su virtuosismo pian\u00edstico, sino tambi\u00e9n por su visi\u00f3n humanista y compromiso social.<\/p>\n<p><img loading=\"lazy\" decoding=\"async\" class=\"alignnone size-full wp-image-61468\" src=\"https:\/\/vocesparalelas.com.ar\/sitio\/wp-content\/uploads\/2023\/07\/AUDITORIO-EDIFICIO.jpg\" alt=\"\" width=\"800\" height=\"533\" srcset=\"https:\/\/vocesparalelas.com.ar\/sitio\/wp-content\/uploads\/2023\/07\/AUDITORIO-EDIFICIO.jpg 800w, https:\/\/vocesparalelas.com.ar\/sitio\/wp-content\/uploads\/2023\/07\/AUDITORIO-EDIFICIO-300x200.jpg 300w, https:\/\/vocesparalelas.com.ar\/sitio\/wp-content\/uploads\/2023\/07\/AUDITORIO-EDIFICIO-768x512.jpg 768w\" sizes=\"auto, (max-width: 800px) 100vw, 800px\" \/><\/p>\n<p>&nbsp;<\/p>\n","protected":false},"excerpt":{"rendered":"<p>El S\u00e1bado, 21 de Septiembre, a las 21:30 hs.; en el Auditorio Ing. Juan Victoria con un concierto especial, Mozarteum<\/p>\n","protected":false},"author":3,"featured_media":77112,"comment_status":"closed","ping_status":"closed","sticky":false,"template":"","format":"standard","meta":{"_acf_changed":false,"_seopress_robots_primary_cat":"none","_seopress_titles_title":"","_seopress_titles_desc":"","_seopress_robots_index":"","colormag_page_container_layout":"default_layout","colormag_page_sidebar_layout":"default_layout","footnotes":""},"categories":[20],"tags":[],"class_list":["post-77109","post","type-post","status-publish","format-standard","has-post-thumbnail","hentry","category-cartelera"],"acf":[],"_links":{"self":[{"href":"https:\/\/vocesparalelas.com.ar\/sitio\/wp-json\/wp\/v2\/posts\/77109","targetHints":{"allow":["GET"]}}],"collection":[{"href":"https:\/\/vocesparalelas.com.ar\/sitio\/wp-json\/wp\/v2\/posts"}],"about":[{"href":"https:\/\/vocesparalelas.com.ar\/sitio\/wp-json\/wp\/v2\/types\/post"}],"author":[{"embeddable":true,"href":"https:\/\/vocesparalelas.com.ar\/sitio\/wp-json\/wp\/v2\/users\/3"}],"replies":[{"embeddable":true,"href":"https:\/\/vocesparalelas.com.ar\/sitio\/wp-json\/wp\/v2\/comments?post=77109"}],"version-history":[{"count":1,"href":"https:\/\/vocesparalelas.com.ar\/sitio\/wp-json\/wp\/v2\/posts\/77109\/revisions"}],"predecessor-version":[{"id":77113,"href":"https:\/\/vocesparalelas.com.ar\/sitio\/wp-json\/wp\/v2\/posts\/77109\/revisions\/77113"}],"wp:featuredmedia":[{"embeddable":true,"href":"https:\/\/vocesparalelas.com.ar\/sitio\/wp-json\/wp\/v2\/media\/77112"}],"wp:attachment":[{"href":"https:\/\/vocesparalelas.com.ar\/sitio\/wp-json\/wp\/v2\/media?parent=77109"}],"wp:term":[{"taxonomy":"category","embeddable":true,"href":"https:\/\/vocesparalelas.com.ar\/sitio\/wp-json\/wp\/v2\/categories?post=77109"},{"taxonomy":"post_tag","embeddable":true,"href":"https:\/\/vocesparalelas.com.ar\/sitio\/wp-json\/wp\/v2\/tags?post=77109"}],"curies":[{"name":"wp","href":"https:\/\/api.w.org\/{rel}","templated":true}]}}