{"id":77105,"date":"2024-09-20T19:17:46","date_gmt":"2024-09-20T22:17:46","guid":{"rendered":"https:\/\/vocesparalelas.com.ar\/sitio\/?p=77105"},"modified":"2024-09-21T16:31:52","modified_gmt":"2024-09-21T19:31:52","slug":"flamenco-con-dos-funciones-en-el-chalet-cantoni-de-san-juan","status":"publish","type":"post","link":"https:\/\/vocesparalelas.com.ar\/sitio\/flamenco-con-dos-funciones-en-el-chalet-cantoni-de-san-juan\/","title":{"rendered":"\u00abFlamenco\u00bb con dos funciones en el Chalet Cantoni de San Juan"},"content":{"rendered":"<p>El Domingo, 22 de Septiembre, el Chalet Cantonim \u00abla Casa Cultural\u00bb es el escenario de dos presentaciones de flamenco.<\/p>\n<p>Un estilo tradicional de Espa\u00f1a re\u00fane la intensidad del cante, la danza y la guitarra, creando un espect\u00e1culo \u00edntimo y emotivo. El \u00abtablao\u00bb hace referencia al escenario de madera en el que los artistas despliegan su pasi\u00f3n, generalmente en espacios peque\u00f1os que favorecen la conexi\u00f3n con el p\u00fablico, generando una atm\u00f3sfera cautivadora.<\/p>\n<p><strong><span style=\"color: #ff6600;\">Funciones<\/span><\/strong><\/p>\n<ul>\n<li>19:30 hs y contar\u00e1 con la participaci\u00f3n de Morena Pino, P\u00eda Alonso, Sarai Literas, Erika S\u00e1nchez, Ludmila Tapia, Rocio Tores y estudiantes del Instituto C\u00e1diz.<\/li>\n<li>21:00 hs, con Lourdes Quiroz, Maru P\u00e9rez, Nicole M\u00e1rquez, Geraldine M\u00e1rquez, Julieta Villegas, Melanie Salazar y tambi\u00e9n alumnos del Instituto C\u00e1diz. En el apartado musical, Rita L\u00f3pez y Nico Carrizo estar\u00e1n al cante, mientras que Fede Carrizo, directamente desde Espa\u00f1a, acompa\u00f1ar\u00e1 al toque.<\/li>\n<\/ul>\n<p>Adem\u00e1s, para completar la experiencia y sumergir al p\u00fablico en la cultura espa\u00f1ola, se ofrece una variada selecci\u00f3n de tapas tradicionales, con los sabores aut\u00e9nticos de la gastronom\u00eda Ib\u00e9rica, acompa\u00f1ados de una selecci\u00f3n de bebidas. Pensado para transportar a los espectadores a los rincones m\u00e1s emblem\u00e1ticos de Espa\u00f1a, en perfecta armon\u00eda con el espect\u00e1culo.<\/p>\n<p><strong><span style=\"color: #ff6600;\">Entradas<\/span><\/strong><\/p>\n<p>$4000 y se pueden adquirir llamando al 264-4050095 o 15 minutos antes de cada funci\u00f3n en la boleter\u00eda del Chalet Cantoni.<\/p>\n<p><img loading=\"lazy\" decoding=\"async\" class=\"alignnone size-full wp-image-46297\" src=\"https:\/\/vocesparalelas.com.ar\/sitio\/wp-content\/uploads\/2022\/02\/CHALET-CANTONI.jpg\" alt=\"\" width=\"782\" height=\"440\" srcset=\"https:\/\/vocesparalelas.com.ar\/sitio\/wp-content\/uploads\/2022\/02\/CHALET-CANTONI.jpg 782w, https:\/\/vocesparalelas.com.ar\/sitio\/wp-content\/uploads\/2022\/02\/CHALET-CANTONI-300x169.jpg 300w, https:\/\/vocesparalelas.com.ar\/sitio\/wp-content\/uploads\/2022\/02\/CHALET-CANTONI-768x432.jpg 768w\" sizes=\"auto, (max-width: 782px) 100vw, 782px\" \/><\/p>\n<p>&nbsp;<\/p>\n","protected":false},"excerpt":{"rendered":"<p>El Domingo, 22 de Septiembre, el Chalet Cantonim \u00abla Casa Cultural\u00bb es el escenario de dos presentaciones de flamenco. Un<\/p>\n","protected":false},"author":3,"featured_media":49516,"comment_status":"closed","ping_status":"closed","sticky":false,"template":"","format":"standard","meta":{"_acf_changed":false,"_seopress_robots_primary_cat":"none","_seopress_titles_title":"","_seopress_titles_desc":"","_seopress_robots_index":"","colormag_page_container_layout":"default_layout","colormag_page_sidebar_layout":"default_layout","footnotes":""},"categories":[20],"tags":[],"class_list":["post-77105","post","type-post","status-publish","format-standard","has-post-thumbnail","hentry","category-cartelera"],"acf":[],"_links":{"self":[{"href":"https:\/\/vocesparalelas.com.ar\/sitio\/wp-json\/wp\/v2\/posts\/77105","targetHints":{"allow":["GET"]}}],"collection":[{"href":"https:\/\/vocesparalelas.com.ar\/sitio\/wp-json\/wp\/v2\/posts"}],"about":[{"href":"https:\/\/vocesparalelas.com.ar\/sitio\/wp-json\/wp\/v2\/types\/post"}],"author":[{"embeddable":true,"href":"https:\/\/vocesparalelas.com.ar\/sitio\/wp-json\/wp\/v2\/users\/3"}],"replies":[{"embeddable":true,"href":"https:\/\/vocesparalelas.com.ar\/sitio\/wp-json\/wp\/v2\/comments?post=77105"}],"version-history":[{"count":1,"href":"https:\/\/vocesparalelas.com.ar\/sitio\/wp-json\/wp\/v2\/posts\/77105\/revisions"}],"predecessor-version":[{"id":77108,"href":"https:\/\/vocesparalelas.com.ar\/sitio\/wp-json\/wp\/v2\/posts\/77105\/revisions\/77108"}],"wp:featuredmedia":[{"embeddable":true,"href":"https:\/\/vocesparalelas.com.ar\/sitio\/wp-json\/wp\/v2\/media\/49516"}],"wp:attachment":[{"href":"https:\/\/vocesparalelas.com.ar\/sitio\/wp-json\/wp\/v2\/media?parent=77105"}],"wp:term":[{"taxonomy":"category","embeddable":true,"href":"https:\/\/vocesparalelas.com.ar\/sitio\/wp-json\/wp\/v2\/categories?post=77105"},{"taxonomy":"post_tag","embeddable":true,"href":"https:\/\/vocesparalelas.com.ar\/sitio\/wp-json\/wp\/v2\/tags?post=77105"}],"curies":[{"name":"wp","href":"https:\/\/api.w.org\/{rel}","templated":true}]}}