{"id":77097,"date":"2024-09-19T13:56:02","date_gmt":"2024-09-19T16:56:02","guid":{"rendered":"https:\/\/vocesparalelas.com.ar\/sitio\/?p=77097"},"modified":"2024-09-22T01:51:32","modified_gmt":"2024-09-22T04:51:32","slug":"cambios-en-los-recorridos-de-redtulum-para-garantizar-la-seguridad-y-el-orden-en-san-juan","status":"publish","type":"post","link":"https:\/\/vocesparalelas.com.ar\/sitio\/cambios-en-los-recorridos-de-redtulum-para-garantizar-la-seguridad-y-el-orden-en-san-juan\/","title":{"rendered":"Cambios en los recorridos de RedTulum para garantizar la seguridad y el orden en San Juan"},"content":{"rendered":"<p>El S\u00e1bado, 21 de Septiembre se realizan cortes y regulaciones de tr\u00e1nsito en distintos puntos de la ciudad de San Juan, con el fin de garantizar la seguridad y orden durante los eventos programados para el D\u00eda de la Primera y el D\u00eda del Estudiantes.<\/p>\n<p><span style=\"color: #ff6600;\"><strong>Desv\u00edos recomendados para el transporte p\u00fablico<\/strong><\/span><\/p>\n<p><strong><span style=\"color: #ff6600;\">Primer Anillo de Cortes:<\/span><\/strong><\/p>\n<ul>\n<li>Corte total a partir de las 08:30 h: Av. Libertador y calle Urquiza.<\/li>\n<li>Regulaci\u00f3n a partir de las 08:30 h y corte total desde las 15:00 h (seg\u00fan afluencia de personas): Calles Las Heras y 25 de Mayo. Calles Espa\u00f1a y San Luis. Av. Libertador y calle Las Heras.<\/li>\n<li>Regulaci\u00f3n a partir de las 12:00 h y posible corte posterior (seg\u00fan la concurrencia de gente): Calles Ram\u00f3n y Cajal y San Luis. Calles Ram\u00f3n y Cajal y San Isidro. Calles Urquiza y 25 de Mayo.<\/li>\n<\/ul>\n<p><span style=\"color: #ff6600;\"><strong>Propuesta de Recorridos Alternativos para el Transporte P\u00fablico<\/strong><\/span><\/p>\n<p><span style=\"color: #ff6600;\"><strong>L\u00edneas 100-101<\/strong><\/span><\/p>\n<ul>\n<li>IDA: Av. Libertador, Salta, Cortinez, recorrido habitual.<\/li>\n<li>VUELTA: Alberdi, Espa\u00f1a, Av. Libertador, recorrido habitual.<\/li>\n<\/ul>\n<p><span style=\"color: #ff6600;\"><strong>L\u00edneas A-123-320<\/strong><\/span><\/p>\n<ul>\n<li>Siguen con recorrido habitual por Av. Libertador.<\/li>\n<\/ul>\n<p><span style=\"color: #ff6600;\"><strong>L\u00edneas 140-141-142<\/strong><\/span><\/p>\n<ul>\n<li>IDA: Av. Libertador, Salta, San Luis, Espa\u00f1a, Av. Ignacio de la Roza, Av. Paula A. de Sarmiento, Av. Libertador, recorrido habitual.<\/li>\n<li>VUELTA: Av. Libertador, Av. Paula A. de Sarmiento, Av. Ignacio de la Roza, Salta, Av. Libertador.<\/li>\n<\/ul>\n<p><span style=\"color: #ff6600;\"><strong>L\u00edneas 122-125-126<\/strong><\/span><\/p>\n<ul>\n<li>IDA: Av. Paula A. de Sarmiento, Av. Ignacio de la Roza, recorrido habitual.<\/li>\n<li>VUELTA: Av. C\u00f3rdoba, Las Heras, Av. Ignacio de la Roza, Av. Paula A. de Sarmiento, recorrido habitual.<\/li>\n<\/ul>\n<p><span style=\"color: #ff6600;\"><strong>L\u00ednea 102<\/strong><\/span><\/p>\n<ul>\n<li>IDA: Estaci\u00f3n C\u00f3rdoba, General Paz, Salta, Cortinez, Av. Alem, recorrido habitual.<\/li>\n<li>VUELTA: Av. Alem, Av. Libertador, Av. Rawson, recorrido habitual.<\/li>\n<\/ul>\n<p><span style=\"color: #ff6600;\"><strong>L\u00ednea E<\/strong><\/span><\/p>\n<ul>\n<li>IDA: Av. Libertador, Salta, Cortinez, recorrido habitual.<\/li>\n<li>VUELTA: Cortinez, Urquiza, 25 de Mayo, Ram\u00f3n y Cajal, Av. Libertador, Urquiza.<\/li>\n<\/ul>\n<p><span style=\"color: #ff6600;\"><strong>L\u00ednea 242<\/strong><\/span><\/p>\n<ul>\n<li>IDA: Av. Libertador, Salta, San Luis, Espa\u00f1a, Av. Ignacio de la Roza, Urquiza, recorrido habitual.<\/li>\n<li>VUELTA: Urquiza, Av. Ignacio de la Roza, Las Heras, Av. Libertador, recorrido habitual.<\/li>\n<\/ul>\n<p>Se recomienda tener en cuenta estas modificaciones para evitar contratiempos y circular con precauci\u00f3n en las zonas afectadas.<\/p>\n<p>&nbsp;<\/p>\n<p><img loading=\"lazy\" decoding=\"async\" class=\"alignnone size-large wp-image-4940\" src=\"https:\/\/vocesparalelas.com.ar\/sitio\/wp-content\/uploads\/2017\/09\/PRIMAVERA-800x450.jpg\" alt=\"\" width=\"800\" height=\"450\" srcset=\"https:\/\/vocesparalelas.com.ar\/sitio\/wp-content\/uploads\/2017\/09\/PRIMAVERA-800x450.jpg 800w, https:\/\/vocesparalelas.com.ar\/sitio\/wp-content\/uploads\/2017\/09\/PRIMAVERA-300x169.jpg 300w, https:\/\/vocesparalelas.com.ar\/sitio\/wp-content\/uploads\/2017\/09\/PRIMAVERA-768x432.jpg 768w, https:\/\/vocesparalelas.com.ar\/sitio\/wp-content\/uploads\/2017\/09\/PRIMAVERA.jpg 1024w\" sizes=\"auto, (max-width: 800px) 100vw, 800px\" \/><\/p>\n","protected":false},"excerpt":{"rendered":"<p>El S\u00e1bado, 21 de Septiembre se realizan cortes y regulaciones de tr\u00e1nsito en distintos puntos de la ciudad de San<\/p>\n","protected":false},"author":3,"featured_media":74417,"comment_status":"closed","ping_status":"closed","sticky":false,"template":"","format":"standard","meta":{"_acf_changed":false,"_seopress_robots_primary_cat":"none","_seopress_titles_title":"","_seopress_titles_desc":"","_seopress_robots_index":"","colormag_page_container_layout":"default_layout","colormag_page_sidebar_layout":"default_layout","footnotes":""},"categories":[1],"tags":[],"class_list":["post-77097","post","type-post","status-publish","format-standard","has-post-thumbnail","hentry","category-destacadas"],"acf":[],"_links":{"self":[{"href":"https:\/\/vocesparalelas.com.ar\/sitio\/wp-json\/wp\/v2\/posts\/77097","targetHints":{"allow":["GET"]}}],"collection":[{"href":"https:\/\/vocesparalelas.com.ar\/sitio\/wp-json\/wp\/v2\/posts"}],"about":[{"href":"https:\/\/vocesparalelas.com.ar\/sitio\/wp-json\/wp\/v2\/types\/post"}],"author":[{"embeddable":true,"href":"https:\/\/vocesparalelas.com.ar\/sitio\/wp-json\/wp\/v2\/users\/3"}],"replies":[{"embeddable":true,"href":"https:\/\/vocesparalelas.com.ar\/sitio\/wp-json\/wp\/v2\/comments?post=77097"}],"version-history":[{"count":1,"href":"https:\/\/vocesparalelas.com.ar\/sitio\/wp-json\/wp\/v2\/posts\/77097\/revisions"}],"predecessor-version":[{"id":77100,"href":"https:\/\/vocesparalelas.com.ar\/sitio\/wp-json\/wp\/v2\/posts\/77097\/revisions\/77100"}],"wp:featuredmedia":[{"embeddable":true,"href":"https:\/\/vocesparalelas.com.ar\/sitio\/wp-json\/wp\/v2\/media\/74417"}],"wp:attachment":[{"href":"https:\/\/vocesparalelas.com.ar\/sitio\/wp-json\/wp\/v2\/media?parent=77097"}],"wp:term":[{"taxonomy":"category","embeddable":true,"href":"https:\/\/vocesparalelas.com.ar\/sitio\/wp-json\/wp\/v2\/categories?post=77097"},{"taxonomy":"post_tag","embeddable":true,"href":"https:\/\/vocesparalelas.com.ar\/sitio\/wp-json\/wp\/v2\/tags?post=77097"}],"curies":[{"name":"wp","href":"https:\/\/api.w.org\/{rel}","templated":true}]}}