{"id":77090,"date":"2024-09-19T22:55:49","date_gmt":"2024-09-20T01:55:49","guid":{"rendered":"https:\/\/vocesparalelas.com.ar\/sitio\/?p=77090"},"modified":"2024-09-20T22:33:06","modified_gmt":"2024-09-21T01:33:06","slug":"10-congreso-nacional-y-provincial-de-politicas-publicas-2024-en-san-juan","status":"publish","type":"post","link":"https:\/\/vocesparalelas.com.ar\/sitio\/10-congreso-nacional-y-provincial-de-politicas-publicas-2024-en-san-juan\/","title":{"rendered":"10\u00b0 Congreso Nacional y Provincial de Pol\u00edticas P\u00fablicas 2024 en San Juan"},"content":{"rendered":"<p>El Espacio Argentina Humana en San Juan organiza el 10\u00b0 Congreso Nacional y Provincial de Pol\u00edticas P\u00fablicas &#8211; CONAPPU &#8211; fue impulsado por j\u00f3venes estudiantes y supo consolidarse como el gran espacio de discusi\u00f3n y construcci\u00f3n de Pol\u00edticas P\u00fablicas que se desarrolla el 26 y 27 de Septiembre de 2024.<\/p>\n<p>Por ello, el Dr. Eduardo Camus, conductor del espacio Argentina Humana en San Juan, el Dr. Lucas Molina, secretario de Bienestar Universitario de la UNSJ y dirigente de Argentina Humana, Sof\u00eda Pereira, consejera directiva de Facultad de Ciencias Exactas, F\u00edsicas y Naturales de la UNSJ y responsable de Creando Universidad y Melina Pelayes, presidenta del partido Frente Patria Grande San Juan ofrecieron una conferencia de prensa.<\/p>\n<p>La cual comenz\u00f3 con el Dr. Lucas Molina, quien describi\u00f3 la importancia del CONAPPU 2024 para los j\u00f3venes estudiantes y con el tiempo se fue fortaleciendo.<\/p>\n<p><iframe loading=\"lazy\" title=\"CONAPPU  SAN JUAN 2024 DR LUCAS MOLINA\" width=\"800\" height=\"450\" src=\"https:\/\/www.youtube.com\/embed\/R3GAUHrrQLU?feature=oembed\" frameborder=\"0\" allow=\"accelerometer; autoplay; clipboard-write; encrypted-media; gyroscope; picture-in-picture; web-share\" referrerpolicy=\"strict-origin-when-cross-origin\" allowfullscreen><\/iframe><\/p>\n<p>Luego, Sof\u00eda Pereira, explic\u00f3 las experiencias que se vienen desarrollando a\u00f1o a a\u00f1o con el encuentro de estudiantes universitarios.<\/p>\n<p><iframe loading=\"lazy\" title=\"CONAPPU  SAN JUAN 2024\" width=\"800\" height=\"450\" src=\"https:\/\/www.youtube.com\/embed\/gdx14bgyKtU?feature=oembed\" frameborder=\"0\" allow=\"accelerometer; autoplay; clipboard-write; encrypted-media; gyroscope; picture-in-picture; web-share\" referrerpolicy=\"strict-origin-when-cross-origin\" allowfullscreen><\/iframe><\/p>\n<p>&nbsp;<\/p>\n<p>Seguidamente, Melina Pelayes describi\u00f3 el contenido del CONAPPU 2024 con la necesidad de proponer ejes tem\u00e1ticos que involucran a los estudiantes universitarios y que se den solucionar.<\/p>\n<p><iframe loading=\"lazy\" title=\"CONAPPU  SAN JUAN 2024 MELINA PELAYES\" width=\"800\" height=\"450\" src=\"https:\/\/www.youtube.com\/embed\/N6JdN_IQKpA?feature=oembed\" frameborder=\"0\" allow=\"accelerometer; autoplay; clipboard-write; encrypted-media; gyroscope; picture-in-picture; web-share\" referrerpolicy=\"strict-origin-when-cross-origin\" allowfullscreen><\/iframe><\/p>\n<p>&nbsp;<\/p>\n<p>Finalmente, el Dr. Eduardo Camus subray\u00f3 que el congreso se desarrolla el 26 y 27 de Septiembre de 2024, en la Facultad de Ciencias Sociales de la UNSJ y en la Facultad de Filosof\u00eda, Humanidades y Artes de la UNSJ con el cierre con un referente nacional el Dr. Juan Grabois.<\/p>\n<p><iframe loading=\"lazy\" title=\"CONAPPU  SAN JUAN 2024 DR EDUARDO CAMUS\" width=\"800\" height=\"450\" src=\"https:\/\/www.youtube.com\/embed\/EM_TdrSS8qM?feature=oembed\" frameborder=\"0\" allow=\"accelerometer; autoplay; clipboard-write; encrypted-media; gyroscope; picture-in-picture; web-share\" referrerpolicy=\"strict-origin-when-cross-origin\" allowfullscreen><\/iframe><\/p>\n<p>&nbsp;<\/p>\n<p><strong><span style=\"color: #ff6600;\">Cronograma<\/span><\/strong><\/p>\n<ul>\n<li>Apertura: Jueves 26 de Septiembre, a las 9 hs.; en la Facultad de Ciencias Sociales de la UNSJ.<\/li>\n<li>Cierre: Viernes 27 de Septiembre, a las 20 hs; en la Facultad de Filosof\u00eda, Humanidades y Artes de la UNSJ con la participaci\u00f3n del Dr. Juan Grabois<\/li>\n<\/ul>\n<p>CONAPPU se convierte\u00a0 en un espacio que convoca a figuras nacionales como el ex precandidato a Presidente y dirigente del Frente Patria Grande, Juan Grabois, a dirigentes como el diputado Federico Fagioli y el diputado Ita\u00ed Hagman, y a otros referentes de la pol\u00edtica, la academia, la cultura, la comunicaci\u00f3n, del \u00e1mbito local y nacional.<\/p>\n<p><strong><span style=\"color: #ff6600;\">Objetivos del CONAPPU<\/span><\/strong><\/p>\n<ul>\n<li>Contribuir a la formaci\u00f3n de cuadros pol\u00edticos, quienes a trav\u00e9s de la intervenci\u00f3n planificada e interpelados por las desigualdades sociales, trabajen por alcanzar la justicia social.<\/li>\n<li>Contribuir a la formaci\u00f3n de j\u00f3venes estudiantes y futuros profesionales comprometidos con la realidad socioecon\u00f3mica y cultural de su comunidad y con una actitud cr\u00edtica hacia las injusticias del sistema.<\/li>\n<li>Comprender la importancia de la intervenci\u00f3n planificada en el dise\u00f1o de Pol\u00edticas P\u00fablicas como la \u00fanica alternativa de transformaci\u00f3n efectiva de la realidad.<\/li>\n<li>Reconocer y exponer las desigualdades sociales que generan los poderes pol\u00edticos y econ\u00f3micos del mundo post pand\u00e9mico que explotan y oprimen a las grandes masas populares.<\/li>\n<li>Reconocer e impulsar instancias de articulaci\u00f3n entre quienes integran la academia, aquellos\/as que realizan trabajo territorial, y los organismos estatales, vinculando los saberes populares, conocimiento cient\u00edfico, t\u00e9cnicos y de gesti\u00f3n en pos de profesionalizar las herramientas de intervenci\u00f3n en la realidad social.<\/li>\n<li>Elaborar de manera colectiva una serie de conclusiones a los interrogantes planteados que se propongan ser lineamientos generales para el accionar de aquellos j\u00f3venes militantes, estudiantes y profesionales que entiendan la pol\u00edtica como una herramienta de transformaci\u00f3n de la realidad.<\/li>\n<\/ul>\n<p><strong><span style=\"color: #ff6600;\">Ejes<\/span><\/strong><\/p>\n<p>1- Trabajo, descanso y tiempo libre.<br \/>\n2- Ingresos estables y ahorro.<br \/>\n3- Un lugar digno y pac\u00edfico para vivir.<br \/>\n4- Educaci\u00f3n, deporte, comunicaci\u00f3n y cultura.<br \/>\n5- Salud f\u00edsica, espiritual y mental.<\/p>\n<p><strong><span style=\"color: #ff6600;\">\u00bfQu\u00e9 es CONAPPU?<\/span><\/strong><\/p>\n<p>Este Congreso se origin\u00f3 con una fuerte matriz popular, impulsado por estudiantes que entend\u00edan que la clave de nuestra emancipaci\u00f3n definitiva se encuentra en las construcciones colectivas que comprendan a nuestro pueblo como un todo heterog\u00e9neo complejo, pero que no minimice las cuestiones de Estado a reclamos sectoriales, sino que entienda las pol\u00edticas p\u00fablicas dentro de un programa de gobierno que se enmarca dentro de un proyecto pol\u00edtico. En este sentido, las pol\u00edticas p\u00fablicas son la forma de delinear el camino que tenemos los pueblos en los sistemas democr\u00e1ticos, son nuestra m\u00e1xima herramienta de transformaci\u00f3n e intervenci\u00f3n en lo social.<\/p>\n<p>Desde entonces este espacio se centra en discutir las pol\u00edticas p\u00fablicas como un aspecto fundamental de cualquier sociedad, que independientemente de su sistema de gobierno o las ideolog\u00edas de los partidos masivos, definen los \u201cque\u201d y los \u201ccomo\u201d de un Estado y su modelo socioecon\u00f3mico.<\/p>\n<p><strong><span style=\"color: #ff6600;\">Para consulta<\/span><\/strong><\/p>\n<p>Mail:\u00a0<a href=\"conappusanjuan@gmail.com\">conappusanjuan@gmail.com<\/a><\/p>\n<p>Instagram: @conappusanjuan<\/p>\n<p>Facebook: Conappu San Juan<\/p>\n","protected":false},"excerpt":{"rendered":"<p>El Espacio Argentina Humana en San Juan organiza el 10\u00b0 Congreso Nacional y Provincial de Pol\u00edticas P\u00fablicas &#8211; CONAPPU &#8211;<\/p>\n","protected":false},"author":3,"featured_media":77093,"comment_status":"closed","ping_status":"closed","sticky":false,"template":"","format":"standard","meta":{"_acf_changed":false,"_seopress_robots_primary_cat":"none","_seopress_titles_title":"","_seopress_titles_desc":"","_seopress_robots_index":"","colormag_page_container_layout":"default_layout","colormag_page_sidebar_layout":"default_layout","footnotes":""},"categories":[15,7],"tags":[],"class_list":["post-77090","post","type-post","status-publish","format-standard","has-post-thumbnail","hentry","category-posgrados","category-videos"],"acf":[],"_links":{"self":[{"href":"https:\/\/vocesparalelas.com.ar\/sitio\/wp-json\/wp\/v2\/posts\/77090","targetHints":{"allow":["GET"]}}],"collection":[{"href":"https:\/\/vocesparalelas.com.ar\/sitio\/wp-json\/wp\/v2\/posts"}],"about":[{"href":"https:\/\/vocesparalelas.com.ar\/sitio\/wp-json\/wp\/v2\/types\/post"}],"author":[{"embeddable":true,"href":"https:\/\/vocesparalelas.com.ar\/sitio\/wp-json\/wp\/v2\/users\/3"}],"replies":[{"embeddable":true,"href":"https:\/\/vocesparalelas.com.ar\/sitio\/wp-json\/wp\/v2\/comments?post=77090"}],"version-history":[{"count":1,"href":"https:\/\/vocesparalelas.com.ar\/sitio\/wp-json\/wp\/v2\/posts\/77090\/revisions"}],"predecessor-version":[{"id":77094,"href":"https:\/\/vocesparalelas.com.ar\/sitio\/wp-json\/wp\/v2\/posts\/77090\/revisions\/77094"}],"wp:featuredmedia":[{"embeddable":true,"href":"https:\/\/vocesparalelas.com.ar\/sitio\/wp-json\/wp\/v2\/media\/77093"}],"wp:attachment":[{"href":"https:\/\/vocesparalelas.com.ar\/sitio\/wp-json\/wp\/v2\/media?parent=77090"}],"wp:term":[{"taxonomy":"category","embeddable":true,"href":"https:\/\/vocesparalelas.com.ar\/sitio\/wp-json\/wp\/v2\/categories?post=77090"},{"taxonomy":"post_tag","embeddable":true,"href":"https:\/\/vocesparalelas.com.ar\/sitio\/wp-json\/wp\/v2\/tags?post=77090"}],"curies":[{"name":"wp","href":"https:\/\/api.w.org\/{rel}","templated":true}]}}