{"id":77083,"date":"2024-09-19T23:11:42","date_gmt":"2024-09-20T02:11:42","guid":{"rendered":"https:\/\/vocesparalelas.com.ar\/sitio\/?p=77083"},"modified":"2024-09-20T23:42:06","modified_gmt":"2024-09-21T02:42:06","slug":"declaraciones-del-gobernador-de-san-juan-dr-marcelo-orrego-sobre-el-forum-innovacion-y-energia-para-crecer","status":"publish","type":"post","link":"https:\/\/vocesparalelas.com.ar\/sitio\/declaraciones-del-gobernador-de-san-juan-dr-marcelo-orrego-sobre-el-forum-innovacion-y-energia-para-crecer\/","title":{"rendered":"Declaraciones del Gobernador de San Juan, Dr. Marcelo Orrego sobre el Forum \u201cInnovaci\u00f3n y Energ\u00eda para Crecer\u00bb"},"content":{"rendered":"<p>La Casa de San Juan en Buenos Aires fue sede del encuentro \u00abSan Juan y sus virtudes\u00bb antesala a la emblem\u00e1tica Fiesta Nacional del Sol 2024 \u00abSomos Energ\u00eda\u00bb, a realizarse el 31 de Octubre, 01 y 02 de Noviembre, en San Juan.<\/p>\n<p><img loading=\"lazy\" decoding=\"async\" class=\"alignnone size-full wp-image-75903\" src=\"https:\/\/vocesparalelas.com.ar\/sitio\/wp-content\/uploads\/2024\/08\/FNS-2024-02.jpg\" alt=\"\" width=\"800\" height=\"480\" srcset=\"https:\/\/vocesparalelas.com.ar\/sitio\/wp-content\/uploads\/2024\/08\/FNS-2024-02.jpg 800w, https:\/\/vocesparalelas.com.ar\/sitio\/wp-content\/uploads\/2024\/08\/FNS-2024-02-300x180.jpg 300w, https:\/\/vocesparalelas.com.ar\/sitio\/wp-content\/uploads\/2024\/08\/FNS-2024-02-768x461.jpg 768w\" sizes=\"auto, (max-width: 800px) 100vw, 800px\" \/><\/p>\n<p>Por ello, el Gobernador de San Juan, Dr. Marcelo Orrego relat\u00f3 lo que sucedi\u00f3 en dicho evento donde se lanz\u00f3 FNS Forum \u201cInnovaci\u00f3n y Energ\u00eda para Crecer\u00bb. Trabajamos para San Juan.<\/p>\n<p><iframe loading=\"lazy\" title=\"SAN JUAN GOBERNADOR DR MARCELO ORREGO\" width=\"800\" height=\"450\" src=\"https:\/\/www.youtube.com\/embed\/zRrxf440kMQ?feature=oembed\" frameborder=\"0\" allow=\"accelerometer; autoplay; clipboard-write; encrypted-media; gyroscope; picture-in-picture; web-share\" referrerpolicy=\"strict-origin-when-cross-origin\" allowfullscreen><\/iframe><\/p>\n<p>&nbsp;<\/p>\n<blockquote class=\"wp-embedded-content\" data-secret=\"rgbSe06MHy\"><p><a href=\"https:\/\/vocesparalelas.com.ar\/sitio\/forum-innovacion-y-energia-para-crecer-en-la-fiesta-nacional-del-sol-2024-somos-energia-en-san-juan\/\">Forum \u201cInnovaci\u00f3n y Energ\u00eda para Crecer\u00bb en la Fiesta Nacional del Sol 2024 \u00abSomos Energ\u00eda\u00bb en San Juan<\/a><\/p><\/blockquote>\n<p><iframe loading=\"lazy\" class=\"wp-embedded-content\" sandbox=\"allow-scripts\" security=\"restricted\" style=\"position: absolute; visibility: hidden;\" title=\"\u00abForum \u201cInnovaci\u00f3n y Energ\u00eda para Crecer\u00bb en la Fiesta Nacional del Sol 2024 \u00abSomos Energ\u00eda\u00bb en San Juan\u00bb \u2014 Voces Paralelas\" src=\"https:\/\/vocesparalelas.com.ar\/sitio\/forum-innovacion-y-energia-para-crecer-en-la-fiesta-nacional-del-sol-2024-somos-energia-en-san-juan\/embed\/#?secret=0bbwJW7via#?secret=rgbSe06MHy\" data-secret=\"rgbSe06MHy\" width=\"600\" height=\"338\" frameborder=\"0\" marginwidth=\"0\" marginheight=\"0\" scrolling=\"no\"><\/iframe><\/p>\n","protected":false},"excerpt":{"rendered":"<p>La Casa de San Juan en Buenos Aires fue sede del encuentro \u00abSan Juan y sus virtudes\u00bb antesala a la<\/p>\n","protected":false},"author":3,"featured_media":77087,"comment_status":"closed","ping_status":"closed","sticky":false,"template":"","format":"standard","meta":{"_acf_changed":false,"_seopress_robots_primary_cat":"none","_seopress_titles_title":"","_seopress_titles_desc":"","_seopress_robots_index":"","colormag_page_container_layout":"default_layout","colormag_page_sidebar_layout":"default_layout","footnotes":""},"categories":[10,7],"tags":[],"class_list":["post-77083","post","type-post","status-publish","format-standard","has-post-thumbnail","hentry","category-opiniones","category-videos"],"acf":[],"_links":{"self":[{"href":"https:\/\/vocesparalelas.com.ar\/sitio\/wp-json\/wp\/v2\/posts\/77083","targetHints":{"allow":["GET"]}}],"collection":[{"href":"https:\/\/vocesparalelas.com.ar\/sitio\/wp-json\/wp\/v2\/posts"}],"about":[{"href":"https:\/\/vocesparalelas.com.ar\/sitio\/wp-json\/wp\/v2\/types\/post"}],"author":[{"embeddable":true,"href":"https:\/\/vocesparalelas.com.ar\/sitio\/wp-json\/wp\/v2\/users\/3"}],"replies":[{"embeddable":true,"href":"https:\/\/vocesparalelas.com.ar\/sitio\/wp-json\/wp\/v2\/comments?post=77083"}],"version-history":[{"count":2,"href":"https:\/\/vocesparalelas.com.ar\/sitio\/wp-json\/wp\/v2\/posts\/77083\/revisions"}],"predecessor-version":[{"id":77089,"href":"https:\/\/vocesparalelas.com.ar\/sitio\/wp-json\/wp\/v2\/posts\/77083\/revisions\/77089"}],"wp:featuredmedia":[{"embeddable":true,"href":"https:\/\/vocesparalelas.com.ar\/sitio\/wp-json\/wp\/v2\/media\/77087"}],"wp:attachment":[{"href":"https:\/\/vocesparalelas.com.ar\/sitio\/wp-json\/wp\/v2\/media?parent=77083"}],"wp:term":[{"taxonomy":"category","embeddable":true,"href":"https:\/\/vocesparalelas.com.ar\/sitio\/wp-json\/wp\/v2\/categories?post=77083"},{"taxonomy":"post_tag","embeddable":true,"href":"https:\/\/vocesparalelas.com.ar\/sitio\/wp-json\/wp\/v2\/tags?post=77083"}],"curies":[{"name":"wp","href":"https:\/\/api.w.org\/{rel}","templated":true}]}}