{"id":77076,"date":"2024-09-19T20:55:43","date_gmt":"2024-09-19T23:55:43","guid":{"rendered":"https:\/\/vocesparalelas.com.ar\/sitio\/?p=77076"},"modified":"2024-09-22T01:52:18","modified_gmt":"2024-09-22T04:52:18","slug":"sumate-a-primavera-kids-y-primavera-rock-para-disfrutar-en-familia-en-rivadavia","status":"publish","type":"post","link":"https:\/\/vocesparalelas.com.ar\/sitio\/sumate-a-primavera-kids-y-primavera-rock-para-disfrutar-en-familia-en-rivadavia\/","title":{"rendered":"Sumate a \u00abPrimavera Kids\u00bb y \u00abPrimavera Rock\u00bb para disfrutar en familia en Rivadavia"},"content":{"rendered":"<p>La Municipalidad de la Ciudad de Rivadavia invita a sumergirte en un mar de colores, ritmos y emociones el S\u00e1bado, 21 de Septiembre, en el Anfiteatro del Parque de Rivadavia, con entrada es libre y gratuita, para celebrar juntos el D\u00eda de la Primavera<\/p>\n<p><strong><span style=\"color: #008000;\">Programa<\/span><\/strong><\/p>\n<ul>\n<li>16 hs.; \u00abPrimavera Kids\u00bb toma el escenario con una diversi\u00f3n especialmente dise\u00f1ada para los m\u00e1s peque\u00f1os. Actividades l\u00fadicas, juegos y sorpresas crear\u00e1n una atm\u00f3sfera m\u00e1gica que har\u00e1 brillar los ojos de los ni\u00f1os.<\/li>\n<li>19 hs, \u00abPrimavera Rock\u00bb electrifica el ambiente con las bandas Lank, Reino y Riel, ofreciendo un espect\u00e1culo musical en vivo que promete dejar con ganas de m\u00e1s.<\/li>\n<\/ul>\n<p>Tambi\u00e9n, se realizan emocionantes concursos y actividades para los diferentes gustos. Sos un experto en trivia? Participa del concurso de \u201cPreguntados\u201d. Tienes pasi\u00f3n por la danza? Participa en el concurso \u00abBaila en Trend de Tik Tok\u201d y llevate premios incre\u00edbles.<\/p>\n<p>No te pierdas esta oportunidad de disfrutar de la llegada de la primavera en un ambiente seguro, entre amigos y familia.<\/p>\n<p><img loading=\"lazy\" decoding=\"async\" class=\"alignnone size-large wp-image-15197\" src=\"https:\/\/vocesparalelas.com.ar\/sitio\/wp-content\/uploads\/2018\/09\/PARQUE-DE-RIVADAVIA-01-800x600.jpg\" alt=\"\" width=\"800\" height=\"600\" srcset=\"https:\/\/vocesparalelas.com.ar\/sitio\/wp-content\/uploads\/2018\/09\/PARQUE-DE-RIVADAVIA-01-800x600.jpg 800w, https:\/\/vocesparalelas.com.ar\/sitio\/wp-content\/uploads\/2018\/09\/PARQUE-DE-RIVADAVIA-01-300x225.jpg 300w, https:\/\/vocesparalelas.com.ar\/sitio\/wp-content\/uploads\/2018\/09\/PARQUE-DE-RIVADAVIA-01-768x576.jpg 768w, https:\/\/vocesparalelas.com.ar\/sitio\/wp-content\/uploads\/2018\/09\/PARQUE-DE-RIVADAVIA-01.jpg 1000w\" sizes=\"auto, (max-width: 800px) 100vw, 800px\" \/><\/p>\n<p>El Intendente de la Municipalidad de la Ciudad de Rivadavia, Sergio Miodowsky y su equipo dise\u00f1aron un cronograma de actividades recreativas y seguras para que sus vecinos festejen la llegada de la nueva estaci\u00f3n en su propia ciudad.<\/p>\n<p><img loading=\"lazy\" decoding=\"async\" class=\"alignnone size-full wp-image-66896\" src=\"https:\/\/vocesparalelas.com.ar\/sitio\/wp-content\/uploads\/2023\/12\/RIVADAVIA-LOGO-NUEVO.jpg\" alt=\"\" width=\"800\" height=\"533\" srcset=\"https:\/\/vocesparalelas.com.ar\/sitio\/wp-content\/uploads\/2023\/12\/RIVADAVIA-LOGO-NUEVO.jpg 800w, https:\/\/vocesparalelas.com.ar\/sitio\/wp-content\/uploads\/2023\/12\/RIVADAVIA-LOGO-NUEVO-300x200.jpg 300w, https:\/\/vocesparalelas.com.ar\/sitio\/wp-content\/uploads\/2023\/12\/RIVADAVIA-LOGO-NUEVO-768x512.jpg 768w\" sizes=\"auto, (max-width: 800px) 100vw, 800px\" \/><\/p>\n<p>&nbsp;<\/p>\n","protected":false},"excerpt":{"rendered":"<p>La Municipalidad de la Ciudad de Rivadavia invita a sumergirte en un mar de colores, ritmos y emociones el S\u00e1bado,<\/p>\n","protected":false},"author":3,"featured_media":77081,"comment_status":"closed","ping_status":"closed","sticky":false,"template":"","format":"standard","meta":{"_acf_changed":false,"_seopress_robots_primary_cat":"none","_seopress_titles_title":"","_seopress_titles_desc":"","_seopress_robots_index":"","colormag_page_container_layout":"default_layout","colormag_page_sidebar_layout":"default_layout","footnotes":""},"categories":[1],"tags":[],"class_list":["post-77076","post","type-post","status-publish","format-standard","has-post-thumbnail","hentry","category-destacadas"],"acf":[],"_links":{"self":[{"href":"https:\/\/vocesparalelas.com.ar\/sitio\/wp-json\/wp\/v2\/posts\/77076","targetHints":{"allow":["GET"]}}],"collection":[{"href":"https:\/\/vocesparalelas.com.ar\/sitio\/wp-json\/wp\/v2\/posts"}],"about":[{"href":"https:\/\/vocesparalelas.com.ar\/sitio\/wp-json\/wp\/v2\/types\/post"}],"author":[{"embeddable":true,"href":"https:\/\/vocesparalelas.com.ar\/sitio\/wp-json\/wp\/v2\/users\/3"}],"replies":[{"embeddable":true,"href":"https:\/\/vocesparalelas.com.ar\/sitio\/wp-json\/wp\/v2\/comments?post=77076"}],"version-history":[{"count":2,"href":"https:\/\/vocesparalelas.com.ar\/sitio\/wp-json\/wp\/v2\/posts\/77076\/revisions"}],"predecessor-version":[{"id":77082,"href":"https:\/\/vocesparalelas.com.ar\/sitio\/wp-json\/wp\/v2\/posts\/77076\/revisions\/77082"}],"wp:featuredmedia":[{"embeddable":true,"href":"https:\/\/vocesparalelas.com.ar\/sitio\/wp-json\/wp\/v2\/media\/77081"}],"wp:attachment":[{"href":"https:\/\/vocesparalelas.com.ar\/sitio\/wp-json\/wp\/v2\/media?parent=77076"}],"wp:term":[{"taxonomy":"category","embeddable":true,"href":"https:\/\/vocesparalelas.com.ar\/sitio\/wp-json\/wp\/v2\/categories?post=77076"},{"taxonomy":"post_tag","embeddable":true,"href":"https:\/\/vocesparalelas.com.ar\/sitio\/wp-json\/wp\/v2\/tags?post=77076"}],"curies":[{"name":"wp","href":"https:\/\/api.w.org\/{rel}","templated":true}]}}