{"id":77071,"date":"2024-09-19T22:36:32","date_gmt":"2024-09-20T01:36:32","guid":{"rendered":"https:\/\/vocesparalelas.com.ar\/sitio\/?p=77071"},"modified":"2024-09-20T22:39:19","modified_gmt":"2024-09-21T01:39:19","slug":"nueva-gestion-un-personal-incondicional-en-la-casa-natal-de-sarmiento-fortalece-sus-actividades-en-san-juan","status":"publish","type":"post","link":"https:\/\/vocesparalelas.com.ar\/sitio\/nueva-gestion-un-personal-incondicional-en-la-casa-natal-de-sarmiento-fortalece-sus-actividades-en-san-juan\/","title":{"rendered":"Nueva gesti\u00f3n, un personal incondicional en la Casa Natal de Sarmiento fortalece sus actividades en San Juan"},"content":{"rendered":"<p>La Casa Natal de Sarmiento es un espacio elegido por los turistas, los locales, los docentes d y alumnos de las Escuelas de San Juan. Refleja la historia y las paz de la educaci\u00f3n del Gran Maestro de Am\u00e9rica.<\/p>\n<p><img loading=\"lazy\" decoding=\"async\" class=\"alignnone size-full wp-image-77074\" src=\"https:\/\/vocesparalelas.com.ar\/sitio\/wp-content\/uploads\/2024\/09\/SARMIENTO-ENI.jpg\" alt=\"\" width=\"800\" height=\"600\" srcset=\"https:\/\/vocesparalelas.com.ar\/sitio\/wp-content\/uploads\/2024\/09\/SARMIENTO-ENI.jpg 800w, https:\/\/vocesparalelas.com.ar\/sitio\/wp-content\/uploads\/2024\/09\/SARMIENTO-ENI-300x225.jpg 300w, https:\/\/vocesparalelas.com.ar\/sitio\/wp-content\/uploads\/2024\/09\/SARMIENTO-ENI-768x576.jpg 768w\" sizes=\"auto, (max-width: 800px) 100vw, 800px\" \/><\/p>\n<p>El legado de Domingo Faustino de Sarmiento\u00a0 se ve reflejado en cada uno de los objetos expuestos, en el recorrido con la visita guiada del personal id\u00f3neo que ama la casa por sus habitantes, las charlas con la b\u00fasqueda de los privilegios de un grande que luch\u00f3 por la educaci\u00f3n de la poblaci\u00f3n.<\/p>\n<p><img loading=\"lazy\" decoding=\"async\" class=\"alignnone size-large wp-image-5561\" src=\"https:\/\/vocesparalelas.com.ar\/sitio\/wp-content\/uploads\/2017\/09\/CASA-06-800x534.jpg\" alt=\"\" width=\"800\" height=\"534\" srcset=\"https:\/\/vocesparalelas.com.ar\/sitio\/wp-content\/uploads\/2017\/09\/CASA-06-800x534.jpg 800w, https:\/\/vocesparalelas.com.ar\/sitio\/wp-content\/uploads\/2017\/09\/CASA-06-300x200.jpg 300w, https:\/\/vocesparalelas.com.ar\/sitio\/wp-content\/uploads\/2017\/09\/CASA-06-768x512.jpg 768w, https:\/\/vocesparalelas.com.ar\/sitio\/wp-content\/uploads\/2017\/09\/CASA-06.jpg 1000w\" sizes=\"auto, (max-width: 800px) 100vw, 800px\" \/><\/p>\n<p>Se disfruta cada instancia que permite seguir trabajando para la comunidad en el rol que le compete para fortalecer los idearios de pr\u00f3cer de San Juan a nivel provincial, Nacional e internacional.<\/p>\n<figure id=\"attachment_73698\" aria-describedby=\"caption-attachment-73698\" style=\"width: 800px\" class=\"wp-caption alignnone\"><img loading=\"lazy\" decoding=\"async\" class=\"size-full wp-image-73698\" src=\"https:\/\/vocesparalelas.com.ar\/sitio\/wp-content\/uploads\/2024\/06\/MyBCNS-PERSONAL.jpg\" alt=\"\" width=\"800\" height=\"527\" srcset=\"https:\/\/vocesparalelas.com.ar\/sitio\/wp-content\/uploads\/2024\/06\/MyBCNS-PERSONAL.jpg 800w, https:\/\/vocesparalelas.com.ar\/sitio\/wp-content\/uploads\/2024\/06\/MyBCNS-PERSONAL-300x198.jpg 300w, https:\/\/vocesparalelas.com.ar\/sitio\/wp-content\/uploads\/2024\/06\/MyBCNS-PERSONAL-768x506.jpg 768w\" sizes=\"auto, (max-width: 800px) 100vw, 800px\" \/><figcaption id=\"caption-attachment-73698\" class=\"wp-caption-text\">Personal del Museo y Biblioteca de la Casa Natal de Sarmiento en San Juan<\/figcaption><\/figure>\n<p>Por ello Voces Paralelas desarroll\u00f3 una entrevista period\u00edstica al Director de la Casa Natal de Sarmiento, Dr. Renato L\u00f3pez, quien propone un trabajo para transmitir el Legado y la perseverancia ideal que se transmite a trav\u00e9s de la historia de Domingo Faustino de Sarmiento .<\/p>\n<p><iframe loading=\"lazy\" title=\"SARMIENTO DR RENATO L\u00d3PEZ\" width=\"800\" height=\"450\" src=\"https:\/\/www.youtube.com\/embed\/21KIKjiRUiM?feature=oembed\" frameborder=\"0\" allow=\"accelerometer; autoplay; clipboard-write; encrypted-media; gyroscope; picture-in-picture; web-share\" referrerpolicy=\"strict-origin-when-cross-origin\" allowfullscreen><\/iframe><\/p>\n<p>&nbsp;<\/p>\n<p>&nbsp;<\/p>\n<p><img loading=\"lazy\" decoding=\"async\" class=\"alignnone size-full wp-image-41747\" src=\"https:\/\/vocesparalelas.com.ar\/sitio\/wp-content\/uploads\/2021\/09\/CASA-SARMIENTO-FRENTE-02.jpg\" alt=\"\" width=\"800\" height=\"533\" srcset=\"https:\/\/vocesparalelas.com.ar\/sitio\/wp-content\/uploads\/2021\/09\/CASA-SARMIENTO-FRENTE-02.jpg 800w, https:\/\/vocesparalelas.com.ar\/sitio\/wp-content\/uploads\/2021\/09\/CASA-SARMIENTO-FRENTE-02-300x200.jpg 300w, https:\/\/vocesparalelas.com.ar\/sitio\/wp-content\/uploads\/2021\/09\/CASA-SARMIENTO-FRENTE-02-768x512.jpg 768w\" sizes=\"auto, (max-width: 800px) 100vw, 800px\" \/><\/p>\n<p>&nbsp;<\/p>\n","protected":false},"excerpt":{"rendered":"<p>La Casa Natal de Sarmiento es un espacio elegido por los turistas, los locales, los docentes d y alumnos de<\/p>\n","protected":false},"author":3,"featured_media":76954,"comment_status":"closed","ping_status":"closed","sticky":false,"template":"","format":"standard","meta":{"_acf_changed":false,"_seopress_robots_primary_cat":"none","_seopress_titles_title":"","_seopress_titles_desc":"","_seopress_robots_index":"","colormag_page_container_layout":"default_layout","colormag_page_sidebar_layout":"default_layout","footnotes":""},"categories":[10,7],"tags":[],"class_list":["post-77071","post","type-post","status-publish","format-standard","has-post-thumbnail","hentry","category-opiniones","category-videos"],"acf":[],"_links":{"self":[{"href":"https:\/\/vocesparalelas.com.ar\/sitio\/wp-json\/wp\/v2\/posts\/77071","targetHints":{"allow":["GET"]}}],"collection":[{"href":"https:\/\/vocesparalelas.com.ar\/sitio\/wp-json\/wp\/v2\/posts"}],"about":[{"href":"https:\/\/vocesparalelas.com.ar\/sitio\/wp-json\/wp\/v2\/types\/post"}],"author":[{"embeddable":true,"href":"https:\/\/vocesparalelas.com.ar\/sitio\/wp-json\/wp\/v2\/users\/3"}],"replies":[{"embeddable":true,"href":"https:\/\/vocesparalelas.com.ar\/sitio\/wp-json\/wp\/v2\/comments?post=77071"}],"version-history":[{"count":1,"href":"https:\/\/vocesparalelas.com.ar\/sitio\/wp-json\/wp\/v2\/posts\/77071\/revisions"}],"predecessor-version":[{"id":77075,"href":"https:\/\/vocesparalelas.com.ar\/sitio\/wp-json\/wp\/v2\/posts\/77071\/revisions\/77075"}],"wp:featuredmedia":[{"embeddable":true,"href":"https:\/\/vocesparalelas.com.ar\/sitio\/wp-json\/wp\/v2\/media\/76954"}],"wp:attachment":[{"href":"https:\/\/vocesparalelas.com.ar\/sitio\/wp-json\/wp\/v2\/media?parent=77071"}],"wp:term":[{"taxonomy":"category","embeddable":true,"href":"https:\/\/vocesparalelas.com.ar\/sitio\/wp-json\/wp\/v2\/categories?post=77071"},{"taxonomy":"post_tag","embeddable":true,"href":"https:\/\/vocesparalelas.com.ar\/sitio\/wp-json\/wp\/v2\/tags?post=77071"}],"curies":[{"name":"wp","href":"https:\/\/api.w.org\/{rel}","templated":true}]}}