{"id":77054,"date":"2024-09-19T14:12:52","date_gmt":"2024-09-19T17:12:52","guid":{"rendered":"https:\/\/vocesparalelas.com.ar\/sitio\/?p=77054"},"modified":"2024-09-20T23:13:38","modified_gmt":"2024-09-21T02:13:38","slug":"forum-innovacion-y-energia-para-crecer-en-la-fiesta-nacional-del-sol-2024-somos-energia-en-san-juan","status":"publish","type":"post","link":"https:\/\/vocesparalelas.com.ar\/sitio\/forum-innovacion-y-energia-para-crecer-en-la-fiesta-nacional-del-sol-2024-somos-energia-en-san-juan\/","title":{"rendered":"Forum \u201cInnovaci\u00f3n y Energ\u00eda para Crecer\u00bb en la Fiesta Nacional del Sol 2024 \u00abSomos Energ\u00eda\u00bb en San Juan"},"content":{"rendered":"<p>La Casa de San Juan en Buenos Aires fue sede del encuentro \u00abSan Juan y sus virtudes\u00bb antesala a la emblem\u00e1tica Fiesta Nacional del Sol 2024 \u00abSomos Energ\u00eda\u00bb, a realizarse el 31 de Octubre, 01 y 02 de Noviembre, en San Juan.<\/p>\n<p><img loading=\"lazy\" decoding=\"async\" class=\"alignnone size-full wp-image-75903\" src=\"https:\/\/vocesparalelas.com.ar\/sitio\/wp-content\/uploads\/2024\/08\/FNS-2024-02.jpg\" alt=\"\" width=\"800\" height=\"480\" srcset=\"https:\/\/vocesparalelas.com.ar\/sitio\/wp-content\/uploads\/2024\/08\/FNS-2024-02.jpg 800w, https:\/\/vocesparalelas.com.ar\/sitio\/wp-content\/uploads\/2024\/08\/FNS-2024-02-300x180.jpg 300w, https:\/\/vocesparalelas.com.ar\/sitio\/wp-content\/uploads\/2024\/08\/FNS-2024-02-768x461.jpg 768w\" sizes=\"auto, (max-width: 800px) 100vw, 800px\" \/><\/p>\n<p>A su vez, como novedad se anunci\u00f3 ante un p\u00fablico colmado de embajadores de distintos pa\u00edses y representantes de sectores clave, el FNS Forum \u201cInnovaci\u00f3n y Energ\u00eda para Crecer\u00bb.<\/p>\n<p>La actividad tiene como objetivo resaltar las virtudes de la Provincia de San Juan, promoviendo la innovaci\u00f3n y el desarrollo productivo y energ\u00e9tico en un ambiente festivo y de celebraci\u00f3n. Para conectar ideas, compartir experiencias y fomentar el crecimiento sostenible en la regi\u00f3n, fortalecer lazos comerciales y explorar nuevas oportunidades de colaboraci\u00f3n. El anuncio fue bien recepcionado por los representantes diplom\u00e1ticos del mundo que comprometieron su asistencia.<\/p>\n<p>Es as\u00ed que, el Gobernador de San Juan, Dr. Marcelo Orrego destac\u00f3 que \u00abestamos muy contentos de haber estado presentando este forum que tendr\u00e1 lugar en esta nueva edici\u00f3n de la Fiesta Nacional del Sol 2024. Estamos convencidos que ser\u00e1 un escenario ideal para seguir poniendo a San Juan en los ojos del mundo, con todo el potencial productivo, energ\u00e9tico y tur\u00edstico que tenemos\u201d. Dijo adem\u00e1s que \u201chemos tenido una gran aceptaci\u00f3n y mucho inter\u00e9s de quienes hoy estuvieron en esta presentaci\u00f3n, confiamos en que ser\u00e1 un espacio exitoso que ayudar\u00e1 a que se abran oportunidades de desarrollo y progreso\u201d.<\/p>\n<p><img loading=\"lazy\" decoding=\"async\" class=\"alignnone size-full wp-image-77058\" src=\"https:\/\/vocesparalelas.com.ar\/sitio\/wp-content\/uploads\/2024\/09\/FNS-SAN-JUAN-CASA-01.jpg\" alt=\"\" width=\"800\" height=\"533\" srcset=\"https:\/\/vocesparalelas.com.ar\/sitio\/wp-content\/uploads\/2024\/09\/FNS-SAN-JUAN-CASA-01.jpg 800w, https:\/\/vocesparalelas.com.ar\/sitio\/wp-content\/uploads\/2024\/09\/FNS-SAN-JUAN-CASA-01-300x200.jpg 300w, https:\/\/vocesparalelas.com.ar\/sitio\/wp-content\/uploads\/2024\/09\/FNS-SAN-JUAN-CASA-01-768x512.jpg 768w\" sizes=\"auto, (max-width: 800px) 100vw, 800px\" \/><\/p>\n<p>Por su lado, el ministro de Producci\u00f3n, Trabajo e Innovaci\u00f3n, CPN Gustavo Fern\u00e1ndez remarc\u00f3 que \u00abes muy importante para nosotros invitarlos a participar de la Fiesta Nacional del Sol, una iniciativa del Gobernador que incluye el primer FNS Forum, orientado a debatir sobre innovaci\u00f3n y sustentabilidad. San Juan se presenta al mundo con grandes oportunidades en sectores como la miner\u00eda y las energ\u00edas renovables, especialmente la solar. Queremos ofrecer un espacio para que la comunidad nacional e internacional intercambie ideas sobre estos temas. Estamos abiertos al mundo, y el Gobernador busca que la actividad privada impulse el crecimiento y el empleo, vinculando cultura y producci\u00f3n.<\/p>\n<p>\u00abEl FNS Forum contar\u00e1 con tres momentos clave: rondas de negocios e inversi\u00f3n, el jueves 31 de Octubre, el Emprezar Inspira con grandes referentes de innovaci\u00f3n y sustentabilidad, y el Summit Argentina Impacta, donde debatiremos sobre sustentabilidad, el rol de la mujer en el mundo empresario y el desarrollo de cadenas de valor. Estos temas son fundamentales para el futuro de San Juan, y agradecemos su participaci\u00f3n, especialmente de quienes representan a las embajadas y empresas internacionales. Esperamos recibirlos nuevamente en San Juan, ampliando el horizonte de oportunidades que ofrecemos al mundo\u00bb.<\/p>\n<p>A esto, el ministro de Turismo, Cultura y Deporte, Dr. Guido Romero remarc\u00f3 que \u00abla Fiesta Nacional del Sol 2024 en San Juan ser\u00e1 un evento clave tanto cultural como econ\u00f3micamente, involucrando a artistas, productores y emprendedores que reflejan la diversidad de la provincia. Basada en tres principios\u2014austeridad, autofinanciamiento privado e impronta cultural local\u2014la fiesta se llevar\u00e1 a cabo en tres d\u00edas, aprovechando la infraestructura del Estadio Bicentenario y el vel\u00f3dromo. La participaci\u00f3n de empresas locales, nacionales e internacionales ser\u00e1 fundamental en la feria, mientras que los artistas y m\u00fasicos sanjuaninos tendr\u00e1n protagonismo en distintos escenarios que destacar\u00e1n la cultura y el deporte provincial\u00bb.<\/p>\n<p><iframe loading=\"lazy\" title=\"Orrego present\u00f3 F\u00f3rum Innovaci\u00f3n y Energ\u00eda para Crecer\" width=\"800\" height=\"450\" src=\"https:\/\/www.youtube.com\/embed\/DfAGmE75Lfw?feature=oembed\" frameborder=\"0\" allow=\"accelerometer; autoplay; clipboard-write; encrypted-media; gyroscope; picture-in-picture; web-share\" referrerpolicy=\"strict-origin-when-cross-origin\" allowfullscreen><\/iframe><\/p>\n<p>Acompa\u00f1aron al gobernador de San Juan, Dr. Marcelo Orrego la ministro de Gobierno, Dra. Laura Palma; el ministro de Turismo, Cultura y Deporte, Dr. Guido Romero, el ministro de Producci\u00f3n, Trabajo e Innovaci\u00f3n, CPN Gustavo Fern\u00e1ndez, la secretaria de Relaciones Institucionales, Dra. Claudia Sarmiento y el director de la Casa de San Juan en Buenos Aires, Eduardo Licciardi.<\/p>\n<p>Tambi\u00e9n, estuvo presente el vicecanciller y secretario de Relaciones Exteriores, Leopoldo Sahotes acompa\u00f1ado de funcionarios de la Canciller\u00eda Argentina.<\/p>\n<p>Por otra parte, asistieron el embajador de Chile, Jos\u00e9 Antonio Viera-Gallo Quesney; el embajador de Bolivia, Jorge Ramiro Tapia Sainz; el embajador de Suecia, Torsten Sven Ericsson; el embajador de Italia, Fabrizio Lucentini; el embajador de Indonesia, Sulaiman Syarif y el embajador de la Delegaci\u00f3n de la Uni\u00f3n Europea en Argentina, Amador S\u00e1nchez Rico.<\/p>\n<p>En representaci\u00f3n del BID, estuvo el Jefe de proyecto y de equipo de la Divisi\u00f3n Conectividad, Mercados y Finanzas, Patricio Sep\u00falveda.<\/p>\n<p><img loading=\"lazy\" decoding=\"async\" class=\"alignnone size-full wp-image-63056\" src=\"https:\/\/vocesparalelas.com.ar\/sitio\/wp-content\/uploads\/2023\/09\/CASA-SAN-JUAN-BUENOS-AIRES.jpg\" alt=\"\" width=\"800\" height=\"504\" srcset=\"https:\/\/vocesparalelas.com.ar\/sitio\/wp-content\/uploads\/2023\/09\/CASA-SAN-JUAN-BUENOS-AIRES.jpg 800w, https:\/\/vocesparalelas.com.ar\/sitio\/wp-content\/uploads\/2023\/09\/CASA-SAN-JUAN-BUENOS-AIRES-300x189.jpg 300w, https:\/\/vocesparalelas.com.ar\/sitio\/wp-content\/uploads\/2023\/09\/CASA-SAN-JUAN-BUENOS-AIRES-768x484.jpg 768w\" sizes=\"auto, (max-width: 800px) 100vw, 800px\" \/><\/p>\n<p>&nbsp;<\/p>\n","protected":false},"excerpt":{"rendered":"<p>La Casa de San Juan en Buenos Aires fue sede del encuentro \u00abSan Juan y sus virtudes\u00bb antesala a la<\/p>\n","protected":false},"author":3,"featured_media":77057,"comment_status":"closed","ping_status":"closed","sticky":false,"template":"","format":"standard","meta":{"_acf_changed":false,"_seopress_robots_primary_cat":"none","_seopress_titles_title":"","_seopress_titles_desc":"","_seopress_robots_index":"","colormag_page_container_layout":"default_layout","colormag_page_sidebar_layout":"default_layout","footnotes":""},"categories":[2,7],"tags":[],"class_list":["post-77054","post","type-post","status-publish","format-standard","has-post-thumbnail","hentry","category-convocatorias","category-videos"],"acf":[],"_links":{"self":[{"href":"https:\/\/vocesparalelas.com.ar\/sitio\/wp-json\/wp\/v2\/posts\/77054","targetHints":{"allow":["GET"]}}],"collection":[{"href":"https:\/\/vocesparalelas.com.ar\/sitio\/wp-json\/wp\/v2\/posts"}],"about":[{"href":"https:\/\/vocesparalelas.com.ar\/sitio\/wp-json\/wp\/v2\/types\/post"}],"author":[{"embeddable":true,"href":"https:\/\/vocesparalelas.com.ar\/sitio\/wp-json\/wp\/v2\/users\/3"}],"replies":[{"embeddable":true,"href":"https:\/\/vocesparalelas.com.ar\/sitio\/wp-json\/wp\/v2\/comments?post=77054"}],"version-history":[{"count":6,"href":"https:\/\/vocesparalelas.com.ar\/sitio\/wp-json\/wp\/v2\/posts\/77054\/revisions"}],"predecessor-version":[{"id":77138,"href":"https:\/\/vocesparalelas.com.ar\/sitio\/wp-json\/wp\/v2\/posts\/77054\/revisions\/77138"}],"wp:featuredmedia":[{"embeddable":true,"href":"https:\/\/vocesparalelas.com.ar\/sitio\/wp-json\/wp\/v2\/media\/77057"}],"wp:attachment":[{"href":"https:\/\/vocesparalelas.com.ar\/sitio\/wp-json\/wp\/v2\/media?parent=77054"}],"wp:term":[{"taxonomy":"category","embeddable":true,"href":"https:\/\/vocesparalelas.com.ar\/sitio\/wp-json\/wp\/v2\/categories?post=77054"},{"taxonomy":"post_tag","embeddable":true,"href":"https:\/\/vocesparalelas.com.ar\/sitio\/wp-json\/wp\/v2\/tags?post=77054"}],"curies":[{"name":"wp","href":"https:\/\/api.w.org\/{rel}","templated":true}]}}