{"id":77050,"date":"2024-09-19T13:20:45","date_gmt":"2024-09-19T16:20:45","guid":{"rendered":"https:\/\/vocesparalelas.com.ar\/sitio\/?p=77050"},"modified":"2024-09-20T19:32:35","modified_gmt":"2024-09-20T22:32:35","slug":"aprovecha-el-programa-de-capacitacion-en-aulas-talleres-moviles-en-san-juan","status":"publish","type":"post","link":"https:\/\/vocesparalelas.com.ar\/sitio\/aprovecha-el-programa-de-capacitacion-en-aulas-talleres-moviles-en-san-juan\/","title":{"rendered":"Aprovecha el Programa de capacitaci\u00f3n en Aulas Talleres M\u00f3viles en San Juan"},"content":{"rendered":"<p>El Ministerio de Educaci\u00f3n del Gobierno de San Juan, a trav\u00e9s de la delegaci\u00f3n San Juan del Instituto Nacional de Educaci\u00f3n Tecnol\u00f3gica, relanz\u00f3 el Programa Federal Red de Aulas Talleres M\u00f3viles &#8211; ATM -, que consiste en la capacitaci\u00f3n de oficios en unidades transportables, que se instalan en distintos Departamentos de San Juan.<\/p>\n<p>La ministra de Educaci\u00f3n del Gobierno de San Juan, Lic. Silvia Fuentes explic\u00f3 que \u00ablas Aulas Talleres M\u00f3viles son un espacio \u00f3ptimo para aprender un oficio, que luego seguramente brindar\u00e1 la posibilidad de tener trabajo. Estas ATM, repartidas estrat\u00e9gicamente en toda provincia, permitir\u00e1n acceder a cursos de capacitaci\u00f3n, formaci\u00f3n y oficios que San Juan necesita para producir\u201d.<\/p>\n<p>Luego, el secretario general de la Gobernaci\u00f3n, Lic. Emilio Achem destac\u00f3 que \u00abel gobernador Dr. Marcelo Orrego viene trabajando intensamente para que San Juan recupere su capacidad productiva; y sus pol\u00edticas p\u00fablicas est\u00e1n asentados en los pilares de aprender, trabajar y producir. Estas ATM o tambi\u00e9n las Aulas H\u00edbridas forman parte de iniciativas para tener capacitaciones que permitan acceder a mejores empleos\u201d.<\/p>\n<p>Seguidamente, desde la Direcci\u00f3n de Educaci\u00f3n T\u00e9cnica y Formaci\u00f3n Profesional del Ministerio de Educaci\u00f3n, Prof. Rodolfo Navas subray\u00f3 que \u201cCuando iniciamos la gesti\u00f3n resolvimos, bajo la direcci\u00f3n de la ministro de Educaci\u00f3n, recuperar las Aulas Talleres M\u00f3viles. Nos cost\u00f3 el reordenamiento, pero con el apoyo del ministerio y de socios estrat\u00e9gicos logramos que estas ATM vuelvan a moverse y a funcionar\u201d.<\/p>\n<p>Las Aulas Talleres M\u00f3viles cuentan con el equipamiento requerido seg\u00fan la especialidad t\u00e9cnica que se brinde. Son Trailers transportable y se desplazablen, tanto por v\u00eda terrestre como acu\u00e1tica, que reproduce las caracter\u00edsticas de un espacio de aula-taller o laboratorio.<\/p>\n<p>El Programa Federal Red de Aulas Talleres M\u00f3viles, creado bajo Resoluci\u00f3n N\u00b0 176\/12 y aprobada por el Consejo Federal de Educaci\u00f3n, asiste a la necesidad de asegurar espacios de formaci\u00f3n y capacitaci\u00f3n de personas, asegurando una educaci\u00f3n inclusiva y de calidad.<\/p>\n<p>En San Juan, llegaron cinco ATM que brindan cursos como mec\u00e1nica del automotor, soldadura, instalaciones sanitarias y de gas domiciliarias, refrigeraci\u00f3n o inform\u00e1tica los cuales se ubican en los Departamentos Sarmiento, J\u00e1chal y Capital.<\/p>\n<p><img loading=\"lazy\" decoding=\"async\" class=\"alignnone size-full wp-image-28629\" src=\"https:\/\/vocesparalelas.com.ar\/sitio\/wp-content\/uploads\/2020\/05\/MINISTERIO-EDUCACION-SJ.jpg\" alt=\"\" width=\"800\" height=\"533\" srcset=\"https:\/\/vocesparalelas.com.ar\/sitio\/wp-content\/uploads\/2020\/05\/MINISTERIO-EDUCACION-SJ.jpg 800w, https:\/\/vocesparalelas.com.ar\/sitio\/wp-content\/uploads\/2020\/05\/MINISTERIO-EDUCACION-SJ-300x200.jpg 300w, https:\/\/vocesparalelas.com.ar\/sitio\/wp-content\/uploads\/2020\/05\/MINISTERIO-EDUCACION-SJ-768x512.jpg 768w\" sizes=\"auto, (max-width: 800px) 100vw, 800px\" \/><\/p>\n","protected":false},"excerpt":{"rendered":"<p>El Ministerio de Educaci\u00f3n del Gobierno de San Juan, a trav\u00e9s de la delegaci\u00f3n San Juan del Instituto Nacional de<\/p>\n","protected":false},"author":3,"featured_media":9167,"comment_status":"closed","ping_status":"closed","sticky":false,"template":"","format":"standard","meta":{"_acf_changed":false,"_seopress_robots_primary_cat":"none","_seopress_titles_title":"","_seopress_titles_desc":"","_seopress_robots_index":"","colormag_page_container_layout":"default_layout","colormag_page_sidebar_layout":"default_layout","footnotes":""},"categories":[9],"tags":[],"class_list":["post-77050","post","type-post","status-publish","format-standard","has-post-thumbnail","hentry","category-cursos"],"acf":[],"_links":{"self":[{"href":"https:\/\/vocesparalelas.com.ar\/sitio\/wp-json\/wp\/v2\/posts\/77050","targetHints":{"allow":["GET"]}}],"collection":[{"href":"https:\/\/vocesparalelas.com.ar\/sitio\/wp-json\/wp\/v2\/posts"}],"about":[{"href":"https:\/\/vocesparalelas.com.ar\/sitio\/wp-json\/wp\/v2\/types\/post"}],"author":[{"embeddable":true,"href":"https:\/\/vocesparalelas.com.ar\/sitio\/wp-json\/wp\/v2\/users\/3"}],"replies":[{"embeddable":true,"href":"https:\/\/vocesparalelas.com.ar\/sitio\/wp-json\/wp\/v2\/comments?post=77050"}],"version-history":[{"count":1,"href":"https:\/\/vocesparalelas.com.ar\/sitio\/wp-json\/wp\/v2\/posts\/77050\/revisions"}],"predecessor-version":[{"id":77053,"href":"https:\/\/vocesparalelas.com.ar\/sitio\/wp-json\/wp\/v2\/posts\/77050\/revisions\/77053"}],"wp:featuredmedia":[{"embeddable":true,"href":"https:\/\/vocesparalelas.com.ar\/sitio\/wp-json\/wp\/v2\/media\/9167"}],"wp:attachment":[{"href":"https:\/\/vocesparalelas.com.ar\/sitio\/wp-json\/wp\/v2\/media?parent=77050"}],"wp:term":[{"taxonomy":"category","embeddable":true,"href":"https:\/\/vocesparalelas.com.ar\/sitio\/wp-json\/wp\/v2\/categories?post=77050"},{"taxonomy":"post_tag","embeddable":true,"href":"https:\/\/vocesparalelas.com.ar\/sitio\/wp-json\/wp\/v2\/tags?post=77050"}],"curies":[{"name":"wp","href":"https:\/\/api.w.org\/{rel}","templated":true}]}}