{"id":77025,"date":"2024-09-18T21:08:00","date_gmt":"2024-09-19T00:08:00","guid":{"rendered":"https:\/\/vocesparalelas.com.ar\/sitio\/?p=77025"},"modified":"2024-09-18T21:08:00","modified_gmt":"2024-09-19T00:08:00","slug":"desarrolla-la-novena-sesion-del-periodo-ordinario-la-camara-de-diputados-de-san-juan","status":"publish","type":"post","link":"https:\/\/vocesparalelas.com.ar\/sitio\/desarrolla-la-novena-sesion-del-periodo-ordinario-la-camara-de-diputados-de-san-juan\/","title":{"rendered":"Desarrolla la Novena Sesi\u00f3n del per\u00edodo ordinario la C\u00e1mara de Diputados de San Juan"},"content":{"rendered":"<p>El Jueves, 19 de Septiembre, a partir de las 9 horas, la C\u00e1mara de Diputados de San Juan celebra la Novena Sesi\u00f3n del per\u00edodo ordinario.<\/p>\n<p>En la oportunidad debatir\u00e1n sobre tablas dos proyectos de Ley (uno remitido por el Poder Ejecutivo y otro presentado por el diputado Fernando Patinella que proponen la adhesi\u00f3n de la provincia al R\u00e9gimen de Regularizaci\u00f3n de activos establecido en el T\u00edtulo II de la Ley Nacional N\u00b0 27.743, de Medidas Fiscales Paliativas y Relevantes.<\/p>\n<p>Por otro lado, pondr\u00e1n a consideraci\u00f3n cuatro proyectos de Ley presentados por el Interbloque Cambia San Juan que proponen:<\/p>\n<ul>\n<li>Crear el Programa de Inclusi\u00f3n Digital para Personas Mayores;<\/li>\n<li>Instituir el d\u00eda 15 de octubre como el D\u00eda de la Concientizaci\u00f3n sobre la Muerte Gestacional y Perinatal;<\/li>\n<li>Crear el programa de capacitaci\u00f3n obligatoria en la maniobra de Heimlich para los trabajadores de todos los establecimientos educativos tantos p\u00fablicos como privados;<\/li>\n<li>Instituir el D\u00eda Provincial del Archiv\u00edstica.<\/li>\n<\/ul>\n<p>Adem\u00e1s, tratar\u00e1 cinco proyectos de Ley remitidos por el Poder Ejecutivo que proponen aprobar los convenios que proponen:<\/p>\n<ul>\n<li>El financiamiento de las obras que por su importancia y grado de avance requieran contar con la regularizaci\u00f3n de los pagos;<\/li>\n<li>El r\u00e9gimen tributario diferenciado para las Obras de Infraestructura El\u00e9ctrica de la Provincia de San Juan;<\/li>\n<li>La Adenda al Contrato de Fideicomiso \u00abFondo Fiduciario de Infraestructura Proyecto Casposo\u00bb<\/li>\n<li>La Bonificaci\u00f3n de Tasas de Inter\u00e9s celebrada entre la Provincia de San Juan y el Banco de la Naci\u00f3n Argentina.<\/li>\n<li>El convenio \u201cPrograma de Asistencia para una Miner\u00eda Sustentable.<\/li>\n<\/ul>\n<p>Asimismo, el cuerpo Legislativo abordar\u00e1 un proyecto de Ley remitido por la Corte de Justicia que propone modificar el art\u00edculo 420 de la Ley N\u00b0 1851-O, C\u00f3digo Procesal Penal; y un proyecto de Ley presentado por la diputada Stella Caparros por el que se impone el nombre de Se\u00f1ora Laura Lewin a la escuela de nivel inicial N\u00ba 76, del departamento Pocito.<\/p>\n<p>A continuaci\u00f3n, se detallan los asuntos que definieron tratar en la Novena Sesi\u00f3n:<\/p>\n<p><span style=\"color: #800080;\"><strong>Programa de Inclusi\u00f3n Digital para Persona Mayores<\/strong><\/span><\/p>\n<p>Con despacho favorable de las comisiones de Legislaci\u00f3n y Asuntos Constitucionales (LAC); Educaci\u00f3n, Ciencia, T\u00e9cnica y Cultura; y Desarrollo Humano y Laboral; el cuerpo parlamentario tratar\u00e1 un proyecto de Ley presentado por el interbloque Cambia San Juan, por el que se crea el Programa de Inclusi\u00f3n Digital para Personas Mayores.<\/p>\n<p>El objetivo consiste en \u201cPropiciar el acceso al conocimiento e inclusi\u00f3n digital de las personas mayores por medio de herramientas y capacitaciones tecnol\u00f3gicas, que les permitan obtener beneficios en cuanto a la comunicaci\u00f3n, informaci\u00f3n, entretenimiento, productividad y gesti\u00f3n de tr\u00e1mites. Asimismo, dise\u00f1ar, promover e implementar una oferta de cursos, talleres y capacitaciones para el uso de dispositivos y herramientas digitales, que promuevan el acceso a la informaci\u00f3n, comunicaci\u00f3n e inclusi\u00f3n\u201d.<\/p>\n<p><strong><span style=\"color: #800080;\">D\u00eda de la Concientizaci\u00f3n sobre la Muerte Gestacional y Perinatal<\/span><\/strong><\/p>\n<p>Tras despacho favorable de las comisiones de LAC y Salud y Discapacidad, la Legislatura pondr\u00e1 a consideraci\u00f3n en el recinto el proyecto de Ley presentado por el interbloque Cambia San Juan mediante el cual se propone instituir el d\u00eda 15 de octubre de cada a\u00f1o como el \u201cD\u00eda de la Concientizaci\u00f3n sobre la Muerte Gestacional y Perinatal\u00bb.<\/p>\n<p>El objetivo de esta iniciativa es visibilizar la problem\u00e1tica relacionada con las muertes perinatales. En este sentido se establece en el art\u00edculo segundo que \u201ctodos los edificios p\u00fablicos dependientes del Poder Ejecutivo como de Poder Legislativo, se iluminen con los colores Rosa y Celeste, durante la tarde\/noche el 15 de octubre de cada a\u00f1o.<\/p>\n<p><strong><span style=\"color: #800080;\">Capacitaci\u00f3n de la maniobra de Heimlich<\/span><\/strong><\/p>\n<p>Asimismo, la C\u00e1mara de Diputados debatir\u00e1 un proyecto de Ley presentado por el interbloque Cambia San Juan que tuvo despacho favorable en las comisiones de LAC; Salud y Discapacidad; y Educaci\u00f3n, Ciencia, T\u00e9cnica y Cultura. Este asunto propone crear el Programa de Capacitaci\u00f3n obligatoria en la maniobra de Heimlich para los trabajadores de todos los establecimientos educativos tantos p\u00fablicos como privados.<\/p>\n<p><strong><span style=\"color: #800080;\">Convenio con el Ministerio de Capital Humano<\/span><\/strong><\/p>\n<p>Luego del despacho favorable en las comisiones de LAC, Educaci\u00f3n, Ciencia, T\u00e9cnica y Cultura y Obras y Servicios P\u00fablicos; la Legislatura pondr\u00e1 a consideraci\u00f3n un proyecto de Ley remitido por el Poder Ejecutivo que propone aprobar el convenio marco de Colaboraci\u00f3n celebrado entre la Secretaria de Educaci\u00f3n del Ministerio de Capital Humano de la Rep\u00fablica Argentina y la Provincia de San Juan, suscripto el 4 de julio de 2024.<\/p>\n<p>El objeto de este acuerdo consiste en trabajar en forma conjunta a los fines de adoptar medidas que permitan superar la situaci\u00f3n de emergencia creada por las excepcionales condiciones econ\u00f3micas y sociales que el pa\u00eds padece. De esta manera se propone continuar con el financiamiento de las obras que por su importancia y grado de avance requieran contar con la regularizaci\u00f3n de los pagos de los certificados de obra y sus actualizaciones de precios; y asimismo transferir el financiamiento y\/o ejecuci\u00f3n de determinadas obras p\u00fablicas a la Provincia, que se encuentra en condiciones de asumir dicho compromiso.<\/p>\n<p><strong><span style=\"color: #800080;\">R\u00e9gimen Tributario para obras de infraestructura el\u00e9ctrica<\/span><\/strong><\/p>\n<p>Tambi\u00e9n, con despacho favorable de las comisiones de LAC; Hacienda y Presupuesto; y Obras y Servicios P\u00fablicos, la Legislatura tratar\u00e1 durante la sesi\u00f3n un proyecto de Ley remitido por el Poder Ejecutivo que propone establecer un r\u00e9gimen tributario diferenciado para las Obras de Infraestructura El\u00e9ctrica de la Provincia de San Juan, comprendiendo la obra en s\u00ed, los contratos y subcontratos para la provisi\u00f3n de materiales y de equipos (Conductor de aluminio, Estructuras met\u00e1licas reticuladas, transformador trif\u00e1sico, equipos de playa, etc.), consultor\u00edas para la ejecuci\u00f3n de proyectos, estudios y asesoramientos en general, como as\u00ed tambi\u00e9n la supervisi\u00f3n e inspecci\u00f3n de la obra, en decir, todos los actos, contratos, y operaciones relacionados con la construcci\u00f3n, operaci\u00f3n y mantenimiento, con el fin de asegurar la inmediata concreci\u00f3n de tales Obras, que resultar\u00e1n integrada a los sistemas de transporte de jurisdicci\u00f3n nacional.<\/p>\n<p><strong><span style=\"color: #800080;\">Fondo Fiduciario de Infraestructura Proyecto Casposo<\/span><\/strong><\/p>\n<p>Por otra parte, el cuerpo Legislativo pondr\u00e1 a consideraci\u00f3n un proyecto de Ley remitido por el Poder Ejecutivo que tuvo despacho favorable en las comisiones de LAC; Hacienda y Presupuesto; y Miner\u00eda y Energ\u00eda. Este punto del orden del d\u00eda propone ratificar la adenda al Contrato de Fideicomiso \u00abFondo Fiduciario de Infraestructura Proyecto Casposo\u00bb, suscripta el 10 de junio de 2024, entre la provincia de San Juan y el Banco San Juan S.A. en car\u00e1cter de Fiduciante y Fiduciario respectivamente y se prorroga por el t\u00e9rmino de tres (3) a\u00f1os, a partir del 01 de Julio de 2024, el plazo de duraci\u00f3n.<\/p>\n<p><strong><span style=\"color: #800080;\">D\u00eda Provincial del Archivista<\/span><\/strong><\/p>\n<p>Con despacho favorable en las comisiones de LAC y Educaci\u00f3n, Ciencia, T\u00e9cnica y Cultura, la C\u00e1mara de Diputados tratar\u00e1 un proyecto de Ley presentado por el interbloque Cambia San Juan que propone instituir el d\u00eda 22 de septiembre de cada a\u00f1o como \u00abD\u00eda Provincial del Archivista\u00bb, en alusi\u00f3n al d\u00eda del Archivo General de la Provincia.<\/p>\n<p>Esta iniciativa tiene como objetivo reconocer y homenajear la labor de los archivistas y profesionales de la gesti\u00f3n documental en la preservaci\u00f3n y organizaci\u00f3n del patrimonio documental de la provincia.<\/p>\n<p>En el art\u00edculo tercero se establece que \u00abLa celebraci\u00f3n del D\u00eda Provincial del Archivista incluir\u00e1 actividades culturales, acad\u00e9micas y profesionales que promuevan la conciencia sobre la importancia de la gesti\u00f3n documental y la preservaci\u00f3n del patrimonio hist\u00f3rico\u00bb.<\/p>\n<p><strong><span style=\"color: #800080;\">\u00a0Adenda al convenio de bonificaci\u00f3n de tasas de inter\u00e9s<\/span><\/strong><\/p>\n<p>Tambi\u00e9n, la Legislatura tratar\u00e1 un proyecto de Ley remitido por el Poder Ejecutivo que propone ratificar la segunda adenda al convenio de Bonificaci\u00f3n de Tasas de Inter\u00e9s celebrada entre la Provincia de San Juan y el Banco de la Naci\u00f3n Argentina.<\/p>\n<p>A trav\u00e9s de la mencionada adenda se sustituye la fecha \u00ab31\/12\/2022, de la cl\u00e1usula d\u00e9cimo tercera del Convenio por la fecha \u00ab31\/12\/2023\u00bb, y adem\u00e1s se incorpora condiciones especiales en el marco de la Reglamentaciones N\u00b0 700- \u00abL\u00edneas de Cr\u00e9ditos MIPYMES CARLOS PELEGRINI\u00bb y la Reglamentaci\u00f3n N\u00b0 43 A \u2014 \u00abCr\u00e9ditos a Empresas para Capital de Trabajo e Inversiones\u00bb, de manera tal de poder otorgar financiamiento tanto a MiPyMEs como a Grandes Empresas que tengan asiento y desarrollen sus actividades en la provincia, se incrementan los montos de las L\u00edneas de Cr\u00e9ditos de pesos mil millones ($1.000.000.000,00) a pesos cuatro mil millones ($ 4.000.000.000,00).<\/p>\n<p><strong><span style=\"color: #800080;\">Modificaci\u00f3n del C\u00f3digo Procesal Penal<\/span><\/strong><\/p>\n<p>Por otro lado, los legisladores considerar\u00e1n un proyecto de Ley remitido por la Corte de Justicia de San Juan, que tuvo despacho favorable en las comisiones LAC; y Justicia y Seguridad.<\/p>\n<p>Este asunto propone sustituir el art\u00edculo 420 de la normativa 1851-O el cual quedar\u00e1 redactado de la siguiente manera:<\/p>\n<p>\u201cART\u00cdCULO 420: \u00c1mbito de aplicaci\u00f3n: El procedimiento de flagrancia es aplicable cuando se procede a la aprehensi\u00f3n en situaci\u00f3n de flagrancia del sospechoso en comisi\u00f3n o tentativa de delito doloso, cuya escala penal no supere los veinte (20) a\u00f1os de prisi\u00f3n o reclusi\u00f3n, o concurso de delitos en los que cada uno individualmente considerado, no exceda ese l\u00edmite.<\/p>\n<p>Para determinar la competencia se tiene en cuenta la pena establecida por la ley para el delito consumado y las circunstancias agravantes para su calificaci\u00f3n.<\/p>\n<p>Las acciones dependientes de instancia privada, a excepci\u00f3n del delito de lesiones leves, y las acciones privadas est\u00e1n excluidas del procedimiento de flagrancia\u201d.<\/p>\n<p><strong><span style=\"color: #800080;\">Programa de Asistencia para una Miner\u00eda Sustentable<\/span><\/strong><\/p>\n<p>Tras despacho favorable de las comisiones de LAC; Hacienda y Presupuesto; y Miner\u00eda y Energ\u00eda, el cuerpo Legislativo tratar\u00e1 en el recinto un proyecto de Ley remitido por el Poder Ejecutivo que propone aprobar el convenio \u201cPrograma de Asistencia para una Miner\u00eda Sustentable\u201d, celebrado entre el Gobierno de la provincia de San Juan y el Consejo Federal de Inversiones (CFI).<\/p>\n<p><strong><span style=\"color: #800080;\">Imposici\u00f3n de nombre en una escuela de Pocito<\/span><\/strong><\/p>\n<p>Con despacho favorable de las comisiones de Educaci\u00f3n, Ciencia, T\u00e9cnica y Cultura; y Peticiones y Poderes, la C\u00e1mara de Diputados tratar\u00e1 un proyecto de Ley presentado por el bloque Justicialista (diputada Stella Caparros) que propone imponer el nombre de Se\u00f1ora Laura Lewin a la escuela de nivel inicial N\u00ba 76, del departamento Pocito.<\/p>\n<p><strong><span style=\"color: #800080;\">R\u00e9gimen de Regularizaci\u00f3n de Activos<\/span><\/strong><\/p>\n<p>Sobre tablas, la Legislatura debatir\u00e1 en el recinto dos proyectos de Ley, uno remitido por el Poder Ejecutivo y otro presentado por el diputado Fernando Patinella del bloque La Libertad Avanza, referidos ambos al R\u00e9gimen de Regularizaci\u00f3n de Activos establecidos en el T\u00edtulo II de la Ley N\u00ba 27743, de Medidas Fiscales Paliativas y Relevantes.<\/p>\n<p><strong><span style=\"color: #800080;\">Proyectos de Resoluci\u00f3n<\/span><\/strong><\/p>\n<p>En la Novena Sesi\u00f3n, el cuerpo parlamentario pondr\u00e1 a consideraci\u00f3n los siguientes proyectos de Resoluci\u00f3n que proponen declara de inter\u00e9s:<\/p>\n<ul>\n<li>Comunitario, Las Jornadas sobre Psicopedagog\u00eda en Salud que estar\u00e1 dirigida a los profesionales psicopedagogos de la provincia y est\u00e1n organizadas por el Consejo Directivo del Colegio Profesional de Psicopedagogos de San Juan. (Interbloque Cambia San Juan)<\/li>\n<li>Educativo, social y cultural, el Seminario San Juan a realizarse los d\u00edas 25, 26, 27 y 28 de septiembre del corriente a\u00f1o, por la filial San Juan de la Fundaci\u00f3n Universitaria del R\u00edo de la Plata (FURP). (Interbloque Cambia San Juan)<\/li>\n<li>Educativo y cultural, el \u00abEl tercer encuentro anual de bibliotecarios\u00bb a realizarse los d\u00edas 23 y 24 de septiembre del corriente a\u00f1o, en el Sal\u00f3n Gobernador Eloy Prospero Camus del Centro C\u00edvico. (Interbloque Cambia San Juan)<\/li>\n<\/ul>\n<p><strong><span style=\"color: #800080;\">Proyecto de Declaraci\u00f3n<\/span><\/strong><\/p>\n<p>Por \u00faltimo, los legisladores considerar\u00e1n un proyecto de Declaraci\u00f3n presentado por el interbloque (bloque Frente Grande, bloque San Juan Vuelve, bloque Mejor Nosotros, bloque Justicialista) en repudio por la visita de diputados nacionales a genocidas encarcelados en la Unidad Penal N\u00ba 31 de Ezeiza.<\/p>\n<p><strong><span style=\"color: #800080;\">Proyectos que ser\u00e1n girados a comisiones<\/span><\/strong><\/p>\n<p>En la novena sesi\u00f3n, tomar\u00e1n estado parlamentario los siguientes proyectos de Ley que proponen:<\/p>\n<ul>\n<li>Aprobar el Convenio de cooperaci\u00f3n suscripto entre la Direcci\u00f3n Nacional de Vialidad y la Direcci\u00f3n Provincial de Vialidad de San Juan. (Presentado por el Poder Ejecutivo. Comisiones: LAC\/ Obras y Servicios P\u00fablicos)<\/li>\n<li>Aprobar el Convenio de Adquisici\u00f3n Directa de inmueble, suscripto entre la Direcci\u00f3n Nacional de Vialidad y la Provincia de San Juan. (Presentado por el Poder Ejecutivo. Comisiones: LAC\/ Obras y Servicios P\u00fablicos\/ Hacienda y Presupuesto).<\/li>\n<li>Ratificar el Convenio de Adquisici\u00f3n Directa de inmueble, suscripto entre la Direcci\u00f3n Nacional de Vialidad y la Provincia de San Juan. (Presentado por el Poder Ejecutivo. Comisiones: LAC\/ Obras y Servicios P\u00fablicos\/ Hacienda y Presupuesto).<\/li>\n<li>Crear cargos en los distintos escalafones del Poder Judicial. (Presentado por el Poder Judicial. Comisiones: LAC\/ Justicia y Seguridad\/ Hacienda y Presupuesto)<\/li>\n<li>Aprobar el Acuerdo de Compromiso de Gesti\u00f3n-Programa para la Implementaci\u00f3n de Unidades Hospitalarias de Procuraci\u00f3n de \u00d3rganos y Tejidos (UHPROT), suscripto entre en Instituto Nacional Central \u00danico Coordinador de Ablaci\u00f3n e Implante (INCUCAI), el Instituto de Ablaci\u00f3n e Implante de la Provincia de San Juan (INAISA), el Hospital P\u00fablico Descentralizado Dr. Guillermo Rawson, y el Ministerio de Salud. (Presentado por el Poder Ejecutivo. Comisiones: LAC\/ Salud y Discapacidad)<\/li>\n<li>Aprobar el Convenio Marco de colaboraci\u00f3n suscripto entre el Ministerio de Gobierno de San Juan y la Municipalidad de Sarmiento. (Presentado por el Poder Ejecutivo. Comisiones: LAC\/ Sistema Municipal\/ Educaci\u00f3n, Ciencia, T\u00e9cnica y Cultura)<\/li>\n<li>Ratificar el Convenio Marco de Colaboraci\u00f3n celebrado entre el Ministerio de Gobierno y la Asociaci\u00f3n sin fines de lucro Alianza Francesa de San Juan. (Presentado por el Poder Ejecutivo. Comisiones: LAC\/ Educaci\u00f3n, Ciencia, T\u00e9cnica y Cultura)<\/li>\n<li>Imponer el nombre de Escuela Nocturna Dr. Rodolfo Edgar Brusotti, a la Unidad Educativa Para Adultos M\u00f3vil N\u00b0 20 del Departamento Ullum. (Presentado por el Poder Ejecutivo. Comisiones: Educaci\u00f3n, Ciencia, T\u00e9cnica y Cultura\/ Peticiones y Poderes)<\/li>\n<li>Imponer el nombre de Escuela Am\u00e9rica Sof\u00eda Gil de Calvo a la Unidad Educativa para Adultos N\u00b0 2, del Departamento Caucete. (Presentado por el Poder Ejecutivo. Comisiones: Educaci\u00f3n, Ciencia, T\u00e9cnica y Cultura\/ Peticiones y Poderes)<\/li>\n<li>Imponer el nombre Escuela Ingeniero Mat\u00edas S\u00e1nchez de Loria a la Unidad Educativa Para Adultos N\u00b0 3, del Departamento Zonda. (Presentado por el Poder Ejecutivo. Comisiones: Educaci\u00f3n, Ciencia, T\u00e9cnica y Cultura\/ Peticiones y Poderes)<\/li>\n<li>Imponer el nombre Escuela Nocturna Paso de los Patos a la Unidad Educativa Para Adultos M\u00f3vil N\u00b0 7, del Departamento Calingasta. (Presentado por el Poder Ejecutivo. Comisiones: Educaci\u00f3n, Ciencia, T\u00e9cnica y Cultura\/ Peticiones y Poderes)<\/li>\n<li>Aprobar el Acuerdo Marco de Colaboraci\u00f3n en materia de Obras P\u00fablicas y su Anexo, celebrado entre la provincia de San Juan y la Secretar\u00eda de Obras P\u00fablicas del Ministerio de Econom\u00eda de la Naci\u00f3n. (Presentado por el Poder Ejecutivo. Comisiones: LAC\/ Obras y Servicios P\u00fablicos\/ Hacienda y Presupuesto.)<\/li>\n<li>Modificar la Ley N\u00b0 279-A, Sistema Provincial de Archivos (SIPAR). (Presentado por el bloque Justicialista. Comisiones: LAC \/ Control y Seguimiento Legislativo\/ Peticiones y Poderes)<\/li>\n<li>Crear el Programa Provincial de recolecci\u00f3n de medicamentos de uso humano y veterinario, generados en \u00e1mbitos domiciliarios. (Presentado por el bloque Justicialista. Comisiones: LAC \/ Salud y Discapacidad\/ Ambiente y Desarrollo Sostenible)<\/li>\n<li>Declarar la fiesta provincial y patrimonio cultural inmaterial a la Feria Provincial de la Cultura Popular y el Libro. (Presentado por el bloque Justicialista. Comisiones: LAC \/ Educaci\u00f3n, Ciencia, T\u00e9cnica y Cultura)<\/li>\n<li>Modificar el art\u00edculo 3\u00ba de la Ley N\u00ba 434-S, Ley de extensi\u00f3n del beneficio de pensi\u00f3n especial a familiares de ca\u00eddos en Malvinas. (Presentado por el bloque San Juan Vuelve. Comisiones: LAC \/ Hacienda y Presupuesto\/ Desarrollo Humano y Laboral)<\/li>\n<li>Reformar la Protecci\u00f3n de las Riquezas y Recursos Naturales existentes en todo el territorio de la provincia de San Juan. (Presentado por el bloque San Juan Vuelve. Comisiones: LAC \/ Ambiente)<\/li>\n<\/ul>\n<p>Asimismo, el cuerpo Legislativo enviar\u00e1 a comisiones para su estudio, los siguientes proyectos de Resoluci\u00f3n que proponen declarar de inter\u00e9s:<\/p>\n<ul>\n<li>El Taller Anual del Sistema de Informaci\u00f3n Universitaria (SIU 2024). (Bloque Justicialista. Comisi\u00f3n: Educaci\u00f3n, Ciencia, T\u00e9cnica y Cultura).<\/li>\n<li>El Congreso Internacional de Gastronom\u00eda \u00abCocinArte 2024 San Juan Sol y Tradici\u00f3n\u00bb. (Interbloque Cambia San Juan. Comisi\u00f3n: Educaci\u00f3n, Ciencia, T\u00e9cnica y Cultura).<\/li>\n<li>El XIX Congreso de la Sociedad Argentina de estudios Ling\u00fc\u00edsticos (SAEL). (Interbloque Cambia San Juan. Comisi\u00f3n: Educaci\u00f3n, Ciencia, T\u00e9cnica y Cultura).<\/li>\n<li>El Encuentro Bienal de Divulgaci\u00f3n cient\u00edfica en educaci\u00f3n. (Interbloque Cambia San Juan. Comisi\u00f3n: Educaci\u00f3n, Ciencia, T\u00e9cnica y Cultura).<\/li>\n<li>El Proyecto de Actualizaci\u00f3n, Capacitaci\u00f3n y Perfeccionamiento Docente continuo. (Interbloque Cambia San Juan. Comisi\u00f3n: Educaci\u00f3n, Ciencia, T\u00e9cnica y Cultura).<\/li>\n<li>El Proyecto \u00abJard\u00edn con Cat\u00e1logos Vivos\u00bb. (Interbloque Cambia San Juan. Comisi\u00f3n: Ambiente).<\/li>\n<li>Las 40\u00b0 Jornadas Simult\u00e1neas de Estudiantes de Ingenier\u00eda, Industrial y Carreras Afines (JoSELL). (Interbloque Cambia San Juan. Comisi\u00f3n: Educaci\u00f3n, Ciencia, T\u00e9cnica y Cultura).<\/li>\n<li>El Encuentro Nacional de Estudiantes de Astronom\u00eda 2024. (Interbloque Cambia San Juan. Comisi\u00f3n: Educaci\u00f3n, Ciencia, T\u00e9cnica y Cultura).<\/li>\n<li>El evento \u00abBar Inclusivo\u00bb. (Interbloque Cambia San Juan. Comisi\u00f3n: Educaci\u00f3n, Ciencia, T\u00e9cnica y Cultura).<\/li>\n<li>La EXPOINNOVA CUYO. (Bloque San Juan Vuelve. Comisi\u00f3n: Educaci\u00f3n, Ciencia, T\u00e9cnica y Cultura).<\/li>\n<li>La llegada del busto de Domingo Faustino Sarmiento y las actividades en conmemoraci\u00f3n al 150\u00b0 aniversario de la finalizaci\u00f3n de su mandato presidencial. (Interbloque Cambia San Juan. Comisi\u00f3n: \u00a0Educaci\u00f3n, Ciencia, T\u00e9cnica y Cultura).<\/li>\n<\/ul>\n<p>Por \u00faltimo, ser\u00e1n girados a sus respectivas comisiones los siguientes proyectos de comunicaci\u00f3n:<\/p>\n<ul>\n<li>Presentado por el bloque Del Este, por el que solicita al Poder Ejecutivo, arbitre los medios para la ejecuci\u00f3n de la impermeabilizaci\u00f3n de los canales de riego en el Departamento Angaco. (Obras y Servicios P\u00fablicos).<\/li>\n<li>Presentado por el bloque Del Este, por el que se solicita a la Secretar\u00eda de Seguridad y Orden P\u00fablico, la ampliaci\u00f3n de vigilancia del CISEM 911, en el Departamento Angaco. (Justicia y Seguridad)<\/li>\n<li>Presentado por el bloque Del Este, por el que se solicita a la Secretar\u00eda de Estado de Seguridad y Orden P\u00fablico, la creaci\u00f3n de una unidad operativa policial para las zonas de La Ca\u00f1ada, departamento Angaco. (Justicia y Seguridad)<\/li>\n<li>Presentado por el bloque Del Este, por el que se solicita al Poder Ejecutivo, la reparaci\u00f3n de los pasantes de canales de riego, en el Departamento Angaco. (Obras y Servicios P\u00fablicos).<\/li>\n<li>Presentado por el bloque Del Este, por el que se solicita al Ministerio de Infraestructura, Agua y Energ\u00eda la pavimentaci\u00f3n de los ingresos de las calles Divisoria y San Juan, del Departamento Angaco. (Obras y Servicios P\u00fablicos)<\/li>\n<\/ul>\n<figure id=\"attachment_37951\" aria-describedby=\"caption-attachment-37951\" style=\"width: 800px\" class=\"wp-caption alignnone\"><img loading=\"lazy\" decoding=\"async\" class=\"size-full wp-image-37951\" src=\"https:\/\/vocesparalelas.com.ar\/sitio\/wp-content\/uploads\/2021\/05\/CAMARA-EDIFICIO.jpg\" alt=\"\" width=\"800\" height=\"515\" srcset=\"https:\/\/vocesparalelas.com.ar\/sitio\/wp-content\/uploads\/2021\/05\/CAMARA-EDIFICIO.jpg 800w, https:\/\/vocesparalelas.com.ar\/sitio\/wp-content\/uploads\/2021\/05\/CAMARA-EDIFICIO-300x193.jpg 300w, https:\/\/vocesparalelas.com.ar\/sitio\/wp-content\/uploads\/2021\/05\/CAMARA-EDIFICIO-768x494.jpg 768w\" sizes=\"auto, (max-width: 800px) 100vw, 800px\" \/><figcaption id=\"caption-attachment-37951\" class=\"wp-caption-text\">Legislatura Provincial de San Juan, Rep\u00fablica Argentina<\/figcaption><\/figure>\n","protected":false},"excerpt":{"rendered":"<p>El Jueves, 19 de Septiembre, a partir de las 9 horas, la C\u00e1mara de Diputados de San Juan celebra la<\/p>\n","protected":false},"author":3,"featured_media":8062,"comment_status":"closed","ping_status":"closed","sticky":false,"template":"","format":"standard","meta":{"_acf_changed":false,"_seopress_robots_primary_cat":"none","_seopress_titles_title":"","_seopress_titles_desc":"","_seopress_robots_index":"","colormag_page_container_layout":"default_layout","colormag_page_sidebar_layout":"default_layout","footnotes":""},"categories":[1],"tags":[],"class_list":["post-77025","post","type-post","status-publish","format-standard","has-post-thumbnail","hentry","category-destacadas"],"acf":[],"_links":{"self":[{"href":"https:\/\/vocesparalelas.com.ar\/sitio\/wp-json\/wp\/v2\/posts\/77025","targetHints":{"allow":["GET"]}}],"collection":[{"href":"https:\/\/vocesparalelas.com.ar\/sitio\/wp-json\/wp\/v2\/posts"}],"about":[{"href":"https:\/\/vocesparalelas.com.ar\/sitio\/wp-json\/wp\/v2\/types\/post"}],"author":[{"embeddable":true,"href":"https:\/\/vocesparalelas.com.ar\/sitio\/wp-json\/wp\/v2\/users\/3"}],"replies":[{"embeddable":true,"href":"https:\/\/vocesparalelas.com.ar\/sitio\/wp-json\/wp\/v2\/comments?post=77025"}],"version-history":[{"count":1,"href":"https:\/\/vocesparalelas.com.ar\/sitio\/wp-json\/wp\/v2\/posts\/77025\/revisions"}],"predecessor-version":[{"id":77028,"href":"https:\/\/vocesparalelas.com.ar\/sitio\/wp-json\/wp\/v2\/posts\/77025\/revisions\/77028"}],"wp:featuredmedia":[{"embeddable":true,"href":"https:\/\/vocesparalelas.com.ar\/sitio\/wp-json\/wp\/v2\/media\/8062"}],"wp:attachment":[{"href":"https:\/\/vocesparalelas.com.ar\/sitio\/wp-json\/wp\/v2\/media?parent=77025"}],"wp:term":[{"taxonomy":"category","embeddable":true,"href":"https:\/\/vocesparalelas.com.ar\/sitio\/wp-json\/wp\/v2\/categories?post=77025"},{"taxonomy":"post_tag","embeddable":true,"href":"https:\/\/vocesparalelas.com.ar\/sitio\/wp-json\/wp\/v2\/tags?post=77025"}],"curies":[{"name":"wp","href":"https:\/\/api.w.org\/{rel}","templated":true}]}}