{"id":77018,"date":"2024-09-18T20:56:17","date_gmt":"2024-09-18T23:56:17","guid":{"rendered":"https:\/\/vocesparalelas.com.ar\/sitio\/?p=77018"},"modified":"2024-09-18T20:57:27","modified_gmt":"2024-09-18T23:57:27","slug":"se-suspenden-actividades-escolares-en-san-juan-durante-turno-manana-por-el-viento-zonda","status":"publish","type":"post","link":"https:\/\/vocesparalelas.com.ar\/sitio\/se-suspenden-actividades-escolares-en-san-juan-durante-turno-manana-por-el-viento-zonda\/","title":{"rendered":"Se suspenden actividades escolares en San Juan durante Turno Ma\u00f1ana por el Viento Zonda"},"content":{"rendered":"<p>Ante el alerta emitido por el Servicio Meteorol\u00f3gico Nacional y por recomendaci\u00f3n de Protecci\u00f3n Civil de la provincia; el Ministerio de Educaci\u00f3n del Gobierno de San Juan informa que se suspende la actividad escolar el Jueves, 19 de Septiembre de 2024, turno ma\u00f1ana.<\/p>\n<p>La suspensi\u00f3n alcanza de momento s\u00f3lo a este turno, en todos los niveles y modalidades de la provincia; a la vez que ser\u00e1 monitoreada la evoluci\u00f3n de las condiciones clim\u00e1ticas para el resto de la jornada. Toda novedad ser\u00e1 informada por este medio.<\/p>\n<p>La medida es de car\u00e1cter preventivo y el Ministerio de Educaci\u00f3n recuerda a directivos y docentes que se activa el Plan de Contingencia (Resoluci\u00f3n 12277-ME2024).<\/p>\n<p><img loading=\"lazy\" decoding=\"async\" class=\"alignnone size-full wp-image-28629\" src=\"https:\/\/vocesparalelas.com.ar\/sitio\/wp-content\/uploads\/2020\/05\/MINISTERIO-EDUCACION-SJ.jpg\" alt=\"\" width=\"800\" height=\"533\" srcset=\"https:\/\/vocesparalelas.com.ar\/sitio\/wp-content\/uploads\/2020\/05\/MINISTERIO-EDUCACION-SJ.jpg 800w, https:\/\/vocesparalelas.com.ar\/sitio\/wp-content\/uploads\/2020\/05\/MINISTERIO-EDUCACION-SJ-300x200.jpg 300w, https:\/\/vocesparalelas.com.ar\/sitio\/wp-content\/uploads\/2020\/05\/MINISTERIO-EDUCACION-SJ-768x512.jpg 768w\" sizes=\"auto, (max-width: 800px) 100vw, 800px\" \/><\/p>\n","protected":false},"excerpt":{"rendered":"<p>Ante el alerta emitido por el Servicio Meteorol\u00f3gico Nacional y por recomendaci\u00f3n de Protecci\u00f3n Civil de la provincia; el Ministerio<\/p>\n","protected":false},"author":3,"featured_media":15085,"comment_status":"closed","ping_status":"closed","sticky":false,"template":"","format":"standard","meta":{"_acf_changed":false,"_seopress_robots_primary_cat":"none","_seopress_titles_title":"","_seopress_titles_desc":"","_seopress_robots_index":"","colormag_page_container_layout":"default_layout","colormag_page_sidebar_layout":"default_layout","footnotes":""},"categories":[1],"tags":[],"class_list":["post-77018","post","type-post","status-publish","format-standard","has-post-thumbnail","hentry","category-destacadas"],"acf":[],"_links":{"self":[{"href":"https:\/\/vocesparalelas.com.ar\/sitio\/wp-json\/wp\/v2\/posts\/77018","targetHints":{"allow":["GET"]}}],"collection":[{"href":"https:\/\/vocesparalelas.com.ar\/sitio\/wp-json\/wp\/v2\/posts"}],"about":[{"href":"https:\/\/vocesparalelas.com.ar\/sitio\/wp-json\/wp\/v2\/types\/post"}],"author":[{"embeddable":true,"href":"https:\/\/vocesparalelas.com.ar\/sitio\/wp-json\/wp\/v2\/users\/3"}],"replies":[{"embeddable":true,"href":"https:\/\/vocesparalelas.com.ar\/sitio\/wp-json\/wp\/v2\/comments?post=77018"}],"version-history":[{"count":1,"href":"https:\/\/vocesparalelas.com.ar\/sitio\/wp-json\/wp\/v2\/posts\/77018\/revisions"}],"predecessor-version":[{"id":77021,"href":"https:\/\/vocesparalelas.com.ar\/sitio\/wp-json\/wp\/v2\/posts\/77018\/revisions\/77021"}],"wp:featuredmedia":[{"embeddable":true,"href":"https:\/\/vocesparalelas.com.ar\/sitio\/wp-json\/wp\/v2\/media\/15085"}],"wp:attachment":[{"href":"https:\/\/vocesparalelas.com.ar\/sitio\/wp-json\/wp\/v2\/media?parent=77018"}],"wp:term":[{"taxonomy":"category","embeddable":true,"href":"https:\/\/vocesparalelas.com.ar\/sitio\/wp-json\/wp\/v2\/categories?post=77018"},{"taxonomy":"post_tag","embeddable":true,"href":"https:\/\/vocesparalelas.com.ar\/sitio\/wp-json\/wp\/v2\/tags?post=77018"}],"curies":[{"name":"wp","href":"https:\/\/api.w.org\/{rel}","templated":true}]}}