{"id":76999,"date":"2024-09-19T13:59:15","date_gmt":"2024-09-19T16:59:15","guid":{"rendered":"https:\/\/vocesparalelas.com.ar\/sitio\/?p=76999"},"modified":"2024-09-20T00:57:37","modified_gmt":"2024-09-20T03:57:37","slug":"feria-agroproductiva-san-juan-primavera","status":"publish","type":"post","link":"https:\/\/vocesparalelas.com.ar\/sitio\/feria-agroproductiva-san-juan-primavera\/","title":{"rendered":"Feria Agroproductiva \u00abSan Juan Primavera\u00bb"},"content":{"rendered":"<p>El Viernes, 20 de Septiembre, de 17.30 a 22.30 hs, en el Paseo de las Palmeras del Parque de Mayo te espera la Feria agroproductiva \u00abSan Juan Primavera\u00bb.<\/p>\n<p>El ministerio de Producci\u00f3n, Trabajo e Innovaci\u00f3n a trav\u00e9s de la secretaria de Agricultura, Ganader\u00eda y Agroindustria invita a la comunidad con m\u00e1s de 115 productores y emprendedores provenientes de los diferentes departamentos para la exposici\u00f3n y venta de sus productos.<\/p>\n<p>Ellos ofrecen futas y verduras agroecol\u00f3gicas, dulces, conservas, panificaci\u00f3n, vinos, frutos secos, aceite de oliva, plantas, especias y medicina natural.<\/p>\n<p>Adem\u00e1s, por quinta vez el proyecto \u201cCambio Verde\u201d impulsado de forma conjunta entre los ministerios de Gobierno, Producci\u00f3n y la secretaria de Ambiente, participar\u00e1 de la edici\u00f3n con el fin de recaudar material reciclable mediante el intercambio de productos de la feria.<\/p>\n<p><img loading=\"lazy\" decoding=\"async\" class=\"alignnone size-full wp-image-74847\" src=\"https:\/\/vocesparalelas.com.ar\/sitio\/wp-content\/uploads\/2024\/07\/AMBIENTE-VERDE.jpg\" alt=\"\" width=\"800\" height=\"623\" srcset=\"https:\/\/vocesparalelas.com.ar\/sitio\/wp-content\/uploads\/2024\/07\/AMBIENTE-VERDE.jpg 800w, https:\/\/vocesparalelas.com.ar\/sitio\/wp-content\/uploads\/2024\/07\/AMBIENTE-VERDE-300x234.jpg 300w, https:\/\/vocesparalelas.com.ar\/sitio\/wp-content\/uploads\/2024\/07\/AMBIENTE-VERDE-768x598.jpg 768w\" sizes=\"auto, (max-width: 800px) 100vw, 800px\" \/><\/p>\n<p>Las actividades recreativas para ni\u00f1os y adolescentes vendr\u00e1n de la mano de representantes de Anchipurac que incentivar\u00e1n con sus propuestas de cuidado a la naturaleza.<\/p>\n<p><iframe loading=\"lazy\" title=\"FERIA AGROPRODUCTIVA SAN JUAN\" width=\"800\" height=\"450\" src=\"https:\/\/www.youtube.com\/embed\/s3Ywi3Ao_z4?feature=oembed\" frameborder=\"0\" allow=\"accelerometer; autoplay; clipboard-write; encrypted-media; gyroscope; picture-in-picture; web-share\" referrerpolicy=\"strict-origin-when-cross-origin\" allowfullscreen><\/iframe><\/p>\n","protected":false},"excerpt":{"rendered":"<p>El Viernes, 20 de Septiembre, de 17.30 a 22.30 hs, en el Paseo de las Palmeras del Parque de Mayo<\/p>\n","protected":false},"author":3,"featured_media":71556,"comment_status":"closed","ping_status":"closed","sticky":false,"template":"","format":"standard","meta":{"_acf_changed":false,"_seopress_robots_primary_cat":"none","_seopress_titles_title":"","_seopress_titles_desc":"","_seopress_robots_index":"","colormag_page_container_layout":"default_layout","colormag_page_sidebar_layout":"default_layout","footnotes":""},"categories":[1,7],"tags":[],"class_list":["post-76999","post","type-post","status-publish","format-standard","has-post-thumbnail","hentry","category-destacadas","category-videos"],"acf":[],"_links":{"self":[{"href":"https:\/\/vocesparalelas.com.ar\/sitio\/wp-json\/wp\/v2\/posts\/76999","targetHints":{"allow":["GET"]}}],"collection":[{"href":"https:\/\/vocesparalelas.com.ar\/sitio\/wp-json\/wp\/v2\/posts"}],"about":[{"href":"https:\/\/vocesparalelas.com.ar\/sitio\/wp-json\/wp\/v2\/types\/post"}],"author":[{"embeddable":true,"href":"https:\/\/vocesparalelas.com.ar\/sitio\/wp-json\/wp\/v2\/users\/3"}],"replies":[{"embeddable":true,"href":"https:\/\/vocesparalelas.com.ar\/sitio\/wp-json\/wp\/v2\/comments?post=76999"}],"version-history":[{"count":1,"href":"https:\/\/vocesparalelas.com.ar\/sitio\/wp-json\/wp\/v2\/posts\/76999\/revisions"}],"predecessor-version":[{"id":77002,"href":"https:\/\/vocesparalelas.com.ar\/sitio\/wp-json\/wp\/v2\/posts\/76999\/revisions\/77002"}],"wp:featuredmedia":[{"embeddable":true,"href":"https:\/\/vocesparalelas.com.ar\/sitio\/wp-json\/wp\/v2\/media\/71556"}],"wp:attachment":[{"href":"https:\/\/vocesparalelas.com.ar\/sitio\/wp-json\/wp\/v2\/media?parent=76999"}],"wp:term":[{"taxonomy":"category","embeddable":true,"href":"https:\/\/vocesparalelas.com.ar\/sitio\/wp-json\/wp\/v2\/categories?post=76999"},{"taxonomy":"post_tag","embeddable":true,"href":"https:\/\/vocesparalelas.com.ar\/sitio\/wp-json\/wp\/v2\/tags?post=76999"}],"curies":[{"name":"wp","href":"https:\/\/api.w.org\/{rel}","templated":true}]}}