{"id":76991,"date":"2024-09-17T12:30:32","date_gmt":"2024-09-17T15:30:32","guid":{"rendered":"https:\/\/vocesparalelas.com.ar\/sitio\/?p=76991"},"modified":"2024-09-18T21:01:41","modified_gmt":"2024-09-19T00:01:41","slug":"temas-de-la-novena-sesion-definidos-por-la-labor-parlamentaria-de-la-camara-de-diputados-de-san-juan","status":"publish","type":"post","link":"https:\/\/vocesparalelas.com.ar\/sitio\/temas-de-la-novena-sesion-definidos-por-la-labor-parlamentaria-de-la-camara-de-diputados-de-san-juan\/","title":{"rendered":"Temas de la Novena Sesi\u00f3n definidos por la Labor parlamentaria de la C\u00e1mara de Diputados de San Juan"},"content":{"rendered":"<div class=\"com-content-article__body\">\n<p>Los legisladores titulares de los bloques que forman parte de la C\u00e1mara de Diputados de San Juan desarrollaron la instancia de Labor Parlamentaria para definir el orden del d\u00eda de la Novena Sesi\u00f3n, del Jueves, 19 de Septiembre, a las 9 horas.<\/p>\n<p>El encuentro estuvo presidida por el vicegobernador, Dr. Fabi\u00e1n Mart\u00edn. Adem\u00e1s, particip\u00f3 el secretario Legislativo, Dr. Gustavo Velert; el vicepresidente primero, diputado Enzo Cornejo; la vicepresidente segundo, Marisa L\u00f3pez y el vicepresidente alterno, Gustavo Deguer. Tambi\u00e9n estuvieron presentes los presidentes de bloques Producci\u00f3n y Trabajo, Juan de la Cruz C\u00f3rdoba; Justicialista, Juan Carlos Quiroga Moyano y Miguel Vega; Bloquista, legislador Luis Rueda; bloque San Juan Vuelve \u2013 P.T.P., Mario Herrero; bloque UCR, Alejandra Leonardo; bloque Crecer, Marta Gramajo; Frente Grande, diputado Horacio Quiroga; Actuar, legislador Gustavo Usin; bloque del Este, Marcelo Mallea; La Libertad Avanza \u2013 ADN, Fernando Patinella; \u00a0bloque San Juan Te Quiero, diputado Gabriel S\u00e1nchez; Frente Renovador, Franco Aranda.<\/p>\n<p><span style=\"color: #800080;\"><strong>Temario\u00a0<\/strong><\/span><\/p>\n<p><span style=\"color: #800080;\"><strong>Programa de Inclusi\u00f3n Digital para Persona Mayores<\/strong><\/span><\/p>\n<p>Con despacho favorable de las comisiones de Legislaci\u00f3n y Asuntos Constitucionales (LAC); Educaci\u00f3n, Ciencia, T\u00e9cnica y Cultura; y Desarrollo Humano y Laboral; el cuerpo parlamentario tratar\u00e1 un proyecto de Ley presentado por el interbloque Cambia San Juan, por el que se crea el Programa de Inclusi\u00f3n Digital para Personas Mayores.<\/p>\n<p>El objetivo consiste en \u201cPropiciar el acceso al conocimiento e inclusi\u00f3n digital de las personas mayores por medio de herramientas y capacitaciones tecnol\u00f3gicas, que les permitan obtener beneficios en cuanto a la comunicaci\u00f3n, informaci\u00f3n, entretenimiento, productividad y gesti\u00f3n de tr\u00e1mites. Asimismo, dise\u00f1ar, promover e implementar una oferta de cursos, talleres y capacitaciones para el uso de dispositivos y herramientas digitales, que promuevan el acceso a la informaci\u00f3n, comunicaci\u00f3n e inclusi\u00f3n\u201d.<\/p>\n<p><span style=\"color: #800080;\"><strong>D\u00eda de la Concientizaci\u00f3n sobre la Muerte Gestacional y Perinatal<\/strong><\/span><\/p>\n<p>Tras despacho favorable de las comisiones de LAC y Salud y Discapacidad, la Legislatura pondr\u00e1 a consideraci\u00f3n en el recinto el proyecto de Ley presentado por el interbloque Cambia San Juan mediante el cual se propone instituir el d\u00eda 15 de octubre de cada a\u00f1o como el \u201cD\u00eda de la Concientizaci\u00f3n sobre la Muerte Gestacional y Perinatal\u00bb.<\/p>\n<p>El objetivo de esta iniciativa es visibilizar la problem\u00e1tica relacionada con las muertes perinatales. En este sentido se establece en el art\u00edculo segundo que \u201ctodos los edificios p\u00fablicos dependientes del Poder Ejecutivo como de Poder Legislativo, se iluminen con los colores Rosa y Celeste, durante la tarde\/noche el 15 de octubre de cada a\u00f1o.<\/p>\n<p><span style=\"color: #800080;\"><strong>Capacitaci\u00f3n de la maniobra de Heimlich<\/strong><\/span><\/p>\n<p>Asimismo, la C\u00e1mara de Diputados debatir\u00e1 un proyecto de Ley presentado por el interbloque Cambia San Juan que tuvo despacho favorable en las comisiones de LAC; Salud y Discapacidad; y Educaci\u00f3n, Ciencia, T\u00e9cnica y Cultura. Este asunto propone crear el Programa de Capacitaci\u00f3n obligatoria en la maniobra de Heimlich para los trabajadores de todos los establecimientos educativos tantos p\u00fablicos como privados.<\/p>\n<p><span style=\"color: #800080;\"><strong>Convenio con el Ministerio de Capital Humano<\/strong><\/span><\/p>\n<p>Luego del despacho favorable en las comisiones de LAC, Educaci\u00f3n, Ciencia, T\u00e9cnica y Cultura y Obras y Servicios P\u00fablicos; la Legislatura pondr\u00e1 a consideraci\u00f3n un proyecto de Ley remitido por el Poder Ejecutivo que propone aprobar el convenio marco de Colaboraci\u00f3n celebrado entre la Secretaria de Educaci\u00f3n del Ministerio de Capital Humano de la Rep\u00fablica Argentina y la Provincia de San Juan, suscripto el 4 de julio de 2024.<\/p>\n<p>El objeto de este acuerdo consiste en trabajar en forma conjunta a los fines de adoptar medidas que permitan superar la situaci\u00f3n de emergencia creada por las excepcionales condiciones econ\u00f3micas y sociales que el pa\u00eds padece. De esta manera se propone continuar con el financiamiento de las obras que por su importancia y grado de avance requieran contar con la regularizaci\u00f3n de los pagos de los certificados de obra y sus actualizaciones de precios; y asimismo transferir el financiamiento y\/o ejecuci\u00f3n de determinadas obras p\u00fablicas a la Provincia, que se encuentra en condiciones de asumir dicho compromiso.<\/p>\n<p><span style=\"color: #800080;\"><strong>R\u00e9gimen Tributario para obras de infraestructura el\u00e9ctrica<\/strong><\/span><\/p>\n<p>Tambi\u00e9n, con despacho favorable de las comisiones de LAC; Hacienda y Presupuesto; y Obras y Servicios P\u00fablicos, la Legislatura tratar\u00e1 durante la sesi\u00f3n un proyecto de Ley remitido por el Poder Ejecutivo que propone establecer un r\u00e9gimen tributario diferenciado para las Obras de Infraestructura El\u00e9ctrica de la Provincia de San Juan, comprendiendo la obra en s\u00ed, los contratos y subcontratos para la provisi\u00f3n de materiales y de equipos (Conductor de aluminio, Estructuras met\u00e1licas reticuladas, transformador trif\u00e1sico, equipos de playa, etc.), consultor\u00edas para la ejecuci\u00f3n de proyectos, estudios y asesoramientos en general, como as\u00ed tambi\u00e9n la supervisi\u00f3n e inspecci\u00f3n de la obra, en decir, todos los actos, contratos, y operaciones relacionados con la construcci\u00f3n, operaci\u00f3n y mantenimiento, con el fin de asegurar la inmediata concreci\u00f3n de tales Obras, que resultar\u00e1n integrada a los sistemas de transporte de jurisdicci\u00f3n nacional.<\/p>\n<p><span style=\"color: #800080;\"><strong>Fondo Fiduciario de Infraestructura Proyecto Casposo<\/strong><\/span><\/p>\n<p>Por otra parte, el cuerpo Legislativo pondr\u00e1 a consideraci\u00f3n un proyecto de Ley remitido por el Poder Ejecutivo que tuvo despacho favorable en las comisiones de LAC; Hacienda y Presupuesto; y Miner\u00eda y Energ\u00eda. Este punto del orden del d\u00eda propone ratificar la adenda al Contrato de Fideicomiso \u00abFondo Fiduciario de Infraestructura Proyecto Casposo\u00bb, suscripta el 10 de junio de 2024, entre la provincia de San Juan y el Banco San Juan S.A. en car\u00e1cter de Fiduciante y Fiduciario respectivamente y se prorroga por el t\u00e9rmino de tres (3) a\u00f1os, a partir del 01 de Julio de 2024, el plazo de duraci\u00f3n.<\/p>\n<p><span style=\"color: #800080;\"><strong>D\u00eda Provincial del Archivista<\/strong><\/span><\/p>\n<p>Con despacho favorable en las comisiones de LAC y Educaci\u00f3n, Ciencia, T\u00e9cnica y Cultura, la C\u00e1mara de Diputados tratar\u00e1 un proyecto de Ley presentado por el interbloque Cambia San Juan que propone instituir el d\u00eda 22 de septiembre de cada a\u00f1o como \u00abD\u00eda Provincial del Archivista\u00bb, en alusi\u00f3n al d\u00eda del Archivo General de la Provincia.<\/p>\n<p>Esta iniciativa tiene como objetivo reconocer y homenajear la labor de los archivistas y profesionales de la gesti\u00f3n documental en la preservaci\u00f3n y organizaci\u00f3n del patrimonio documental de la provincia.<\/p>\n<p>En el art\u00edculo tercero se establece que \u00abLa celebraci\u00f3n del D\u00eda Provincial del Archivista incluir\u00e1 actividades culturales, acad\u00e9micas y profesionales que promuevan la conciencia sobre la importancia de la gesti\u00f3n documental y la preservaci\u00f3n del patrimonio hist\u00f3rico\u00bb.<\/p>\n<p><span style=\"color: #800080;\"><strong>Adenda al convenio de bonificaci\u00f3n de tasas de inter\u00e9s<\/strong><\/span><\/p>\n<p>Tambi\u00e9n, la Legislatura tratar\u00e1 un proyecto de Ley remitido por el Poder Ejecutivo que propone ratificar la segunda adenda al convenio de Bonificaci\u00f3n de Tasas de Inter\u00e9s celebrada entre la Provincia de San Juan y el Banco de la Naci\u00f3n Argentina.<\/p>\n<p>A trav\u00e9s de la mencionada adenda se sustituye la fecha \u00ab31\/12\/2022, de la cl\u00e1usula d\u00e9cimo tercera del Convenio por la fecha \u00ab31\/12\/2023\u00bb, y adem\u00e1s se incorpora condiciones especiales en el marco de la Reglamentaciones N\u00b0 700- \u00abL\u00edneas de Cr\u00e9ditos MIPYMES CARLOS PELEGRINI\u00bb y la Reglamentaci\u00f3n N\u00b0 43 A \u2014 \u00abCr\u00e9ditos a Empresas para Capital de Trabajo e Inversiones\u00bb, de manera tal de poder otorgar financiamiento tanto a MiPyMEs como a Grandes Empresas que tengan asiento y desarrollen sus actividades en la provincia, se incrementan los montos de las L\u00edneas de Cr\u00e9ditos de pesos mil millones ($1.000.000.000,00) a pesos cuatro mil millones ($ 4.000.000.000,00).<\/p>\n<p><span style=\"color: #800080;\"><strong>Modificaci\u00f3n del C\u00f3digo Procesal Penal<\/strong><\/span><\/p>\n<p>Por otro lado, los legisladores considerar\u00e1n un proyecto de Ley remitido por la Corte de Justicia de San Juan, que tuvo despacho favorable en las comisiones LAC; y Justicia y Seguridad.<\/p>\n<p>Este asunto propone sustituir el art\u00edculo 420 de la normativa 1851-O el cual quedar\u00e1 redactado de la siguiente manera:<\/p>\n<p>\u201cART\u00cdCULO 420: \u00c1mbito de aplicaci\u00f3n: El procedimiento de flagrancia es aplicable cuando se procede a la aprehensi\u00f3n en situaci\u00f3n de flagrancia del sospechoso en comisi\u00f3n o tentativa de delito doloso, cuya escala penal no supere los veinte (20) a\u00f1os de prisi\u00f3n o reclusi\u00f3n, o concurso de delitos en los que cada uno individualmente considerado, no exceda ese l\u00edmite.<\/p>\n<p>Para determinar la competencia se tiene en cuenta la pena establecida por la ley para el delito consumado y las circunstancias agravantes para su calificaci\u00f3n.<\/p>\n<p>Las acciones dependientes de instancia privada, a excepci\u00f3n del delito de lesiones leves, y las acciones privadas est\u00e1n excluidas del procedimiento de flagrancia\u201d.<\/p>\n<p><span style=\"color: #800080;\">\u00a0<strong>Programa de Asistencia para una Miner\u00eda Sustentable<\/strong><\/span><\/p>\n<p>Tras despacho favorable de las comisiones de LAC; Hacienda y Presupuesto; y Miner\u00eda y Energ\u00eda, el cuerpo Legislativo tratar\u00e1 en el recinto un proyecto de Ley remitido por el Poder Ejecutivo que propone aprobar el convenio \u201cPrograma de Asistencia para una Miner\u00eda Sustentable\u201d, celebrado entre el Gobierno de la provincia de San Juan y el Consejo Federal de Inversiones (CFI).<\/p>\n<p><span style=\"color: #800080;\"><strong>Imposici\u00f3n de nombre en una escuela de Pocito<\/strong><\/span><\/p>\n<p>Con despacho favorable de las comisiones de Educaci\u00f3n, Ciencia, T\u00e9cnica y Cultura; y Peticiones y Poderes, la C\u00e1mara de Diputados tratar\u00e1 un proyecto de Ley presentado por el bloque Justicialista (diputada Stella Caparros) que propone imponer el nombre de Se\u00f1ora Laura Lewin a la escuela de nivel inicial N\u00ba 76, del departamento Pocito.<\/p>\n<p><span style=\"color: #800080;\"><strong>R\u00e9gimen de Regularizaci\u00f3n de Activos<\/strong><\/span><\/p>\n<p>Sobre tablas, la Legislatura debatir\u00e1 en el recinto dos proyectos de Ley, uno remitido por el Poder Ejecutivo y otro presentado por el diputado Fernando Patinella del bloque La Libertad Avanza, referidos ambos al R\u00e9gimen de Regularizaci\u00f3n de Activos establecidos en el T\u00edtulo II de la Ley N\u00ba 27743, de Medidas Fiscales Paliativas y Relevantes.<\/p>\n<p><span style=\"color: #800080;\"><strong>Proyectos de Resoluci\u00f3n<\/strong><\/span><\/p>\n<p>En la Novena Sesi\u00f3n, el cuerpo parlamentario pondr\u00e1 a consideraci\u00f3n los siguientes proyectos de Resoluci\u00f3n que proponen declara de inter\u00e9s:<\/p>\n<ul>\n<li>Comunitario, Las Jornadas sobre Psicopedagog\u00eda en Salud que estar\u00e1 dirigida a los profesionales psicopedagogos de la provincia y est\u00e1n organizadas por el Consejo Directivo del Colegio Profesional de Psicopedagogos de San Juan. (Interbloque Cambia San Juan)<\/li>\n<li>Educativo, social y cultural, el Seminario San Juan a realizarse los d\u00edas 25, 26, 27 y 28 de septiembre del corriente a\u00f1o, por la filial San Juan de la Fundaci\u00f3n Universitaria del R\u00edo de la Plata (FURP). (Interbloque Cambia San Juan)<\/li>\n<li>Educativo y cultural, el \u00abEl tercer encuentro anual de bibliotecarios\u00bb a realizarse los d\u00edas 23 y 24 de septiembre del corriente a\u00f1o, en el Sal\u00f3n Gobernador Eloy Prospero Camus del Centro C\u00edvico. (Interbloque Cambia San Juan)<\/li>\n<\/ul>\n<p><span style=\"color: #800080;\"><strong>Proyecto de Declaraci\u00f3n<\/strong><\/span><\/p>\n<p>Por \u00faltimo, los legisladores considerar\u00e1n un proyecto de Declaraci\u00f3n presentado por el interbloque (bloque Frente Grande, bloque San Juan Vuelve, bloque Mejor Nosotros, bloque Justicialista) en repudio por la visita de diputados nacionales a genocidas encarcelados en la Unidad Penal N\u00ba 31 de Ezeiza.<\/p>\n<figure id=\"attachment_37951\" aria-describedby=\"caption-attachment-37951\" style=\"width: 800px\" class=\"wp-caption alignnone\"><img loading=\"lazy\" decoding=\"async\" class=\"size-full wp-image-37951\" src=\"https:\/\/vocesparalelas.com.ar\/sitio\/wp-content\/uploads\/2021\/05\/CAMARA-EDIFICIO.jpg\" alt=\"\" width=\"800\" height=\"515\" srcset=\"https:\/\/vocesparalelas.com.ar\/sitio\/wp-content\/uploads\/2021\/05\/CAMARA-EDIFICIO.jpg 800w, https:\/\/vocesparalelas.com.ar\/sitio\/wp-content\/uploads\/2021\/05\/CAMARA-EDIFICIO-300x193.jpg 300w, https:\/\/vocesparalelas.com.ar\/sitio\/wp-content\/uploads\/2021\/05\/CAMARA-EDIFICIO-768x494.jpg 768w\" sizes=\"auto, (max-width: 800px) 100vw, 800px\" \/><figcaption id=\"caption-attachment-37951\" class=\"wp-caption-text\">Legislatura Provincial de San Juan, Rep\u00fablica Argentina<\/figcaption><\/figure>\n<\/div>\n","protected":false},"excerpt":{"rendered":"<p>Los legisladores titulares de los bloques que forman parte de la C\u00e1mara de Diputados de San Juan desarrollaron la instancia<\/p>\n","protected":false},"author":3,"featured_media":76994,"comment_status":"closed","ping_status":"closed","sticky":false,"template":"","format":"standard","meta":{"_acf_changed":false,"_seopress_robots_primary_cat":"none","_seopress_titles_title":"","_seopress_titles_desc":"","_seopress_robots_index":"","colormag_page_container_layout":"default_layout","colormag_page_sidebar_layout":"default_layout","footnotes":""},"categories":[1],"tags":[],"class_list":["post-76991","post","type-post","status-publish","format-standard","has-post-thumbnail","hentry","category-destacadas"],"acf":[],"_links":{"self":[{"href":"https:\/\/vocesparalelas.com.ar\/sitio\/wp-json\/wp\/v2\/posts\/76991","targetHints":{"allow":["GET"]}}],"collection":[{"href":"https:\/\/vocesparalelas.com.ar\/sitio\/wp-json\/wp\/v2\/posts"}],"about":[{"href":"https:\/\/vocesparalelas.com.ar\/sitio\/wp-json\/wp\/v2\/types\/post"}],"author":[{"embeddable":true,"href":"https:\/\/vocesparalelas.com.ar\/sitio\/wp-json\/wp\/v2\/users\/3"}],"replies":[{"embeddable":true,"href":"https:\/\/vocesparalelas.com.ar\/sitio\/wp-json\/wp\/v2\/comments?post=76991"}],"version-history":[{"count":1,"href":"https:\/\/vocesparalelas.com.ar\/sitio\/wp-json\/wp\/v2\/posts\/76991\/revisions"}],"predecessor-version":[{"id":76995,"href":"https:\/\/vocesparalelas.com.ar\/sitio\/wp-json\/wp\/v2\/posts\/76991\/revisions\/76995"}],"wp:featuredmedia":[{"embeddable":true,"href":"https:\/\/vocesparalelas.com.ar\/sitio\/wp-json\/wp\/v2\/media\/76994"}],"wp:attachment":[{"href":"https:\/\/vocesparalelas.com.ar\/sitio\/wp-json\/wp\/v2\/media?parent=76991"}],"wp:term":[{"taxonomy":"category","embeddable":true,"href":"https:\/\/vocesparalelas.com.ar\/sitio\/wp-json\/wp\/v2\/categories?post=76991"},{"taxonomy":"post_tag","embeddable":true,"href":"https:\/\/vocesparalelas.com.ar\/sitio\/wp-json\/wp\/v2\/tags?post=76991"}],"curies":[{"name":"wp","href":"https:\/\/api.w.org\/{rel}","templated":true}]}}