{"id":76984,"date":"2024-09-17T20:37:36","date_gmt":"2024-09-17T23:37:36","guid":{"rendered":"https:\/\/vocesparalelas.com.ar\/sitio\/?p=76984"},"modified":"2024-09-19T14:17:46","modified_gmt":"2024-09-19T17:17:46","slug":"i-congreso-internacional-de-criminalistica-y-ciencias-forenses-en-san-juan-2","status":"publish","type":"post","link":"https:\/\/vocesparalelas.com.ar\/sitio\/i-congreso-internacional-de-criminalistica-y-ciencias-forenses-en-san-juan-2\/","title":{"rendered":"I Congreso Internacional de Criminal\u00edstica y Ciencias Forenses en San Juan"},"content":{"rendered":"<p>El Mi\u00e9rcoles, 18 de Septiembre, la Secretar\u00eda de Estado de Seguridad y Orden P\u00fablico del Gobierno de San Juan, en colaboraci\u00f3n con la Universidad Nacional de San Juan\u00a0y la\u00a0Polic\u00eda de San Juan, desarrollan el I Congreso Internacional de Criminal\u00edstica y Ciencias Forenses.<\/p>\n<p>Este evento comenzar\u00e1 a las 8:30 en el\u00a0Centro de Convenciones Guillermo Barrena Guzm\u00e1n\u00a0y reunir\u00e1 a destacados expertos y profesionales del \u00e1mbito forense de diversas partes del mundo.<\/p>\n<p>El congreso tiene como objetivo promover el intercambio de conocimientos y experiencias entre investigadores, acad\u00e9micos y operativos del campo de la criminal\u00edstica, as\u00ed como abordar las \u00faltimas innovaciones y t\u00e9cnicas en la ciencia forense. A trav\u00e9s de conferencias magistrales, talleres y mesas redondas, los participantes podr\u00e1n discutir temas cruciales que impactan la justicia y la seguridad en la sociedad.<\/p>\n<p>Cuenta con la presencia de renombrados especialistas en criminal\u00edstica y ciencias forenses, quienes compartir\u00e1n sus trabajos m\u00e1s recientes y casos de estudio que ilustran la aplicaci\u00f3n pr\u00e1ctica de estas ciencias en la resoluci\u00f3n de cr\u00edmenes. Adem\u00e1s, se espera la participaci\u00f3n de autoridades locales, representantes gubernamentales y miembros de las fuerzas de seguridad.<\/p>\n<p>El acto de apertura es una oportunidad \u00fanica para fortalecer los lazos entre la academia y las instituciones de seguridad, promoviendo una formaci\u00f3n continua y actualizaci\u00f3n profesional en un campo que evoluciona constantemente.<\/p>\n<p>Se invita a la comunidad acad\u00e9mica, estudiantes y al p\u00fablico en general a asistir a este congreso, que promete ser significativo en la incorporaci\u00f3n de la ciencia forense en la mejora de la seguridad p\u00fablica.<\/p>\n<p><span style=\"color: #ff6600;\"><strong>Para m\u00e1s informaci\u00f3n<\/strong><\/span><\/p>\n<p><a href=\"https:\/\/congresocriminalistica.policiadesanjuan.gob.ar\/\">https:\/\/congresocriminalistica.policiadesanjuan.gob.ar\/<\/a><\/p>\n","protected":false},"excerpt":{"rendered":"<p>El Mi\u00e9rcoles, 18 de Septiembre, la Secretar\u00eda de Estado de Seguridad y Orden P\u00fablico del Gobierno de San Juan, en<\/p>\n","protected":false},"author":3,"featured_media":74825,"comment_status":"closed","ping_status":"closed","sticky":false,"template":"","format":"standard","meta":{"_acf_changed":false,"_seopress_robots_primary_cat":"none","_seopress_titles_title":"","_seopress_titles_desc":"","_seopress_robots_index":"","colormag_page_container_layout":"default_layout","colormag_page_sidebar_layout":"default_layout","footnotes":""},"categories":[15],"tags":[],"class_list":["post-76984","post","type-post","status-publish","format-standard","has-post-thumbnail","hentry","category-posgrados"],"acf":[],"_links":{"self":[{"href":"https:\/\/vocesparalelas.com.ar\/sitio\/wp-json\/wp\/v2\/posts\/76984","targetHints":{"allow":["GET"]}}],"collection":[{"href":"https:\/\/vocesparalelas.com.ar\/sitio\/wp-json\/wp\/v2\/posts"}],"about":[{"href":"https:\/\/vocesparalelas.com.ar\/sitio\/wp-json\/wp\/v2\/types\/post"}],"author":[{"embeddable":true,"href":"https:\/\/vocesparalelas.com.ar\/sitio\/wp-json\/wp\/v2\/users\/3"}],"replies":[{"embeddable":true,"href":"https:\/\/vocesparalelas.com.ar\/sitio\/wp-json\/wp\/v2\/comments?post=76984"}],"version-history":[{"count":1,"href":"https:\/\/vocesparalelas.com.ar\/sitio\/wp-json\/wp\/v2\/posts\/76984\/revisions"}],"predecessor-version":[{"id":76987,"href":"https:\/\/vocesparalelas.com.ar\/sitio\/wp-json\/wp\/v2\/posts\/76984\/revisions\/76987"}],"wp:featuredmedia":[{"embeddable":true,"href":"https:\/\/vocesparalelas.com.ar\/sitio\/wp-json\/wp\/v2\/media\/74825"}],"wp:attachment":[{"href":"https:\/\/vocesparalelas.com.ar\/sitio\/wp-json\/wp\/v2\/media?parent=76984"}],"wp:term":[{"taxonomy":"category","embeddable":true,"href":"https:\/\/vocesparalelas.com.ar\/sitio\/wp-json\/wp\/v2\/categories?post=76984"},{"taxonomy":"post_tag","embeddable":true,"href":"https:\/\/vocesparalelas.com.ar\/sitio\/wp-json\/wp\/v2\/tags?post=76984"}],"curies":[{"name":"wp","href":"https:\/\/api.w.org\/{rel}","templated":true}]}}