{"id":76980,"date":"2024-09-17T18:28:31","date_gmt":"2024-09-17T21:28:31","guid":{"rendered":"https:\/\/vocesparalelas.com.ar\/sitio\/?p=76980"},"modified":"2024-09-18T20:52:13","modified_gmt":"2024-09-18T23:52:13","slug":"el-mercado-artesanal-tradicional-luisa-escudero-de-san-juan-busca-sumar-artesanos","status":"publish","type":"post","link":"https:\/\/vocesparalelas.com.ar\/sitio\/el-mercado-artesanal-tradicional-luisa-escudero-de-san-juan-busca-sumar-artesanos\/","title":{"rendered":"El Mercado Artesanal Tradicional \u00abLuisa Escudero\u00bb de San Juan busca sumar artesanos"},"content":{"rendered":"<p>El Mercado Artesanal Tradicional Luisa Escudero de San Juan\u00a0busca sumar artesanos tradicionales y no tradicionales para la feria a desarrollarse los d\u00edas 12 y 13 de octubre pr\u00f3ximo para poder llenar los jardines del espacio cultural con nuevas propuestas de creatividad y tradici\u00f3n para ofrecer al p\u00fablico local y turistas que lleguen a la provincia.<\/p>\n<p>Los interesados deber\u00e1n inscribirse previamente completando un\u00a0formulario\u00a0con todos sus datos personales y describiendo brevemente qu\u00e9 tipo de trabajos realiza y la t\u00e9cnica que emplea y los materiales que utiliza, acompa\u00f1ado de cinco fotos mostrando sus artesan\u00edas.<\/p>\n<p><a href=\"https:\/\/docs.google.com\/forms\/d\/e\/1FAIpQLScGqZ90wkdoITE-A1NpwGWPF-XEj3Tx2-pJYerDxJd-FqJZOg\/viewform\">https:\/\/docs.google.com\/forms\/d\/e\/1FAIpQLScGqZ90wkdoITE-A1NpwGWPF-XEj3Tx2-pJYerDxJd-FqJZOg\/viewform<\/a><\/p>\n<p>Los artesanos tienen tiempo para anotarse hasta el 20 de Septiembre. Una vez enviada la documentaci\u00f3n, un equipo del espacio cultural evaluar\u00e1 las solicitudes recibidas e informar\u00e1 a los convocados su participaci\u00f3n los d\u00edas 12 y 13 de octubre. Para consultas, comunicarse al 264-581-4501.<\/p>\n<p>Cabe destacar que el\u00a0Mercado Artesanal Tradicional Luisa Escudero, ubicado en avenida Espa\u00f1a 330 (norte), ofrece tambi\u00e9n una propuesta diaria en la Tienda de Artesan\u00edas con la exhibici\u00f3n permanente de la colecci\u00f3n de artesan\u00edas del espacio y la venta de productos realizados exclusivamente por trabajadores sanjuaninos. Se puede visitar de lunes a viernes de 9 a 14 y los s\u00e1bados de 9 a 13. Entrada libre y gratuita.<\/p>\n","protected":false},"excerpt":{"rendered":"<p>El Mercado Artesanal Tradicional Luisa Escudero de San Juan\u00a0busca sumar artesanos tradicionales y no tradicionales para la feria a desarrollarse<\/p>\n","protected":false},"author":3,"featured_media":10610,"comment_status":"closed","ping_status":"closed","sticky":false,"template":"","format":"standard","meta":{"_acf_changed":false,"_seopress_robots_primary_cat":"none","_seopress_titles_title":"","_seopress_titles_desc":"","_seopress_robots_index":"","colormag_page_container_layout":"default_layout","colormag_page_sidebar_layout":"default_layout","footnotes":""},"categories":[2],"tags":[],"class_list":["post-76980","post","type-post","status-publish","format-standard","has-post-thumbnail","hentry","category-convocatorias"],"acf":[],"_links":{"self":[{"href":"https:\/\/vocesparalelas.com.ar\/sitio\/wp-json\/wp\/v2\/posts\/76980","targetHints":{"allow":["GET"]}}],"collection":[{"href":"https:\/\/vocesparalelas.com.ar\/sitio\/wp-json\/wp\/v2\/posts"}],"about":[{"href":"https:\/\/vocesparalelas.com.ar\/sitio\/wp-json\/wp\/v2\/types\/post"}],"author":[{"embeddable":true,"href":"https:\/\/vocesparalelas.com.ar\/sitio\/wp-json\/wp\/v2\/users\/3"}],"replies":[{"embeddable":true,"href":"https:\/\/vocesparalelas.com.ar\/sitio\/wp-json\/wp\/v2\/comments?post=76980"}],"version-history":[{"count":1,"href":"https:\/\/vocesparalelas.com.ar\/sitio\/wp-json\/wp\/v2\/posts\/76980\/revisions"}],"predecessor-version":[{"id":76983,"href":"https:\/\/vocesparalelas.com.ar\/sitio\/wp-json\/wp\/v2\/posts\/76980\/revisions\/76983"}],"wp:featuredmedia":[{"embeddable":true,"href":"https:\/\/vocesparalelas.com.ar\/sitio\/wp-json\/wp\/v2\/media\/10610"}],"wp:attachment":[{"href":"https:\/\/vocesparalelas.com.ar\/sitio\/wp-json\/wp\/v2\/media?parent=76980"}],"wp:term":[{"taxonomy":"category","embeddable":true,"href":"https:\/\/vocesparalelas.com.ar\/sitio\/wp-json\/wp\/v2\/categories?post=76980"},{"taxonomy":"post_tag","embeddable":true,"href":"https:\/\/vocesparalelas.com.ar\/sitio\/wp-json\/wp\/v2\/tags?post=76980"}],"curies":[{"name":"wp","href":"https:\/\/api.w.org\/{rel}","templated":true}]}}