{"id":76975,"date":"2024-09-17T19:53:11","date_gmt":"2024-09-17T22:53:11","guid":{"rendered":"https:\/\/vocesparalelas.com.ar\/sitio\/?p=76975"},"modified":"2024-09-18T20:44:45","modified_gmt":"2024-09-18T23:44:45","slug":"jazz-chill-en-el-auditorio-ing-juan-victoria","status":"publish","type":"post","link":"https:\/\/vocesparalelas.com.ar\/sitio\/jazz-chill-en-el-auditorio-ing-juan-victoria\/","title":{"rendered":"\u201cJazz &#038; Chill\u201d en el Auditorio Ing. Juan Victoria"},"content":{"rendered":"<p>El Mi\u00e9rcoles, 18 de Septiembre, a las 21 hs.; en el Auditorio Ing. Juan Victoria, con entrada libre y gratuita en el marco del Ciclo de M\u00fasica de C\u00e1mara de la Facultad de Filosof\u00eda, Humanidades y Artes de la UNSJ, presenta \u201cJazz &amp; Chill\u201d a cargo de Abel Herrera Full Band.<\/p>\n<p>El pianista y compositor de San Juan, Abel Herrera, acompa\u00f1ado por su Full Band, presenta \u00abJazz &amp; Chill\u00bb, una propuesta que fusiona jazz tradicional con ritmos latinos, rock y chill out. Esta combinaci\u00f3n \u00fanica de g\u00e9neros ofrece una experiencia musical fresca y moderna. El concierto contar\u00e1 con composiciones originales de Abel Herrera y dos temas de la cantautora Jazm\u00edn Carrizo. Ser\u00e1 una velada especial para disfrutar de la creatividad y la fusi\u00f3n de estilos de estos talentosos m\u00fasicos.<\/p>\n<p>Abel Herrera Full Band es la expansi\u00f3n del proyecto original del Abel Herrera Tr\u00edo, formado en 2020. A la base integrada por Abel Herrera (piano y composici\u00f3n), Nicol\u00e1s Bustos (bajo) y Federico Samat (bater\u00eda), se suman los saxofonistas Mariana Cuadra (saxo tenor), Lucas Lillo (saxo bar\u00edtono) y Mat\u00edas Araya (saxo alto), junto a la cantautora y tecladista Jazm\u00edn Carrizo. Esta combinaci\u00f3n ampl\u00eda el espectro sonoro del grupo, integrando elementos del jazz tradicional con matices modernos y latinos.<\/p>\n<p>Abel Herrera es un pianista, compositor y arreglador nacido en San Juan. Actualmente, se encuentra cursando el \u00faltimo a\u00f1o de la carrera de Profesorado Universitario en Educaci\u00f3n Musical en la Universidad Nacional de San Juan (UNSJ). Inici\u00f3 su formaci\u00f3n en el Centro Polivalente de Artes de San Juan, donde hoy es docente, y ha sido adscripto en la c\u00e1tedra de piano en la UNSJ.<\/p>\n<p>Como compositor, Abel ha explorado una amplia variedad de g\u00e9neros, comenzando por ensambles de jazz y luego ampliando su producci\u00f3n hacia m\u00fasica de c\u00e1mara, incluyendo d\u00faos, tr\u00edos, cuartetos, sextetos, y m\u00e1s recientemente obras corales y orquestales, estas \u00faltimas esperando la oportunidad de ser estrenadas.Como int\u00e9rprete, ha tocado en los escenarios m\u00e1s importantes de la regi\u00f3n, incluyendo el Auditorio Juan Victoria, el Teatro del Bicentenario, el Auditorio Mauricio L\u00f3pez de San Luis y el Teatro Municipal de San Juan, con presentaciones regulares desde 2017 hasta la actualidad.<\/p>\n<p>En paralelo a su trabajo como compositor e int\u00e9rprete, Abel ha realizado trabajos como arreglador. Ha trabajado para coros y ensambles orquestales, realizando colaboraciones con el Centro de Creaci\u00f3n Art\u00edstica Coral de la UNSJ, para el cual ha escrito arreglos a pedido, incluyendo trabajos para el Coro Universitario de San Juan, el Estudio Coral Kodaly y especialmente para los Coros de Ni\u00f1os de la UNSJ.<\/p>\n<p>Este concierto coincide con un momento especial en su carrera, ya que el 13 de septiembre de 2024, Abel lanz\u00f3 su primer \u00e1lbum titulado Acerc\u00e1ndome, disponible en todas las plataformas digitales, como Spotify. Este trabajo discogr\u00e1fico, compuesto por piezas instrumentales para piano y cuarteto de cuerdas, mezcla el jazz con la m\u00fasica de c\u00e1mara, y representa un retrato \u00edntimo de su vida emocional, con sonidos que var\u00edan desde lo dulce y rom\u00e1ntico hasta lo oscuro y dram\u00e1tico.<\/p>\n<p><img loading=\"lazy\" decoding=\"async\" class=\"alignnone size-full wp-image-61468\" src=\"https:\/\/vocesparalelas.com.ar\/sitio\/wp-content\/uploads\/2023\/07\/AUDITORIO-EDIFICIO.jpg\" alt=\"\" width=\"800\" height=\"533\" srcset=\"https:\/\/vocesparalelas.com.ar\/sitio\/wp-content\/uploads\/2023\/07\/AUDITORIO-EDIFICIO.jpg 800w, https:\/\/vocesparalelas.com.ar\/sitio\/wp-content\/uploads\/2023\/07\/AUDITORIO-EDIFICIO-300x200.jpg 300w, https:\/\/vocesparalelas.com.ar\/sitio\/wp-content\/uploads\/2023\/07\/AUDITORIO-EDIFICIO-768x512.jpg 768w\" sizes=\"auto, (max-width: 800px) 100vw, 800px\" \/><\/p>\n<p>&nbsp;<\/p>\n","protected":false},"excerpt":{"rendered":"<p>El Mi\u00e9rcoles, 18 de Septiembre, a las 21 hs.; en el Auditorio Ing. Juan Victoria, con entrada libre y gratuita<\/p>\n","protected":false},"author":3,"featured_media":76978,"comment_status":"closed","ping_status":"closed","sticky":false,"template":"","format":"standard","meta":{"_acf_changed":false,"_seopress_robots_primary_cat":"none","_seopress_titles_title":"","_seopress_titles_desc":"","_seopress_robots_index":"","colormag_page_container_layout":"default_layout","colormag_page_sidebar_layout":"default_layout","footnotes":""},"categories":[20],"tags":[],"class_list":["post-76975","post","type-post","status-publish","format-standard","has-post-thumbnail","hentry","category-cartelera"],"acf":[],"_links":{"self":[{"href":"https:\/\/vocesparalelas.com.ar\/sitio\/wp-json\/wp\/v2\/posts\/76975","targetHints":{"allow":["GET"]}}],"collection":[{"href":"https:\/\/vocesparalelas.com.ar\/sitio\/wp-json\/wp\/v2\/posts"}],"about":[{"href":"https:\/\/vocesparalelas.com.ar\/sitio\/wp-json\/wp\/v2\/types\/post"}],"author":[{"embeddable":true,"href":"https:\/\/vocesparalelas.com.ar\/sitio\/wp-json\/wp\/v2\/users\/3"}],"replies":[{"embeddable":true,"href":"https:\/\/vocesparalelas.com.ar\/sitio\/wp-json\/wp\/v2\/comments?post=76975"}],"version-history":[{"count":1,"href":"https:\/\/vocesparalelas.com.ar\/sitio\/wp-json\/wp\/v2\/posts\/76975\/revisions"}],"predecessor-version":[{"id":76979,"href":"https:\/\/vocesparalelas.com.ar\/sitio\/wp-json\/wp\/v2\/posts\/76975\/revisions\/76979"}],"wp:featuredmedia":[{"embeddable":true,"href":"https:\/\/vocesparalelas.com.ar\/sitio\/wp-json\/wp\/v2\/media\/76978"}],"wp:attachment":[{"href":"https:\/\/vocesparalelas.com.ar\/sitio\/wp-json\/wp\/v2\/media?parent=76975"}],"wp:term":[{"taxonomy":"category","embeddable":true,"href":"https:\/\/vocesparalelas.com.ar\/sitio\/wp-json\/wp\/v2\/categories?post=76975"},{"taxonomy":"post_tag","embeddable":true,"href":"https:\/\/vocesparalelas.com.ar\/sitio\/wp-json\/wp\/v2\/tags?post=76975"}],"curies":[{"name":"wp","href":"https:\/\/api.w.org\/{rel}","templated":true}]}}