{"id":76971,"date":"2024-09-17T19:32:27","date_gmt":"2024-09-17T22:32:27","guid":{"rendered":"https:\/\/vocesparalelas.com.ar\/sitio\/?p=76971"},"modified":"2024-09-18T20:45:35","modified_gmt":"2024-09-18T23:45:35","slug":"programa-educativo-que-hiciste-hoy-por-el-dengue-en-rivadavia","status":"publish","type":"post","link":"https:\/\/vocesparalelas.com.ar\/sitio\/programa-educativo-que-hiciste-hoy-por-el-dengue-en-rivadavia\/","title":{"rendered":"Programa educativo \u00ab\u00bfQu\u00e9 hiciste hoy por el Dengue? en Rivadavia"},"content":{"rendered":"<p>La Municipalidad de la Ciudad de Rivadavia lanza el Programa educativo \u00ab\u00bfQu\u00e9 hiciste hoy por el Dengue? destinado a docentes de los diferentes niveles y modalidades con certificaci\u00f3n del aval del Ministerio de Educaci\u00f3n del Gobierno de San Juan.<\/p>\n<p>El Programa trata sobre la transmisi\u00f3n de contenidos pedag\u00f3gicos confeccionados para alumnos de las instituciones educativas del Departamento Rivadavia.<\/p>\n<p>Por el mismo, se aporta a los docentes conocimientos espec\u00edficos sobre la problem\u00e1tica y ellos la incorporar\u00e1n en su planificaci\u00f3n para luego ser transmitidos en clase.<\/p>\n<p>El objetivo general es educar a los estudiantes sobre el Dengue y su prevenci\u00f3n y promover la participaci\u00f3n comunitaria desde las escuelas, previniendo su propagaci\u00f3n. El objetivo espec\u00edfico es comprender las causas y s\u00edntomas, aprender medidas de prevenci\u00f3n y control, promover la participaci\u00f3n comunitaria, fomentar un papel activo en la prevenci\u00f3n y forjar pr\u00e1cticas saludables en la cotidianeidad.<\/p>\n<p>El programa se extiende desde el Lunes, 16 de Septiembre hasta el Mi\u00e9rcoles, 16 de Octubre de 2024, con un docente gu\u00eda que distribuye los contenidos a lo largo del tiempo en que desarrolle la planificaci\u00f3n. Los docentes participantes deben presentar registro anecd\u00f3tico y visual de la ejecuci\u00f3n del proyecto junto a los criterios con lo que evalu\u00f3 al grupo. El Ministerio otorga puntaje a los docentes que cumplan en tiempo y forma con lo solicitado en la evaluaci\u00f3n.<\/p>\n<p>El Intendente de la Municipalidad de la Ciudad de Rivadavia, Sergio Miodowsky inst\u00f3 las direcciones de Ambiente y Educaci\u00f3n a generar un programa integral de salud p\u00fablica que tome a la educaci\u00f3n y la comunicaci\u00f3n como ejes para reducir la incidencia de la enfermedad.<\/p>\n<p><img loading=\"lazy\" decoding=\"async\" class=\"alignnone size-full wp-image-66896\" src=\"https:\/\/vocesparalelas.com.ar\/sitio\/wp-content\/uploads\/2023\/12\/RIVADAVIA-LOGO-NUEVO.jpg\" alt=\"\" width=\"800\" height=\"533\" srcset=\"https:\/\/vocesparalelas.com.ar\/sitio\/wp-content\/uploads\/2023\/12\/RIVADAVIA-LOGO-NUEVO.jpg 800w, https:\/\/vocesparalelas.com.ar\/sitio\/wp-content\/uploads\/2023\/12\/RIVADAVIA-LOGO-NUEVO-300x200.jpg 300w, https:\/\/vocesparalelas.com.ar\/sitio\/wp-content\/uploads\/2023\/12\/RIVADAVIA-LOGO-NUEVO-768x512.jpg 768w\" sizes=\"auto, (max-width: 800px) 100vw, 800px\" \/><\/p>\n<p>&nbsp;<\/p>\n","protected":false},"excerpt":{"rendered":"<p>La Municipalidad de la Ciudad de Rivadavia lanza el Programa educativo \u00ab\u00bfQu\u00e9 hiciste hoy por el Dengue? destinado a docentes<\/p>\n","protected":false},"author":3,"featured_media":28072,"comment_status":"closed","ping_status":"closed","sticky":false,"template":"","format":"standard","meta":{"_acf_changed":false,"_seopress_robots_primary_cat":"none","_seopress_titles_title":"","_seopress_titles_desc":"","_seopress_robots_index":"","colormag_page_container_layout":"default_layout","colormag_page_sidebar_layout":"default_layout","footnotes":""},"categories":[9],"tags":[],"class_list":["post-76971","post","type-post","status-publish","format-standard","has-post-thumbnail","hentry","category-cursos"],"acf":[],"_links":{"self":[{"href":"https:\/\/vocesparalelas.com.ar\/sitio\/wp-json\/wp\/v2\/posts\/76971","targetHints":{"allow":["GET"]}}],"collection":[{"href":"https:\/\/vocesparalelas.com.ar\/sitio\/wp-json\/wp\/v2\/posts"}],"about":[{"href":"https:\/\/vocesparalelas.com.ar\/sitio\/wp-json\/wp\/v2\/types\/post"}],"author":[{"embeddable":true,"href":"https:\/\/vocesparalelas.com.ar\/sitio\/wp-json\/wp\/v2\/users\/3"}],"replies":[{"embeddable":true,"href":"https:\/\/vocesparalelas.com.ar\/sitio\/wp-json\/wp\/v2\/comments?post=76971"}],"version-history":[{"count":1,"href":"https:\/\/vocesparalelas.com.ar\/sitio\/wp-json\/wp\/v2\/posts\/76971\/revisions"}],"predecessor-version":[{"id":76974,"href":"https:\/\/vocesparalelas.com.ar\/sitio\/wp-json\/wp\/v2\/posts\/76971\/revisions\/76974"}],"wp:featuredmedia":[{"embeddable":true,"href":"https:\/\/vocesparalelas.com.ar\/sitio\/wp-json\/wp\/v2\/media\/28072"}],"wp:attachment":[{"href":"https:\/\/vocesparalelas.com.ar\/sitio\/wp-json\/wp\/v2\/media?parent=76971"}],"wp:term":[{"taxonomy":"category","embeddable":true,"href":"https:\/\/vocesparalelas.com.ar\/sitio\/wp-json\/wp\/v2\/categories?post=76971"},{"taxonomy":"post_tag","embeddable":true,"href":"https:\/\/vocesparalelas.com.ar\/sitio\/wp-json\/wp\/v2\/tags?post=76971"}],"curies":[{"name":"wp","href":"https:\/\/api.w.org\/{rel}","templated":true}]}}