{"id":76963,"date":"2024-09-17T18:49:00","date_gmt":"2024-09-17T21:49:00","guid":{"rendered":"https:\/\/vocesparalelas.com.ar\/sitio\/?p=76963"},"modified":"2024-09-19T22:44:27","modified_gmt":"2024-09-20T01:44:27","slug":"declaraciones-de-la-ministra-de-educacion-de-san-juan-lic-silvia-fuentes-3","status":"publish","type":"post","link":"https:\/\/vocesparalelas.com.ar\/sitio\/declaraciones-de-la-ministra-de-educacion-de-san-juan-lic-silvia-fuentes-3\/","title":{"rendered":"Declaraciones de la Ministra de Educaci\u00f3n de San Juan, Lic. Silvia Fuentes"},"content":{"rendered":"<p>En el marco de la firma de convenio de cooperaci\u00f3n entre la Casa Natal de Sarmiento y la C\u00e1mara de Diputados de San Juan particip\u00f3 la Ministra de Educaci\u00f3n de San Juan, Lic. Silvia Fuentes,\u00a0 quien respondi\u00f3 varias preguntas de los periodistas San Juan sobre el camino del sistema de educaci\u00f3n.<\/p>\n<p><iframe loading=\"lazy\" title=\"SAN JUAN EDUCACI\u00d3N MINISTRA LIC SILVIA FUENTES\" width=\"800\" height=\"450\" src=\"https:\/\/www.youtube.com\/embed\/Q77vYepAwg8?feature=oembed\" frameborder=\"0\" allow=\"accelerometer; autoplay; clipboard-write; encrypted-media; gyroscope; picture-in-picture; web-share\" referrerpolicy=\"strict-origin-when-cross-origin\" allowfullscreen><\/iframe><\/p>\n<p>&nbsp;<\/p>\n<p><img loading=\"lazy\" decoding=\"async\" class=\"alignnone size-full wp-image-28629\" src=\"https:\/\/vocesparalelas.com.ar\/sitio\/wp-content\/uploads\/2020\/05\/MINISTERIO-EDUCACION-SJ.jpg\" alt=\"\" width=\"800\" height=\"533\" srcset=\"https:\/\/vocesparalelas.com.ar\/sitio\/wp-content\/uploads\/2020\/05\/MINISTERIO-EDUCACION-SJ.jpg 800w, https:\/\/vocesparalelas.com.ar\/sitio\/wp-content\/uploads\/2020\/05\/MINISTERIO-EDUCACION-SJ-300x200.jpg 300w, https:\/\/vocesparalelas.com.ar\/sitio\/wp-content\/uploads\/2020\/05\/MINISTERIO-EDUCACION-SJ-768x512.jpg 768w\" sizes=\"auto, (max-width: 800px) 100vw, 800px\" \/><\/p>\n<p>&nbsp;<\/p>\n","protected":false},"excerpt":{"rendered":"<p>En el marco de la firma de convenio de cooperaci\u00f3n entre la Casa Natal de Sarmiento y la C\u00e1mara de<\/p>\n","protected":false},"author":3,"featured_media":76957,"comment_status":"closed","ping_status":"closed","sticky":false,"template":"","format":"standard","meta":{"_acf_changed":false,"_seopress_robots_primary_cat":"none","_seopress_titles_title":"","_seopress_titles_desc":"","_seopress_robots_index":"","colormag_page_container_layout":"default_layout","colormag_page_sidebar_layout":"default_layout","footnotes":""},"categories":[10,7],"tags":[],"class_list":["post-76963","post","type-post","status-publish","format-standard","has-post-thumbnail","hentry","category-opiniones","category-videos"],"acf":[],"_links":{"self":[{"href":"https:\/\/vocesparalelas.com.ar\/sitio\/wp-json\/wp\/v2\/posts\/76963","targetHints":{"allow":["GET"]}}],"collection":[{"href":"https:\/\/vocesparalelas.com.ar\/sitio\/wp-json\/wp\/v2\/posts"}],"about":[{"href":"https:\/\/vocesparalelas.com.ar\/sitio\/wp-json\/wp\/v2\/types\/post"}],"author":[{"embeddable":true,"href":"https:\/\/vocesparalelas.com.ar\/sitio\/wp-json\/wp\/v2\/users\/3"}],"replies":[{"embeddable":true,"href":"https:\/\/vocesparalelas.com.ar\/sitio\/wp-json\/wp\/v2\/comments?post=76963"}],"version-history":[{"count":1,"href":"https:\/\/vocesparalelas.com.ar\/sitio\/wp-json\/wp\/v2\/posts\/76963\/revisions"}],"predecessor-version":[{"id":76966,"href":"https:\/\/vocesparalelas.com.ar\/sitio\/wp-json\/wp\/v2\/posts\/76963\/revisions\/76966"}],"wp:featuredmedia":[{"embeddable":true,"href":"https:\/\/vocesparalelas.com.ar\/sitio\/wp-json\/wp\/v2\/media\/76957"}],"wp:attachment":[{"href":"https:\/\/vocesparalelas.com.ar\/sitio\/wp-json\/wp\/v2\/media?parent=76963"}],"wp:term":[{"taxonomy":"category","embeddable":true,"href":"https:\/\/vocesparalelas.com.ar\/sitio\/wp-json\/wp\/v2\/categories?post=76963"},{"taxonomy":"post_tag","embeddable":true,"href":"https:\/\/vocesparalelas.com.ar\/sitio\/wp-json\/wp\/v2\/tags?post=76963"}],"curies":[{"name":"wp","href":"https:\/\/api.w.org\/{rel}","templated":true}]}}