{"id":76959,"date":"2024-09-17T21:27:01","date_gmt":"2024-09-18T00:27:01","guid":{"rendered":"https:\/\/vocesparalelas.com.ar\/sitio\/?p=76959"},"modified":"2024-09-19T14:16:37","modified_gmt":"2024-09-19T17:16:37","slug":"firma-de-convenio-de-colaboracion-entre-la-casa-natal-de-sarmiento-y-la-camara-de-diputados-de-san-juan","status":"publish","type":"post","link":"https:\/\/vocesparalelas.com.ar\/sitio\/firma-de-convenio-de-colaboracion-entre-la-casa-natal-de-sarmiento-y-la-camara-de-diputados-de-san-juan\/","title":{"rendered":"Firma de convenio de colaboraci\u00f3n entre la Casa Natal de Sarmiento y la C\u00e1mara de Diputados de San Juan"},"content":{"rendered":"<p>En la Biblioteca de la Casa Natal de Sarmiento, se realiz\u00f3 un acto muy interesante porque se firm\u00f3 un convenio de colaboraci\u00f3n entre la C\u00e1mara de Diputados y la casa Hist\u00f3rica.<\/p>\n<p>Es por ello, el Director de la Casa Natal de Sarmiento, Dr. Renato L\u00f3pez y el Vicegobernador, Dr. Fabi\u00e1n Mart\u00edn fueron los responsables de llevar adelante el convenio que contempla la reedici\u00f3n del libro \u201cRecuerdos de Provincia\u00bb de Domingo Faustino Sarmiento, por parte del Fondo Editorial de la C\u00e1mara de Diputados.<\/p>\n<p>&nbsp;<\/p>\n<figure id=\"attachment_76955\" aria-describedby=\"caption-attachment-76955\" style=\"width: 800px\" class=\"wp-caption alignnone\"><img loading=\"lazy\" decoding=\"async\" class=\"size-full wp-image-76955\" src=\"https:\/\/vocesparalelas.com.ar\/sitio\/wp-content\/uploads\/2024\/09\/SARMIENTO-RENATO.jpg\" alt=\"\" width=\"800\" height=\"533\" srcset=\"https:\/\/vocesparalelas.com.ar\/sitio\/wp-content\/uploads\/2024\/09\/SARMIENTO-RENATO.jpg 800w, https:\/\/vocesparalelas.com.ar\/sitio\/wp-content\/uploads\/2024\/09\/SARMIENTO-RENATO-300x200.jpg 300w, https:\/\/vocesparalelas.com.ar\/sitio\/wp-content\/uploads\/2024\/09\/SARMIENTO-RENATO-768x512.jpg 768w\" sizes=\"auto, (max-width: 800px) 100vw, 800px\" \/><figcaption id=\"caption-attachment-76955\" class=\"wp-caption-text\">Director de la Casa Natal de Sarmiento, Dr. Renato L\u00f3pez<\/figcaption><\/figure>\n<p>El acuerdo firmado entre las instituciones contempla la reedici\u00f3n, por parte del Fondo Editorial, del libro \u201cRecuerdos de Provincia\u201d.<\/p>\n<p>Adem\u00e1s, el Convenio contempla trabajar en otros libros, que contar\u00e1n con las ilustraciones de Jorge Rodr\u00edguez y con pr\u00f3logos especiales en referencias a cada uno de ellos. Esta edici\u00f3n tiene el pr\u00f3logo del historiador Tulio Halper\u00edn Dongui. Es una conferencia que brind\u00f3 en la Biblioteca Franklin, respecto a qu\u00e9 signific\u00f3 esta obra en el momento de su publicaci\u00f3n, donde busc\u00f3 darse a conocer a la ciudadan\u00eda para ser gobernante en la Argentina.<\/p>\n<figure id=\"attachment_76956\" aria-describedby=\"caption-attachment-76956\" style=\"width: 800px\" class=\"wp-caption alignnone\"><img loading=\"lazy\" decoding=\"async\" class=\"size-full wp-image-76956\" src=\"https:\/\/vocesparalelas.com.ar\/sitio\/wp-content\/uploads\/2024\/09\/SARMIENTO-MARTIN.jpg\" alt=\"\" width=\"800\" height=\"533\" srcset=\"https:\/\/vocesparalelas.com.ar\/sitio\/wp-content\/uploads\/2024\/09\/SARMIENTO-MARTIN.jpg 800w, https:\/\/vocesparalelas.com.ar\/sitio\/wp-content\/uploads\/2024\/09\/SARMIENTO-MARTIN-300x200.jpg 300w, https:\/\/vocesparalelas.com.ar\/sitio\/wp-content\/uploads\/2024\/09\/SARMIENTO-MARTIN-768x512.jpg 768w\" sizes=\"auto, (max-width: 800px) 100vw, 800px\" \/><figcaption id=\"caption-attachment-76956\" class=\"wp-caption-text\">Vicegobernador, Dr. Fabi\u00e1n Mart\u00edn<\/figcaption><\/figure>\n<p>Posteriormente, el intendente de la Municipalidad de Sarmiento, Alfredo Castro remarc\u00f3 que \u00abla muestra en honor a Domingo Faustino Sarmiento, abierta a la comunidad, que rinde homenaje a su obra y al 150 aniversario del fin de su mandato presidencial. Es una oportunidad para reflexionar sobre su legado, con un compromiso inquebrantable con la educaci\u00f3n, el progreso y la libertad. El desarrollo de una Naci\u00f3n se cimenta en la formaci\u00f3n de sus ciudadanos\u201d.<\/p>\n<p><iframe loading=\"lazy\" title=\"CDSJ INTENDENTE SARMIENTO ALFREDO CASTRO\" width=\"800\" height=\"450\" src=\"https:\/\/www.youtube.com\/embed\/k5h5kHQ6JDM?feature=oembed\" frameborder=\"0\" allow=\"accelerometer; autoplay; clipboard-write; encrypted-media; gyroscope; picture-in-picture; web-share\" referrerpolicy=\"strict-origin-when-cross-origin\" allowfullscreen><\/iframe><\/p>\n<p>&nbsp;<\/p>\n<p>&nbsp;<\/p>\n<p>Seguidamente, la Ministra de Educaci\u00f3n del Gobierno de San Juan, Lic. Silvia Fuentes salud\u00f3 a los profesores en su d\u00eda y los convoc\u00f3 para seguir trabajando juntos para seguir transformando la educaci\u00f3n en San Juan.<\/p>\n<p><iframe loading=\"lazy\" title=\"CDSJ EDUCACI\u00d3N LIC SILVIA FUENTES\" width=\"800\" height=\"450\" src=\"https:\/\/www.youtube.com\/embed\/O1g6sQKfhzM?feature=oembed\" frameborder=\"0\" allow=\"accelerometer; autoplay; clipboard-write; encrypted-media; gyroscope; picture-in-picture; web-share\" referrerpolicy=\"strict-origin-when-cross-origin\" allowfullscreen><\/iframe><\/p>\n<p>Para finalizar el acto, el Vicegobernador Dr. Fabi\u00e1n Mart\u00edn explic\u00f3 que \u201cla Legislatura Provincial, a trav\u00e9s de un esfuerzo importante, ha donado 100 ejemplares a la Casa de Sarmiento para que puedan ser vendidos a los visitantes. As\u00ed lograr\u00e1n recaudar fondos que siempre son bienvenidos para su mantenimiento\u201d.<\/p>\n<p><iframe loading=\"lazy\" title=\"CDSJ VICEGOBERNADOR DR FABI\u00c1N MART\u00cdN\" width=\"800\" height=\"450\" src=\"https:\/\/www.youtube.com\/embed\/JZZKa99WVGc?feature=oembed\" frameborder=\"0\" allow=\"accelerometer; autoplay; clipboard-write; encrypted-media; gyroscope; picture-in-picture; web-share\" referrerpolicy=\"strict-origin-when-cross-origin\" allowfullscreen><\/iframe><\/p>\n<p>&nbsp;<\/p>\n<figure id=\"attachment_37951\" aria-describedby=\"caption-attachment-37951\" style=\"width: 800px\" class=\"wp-caption alignnone\"><img loading=\"lazy\" decoding=\"async\" class=\"size-full wp-image-37951\" src=\"https:\/\/vocesparalelas.com.ar\/sitio\/wp-content\/uploads\/2021\/05\/CAMARA-EDIFICIO.jpg\" alt=\"\" width=\"800\" height=\"515\" srcset=\"https:\/\/vocesparalelas.com.ar\/sitio\/wp-content\/uploads\/2021\/05\/CAMARA-EDIFICIO.jpg 800w, https:\/\/vocesparalelas.com.ar\/sitio\/wp-content\/uploads\/2021\/05\/CAMARA-EDIFICIO-300x193.jpg 300w, https:\/\/vocesparalelas.com.ar\/sitio\/wp-content\/uploads\/2021\/05\/CAMARA-EDIFICIO-768x494.jpg 768w\" sizes=\"auto, (max-width: 800px) 100vw, 800px\" \/><figcaption id=\"caption-attachment-37951\" class=\"wp-caption-text\">Legislatura Provincial de San Juan, Rep\u00fablica Argentina<\/figcaption><\/figure>\n<p>&nbsp;<\/p>\n<p><img loading=\"lazy\" decoding=\"async\" class=\"alignnone size-full wp-image-41747\" src=\"https:\/\/vocesparalelas.com.ar\/sitio\/wp-content\/uploads\/2021\/09\/CASA-SARMIENTO-FRENTE-02.jpg\" alt=\"\" width=\"800\" height=\"533\" srcset=\"https:\/\/vocesparalelas.com.ar\/sitio\/wp-content\/uploads\/2021\/09\/CASA-SARMIENTO-FRENTE-02.jpg 800w, https:\/\/vocesparalelas.com.ar\/sitio\/wp-content\/uploads\/2021\/09\/CASA-SARMIENTO-FRENTE-02-300x200.jpg 300w, https:\/\/vocesparalelas.com.ar\/sitio\/wp-content\/uploads\/2021\/09\/CASA-SARMIENTO-FRENTE-02-768x512.jpg 768w\" sizes=\"auto, (max-width: 800px) 100vw, 800px\" \/><\/p>\n<p>&nbsp;<\/p>\n<p>&nbsp;<\/p>\n<p>&nbsp;<\/p>\n<p>&nbsp;<\/p>\n","protected":false},"excerpt":{"rendered":"<p>En la Biblioteca de la Casa Natal de Sarmiento, se realiz\u00f3 un acto muy interesante porque se firm\u00f3 un convenio<\/p>\n","protected":false},"author":3,"featured_media":76952,"comment_status":"closed","ping_status":"closed","sticky":false,"template":"","format":"standard","meta":{"_acf_changed":false,"_seopress_robots_primary_cat":"none","_seopress_titles_title":"","_seopress_titles_desc":"","_seopress_robots_index":"","colormag_page_container_layout":"default_layout","colormag_page_sidebar_layout":"default_layout","footnotes":""},"categories":[10,7],"tags":[],"class_list":["post-76959","post","type-post","status-publish","format-standard","has-post-thumbnail","hentry","category-opiniones","category-videos"],"acf":[],"_links":{"self":[{"href":"https:\/\/vocesparalelas.com.ar\/sitio\/wp-json\/wp\/v2\/posts\/76959","targetHints":{"allow":["GET"]}}],"collection":[{"href":"https:\/\/vocesparalelas.com.ar\/sitio\/wp-json\/wp\/v2\/posts"}],"about":[{"href":"https:\/\/vocesparalelas.com.ar\/sitio\/wp-json\/wp\/v2\/types\/post"}],"author":[{"embeddable":true,"href":"https:\/\/vocesparalelas.com.ar\/sitio\/wp-json\/wp\/v2\/users\/3"}],"replies":[{"embeddable":true,"href":"https:\/\/vocesparalelas.com.ar\/sitio\/wp-json\/wp\/v2\/comments?post=76959"}],"version-history":[{"count":1,"href":"https:\/\/vocesparalelas.com.ar\/sitio\/wp-json\/wp\/v2\/posts\/76959\/revisions"}],"predecessor-version":[{"id":76962,"href":"https:\/\/vocesparalelas.com.ar\/sitio\/wp-json\/wp\/v2\/posts\/76959\/revisions\/76962"}],"wp:featuredmedia":[{"embeddable":true,"href":"https:\/\/vocesparalelas.com.ar\/sitio\/wp-json\/wp\/v2\/media\/76952"}],"wp:attachment":[{"href":"https:\/\/vocesparalelas.com.ar\/sitio\/wp-json\/wp\/v2\/media?parent=76959"}],"wp:term":[{"taxonomy":"category","embeddable":true,"href":"https:\/\/vocesparalelas.com.ar\/sitio\/wp-json\/wp\/v2\/categories?post=76959"},{"taxonomy":"post_tag","embeddable":true,"href":"https:\/\/vocesparalelas.com.ar\/sitio\/wp-json\/wp\/v2\/tags?post=76959"}],"curies":[{"name":"wp","href":"https:\/\/api.w.org\/{rel}","templated":true}]}}