{"id":76948,"date":"2024-09-17T18:56:39","date_gmt":"2024-09-17T21:56:39","guid":{"rendered":"https:\/\/vocesparalelas.com.ar\/sitio\/?p=76948"},"modified":"2024-09-17T18:56:39","modified_gmt":"2024-09-17T21:56:39","slug":"se-entregaron-204-casas-del-barrio-el-algarrobo-departamento-caucete-en-san-juan","status":"publish","type":"post","link":"https:\/\/vocesparalelas.com.ar\/sitio\/se-entregaron-204-casas-del-barrio-el-algarrobo-departamento-caucete-en-san-juan\/","title":{"rendered":"Se entregaron 204 casas del Barrio El Algarrobo, Departamento Caucete, en San Juan"},"content":{"rendered":"<p>El gobernador de San Juan, Dr. Marcelo Orrego entreg\u00f3 la llave de 204 viviendas del Barrio Los Algarrobos, Juan Jos\u00e9 Bustos s\/n, esquina San Mart\u00edn, Departamento Caucete.<\/p>\n<p>Gran emoci\u00f3n manifestaron sus residentes. Es un orgullo que el Gobierno de San Juan y el Instituto Provincial de la Vivienda trabajen para beneficiar a las familias con una casa en otros departamentos de San Juan.<\/p>\n<p>Es as\u00ed que, el gobernador, Dr. Marcelo Orrego manifest\u00f3 que \u00abmi emoci\u00f3n es porque San Juan ha logrado 550 viviendas y aspira que a fin de 2024 se logre a los 1000. Es un privilegio poder entregar 204 viviendas del Barrio El Algarrobo, m\u00e1s importante en cuanto a cantidad de casas este a\u00f1o. Ya llevamos 550 viviendas y, si Dios quiere, para fin de a\u00f1o podr\u00edamos superar las 1.000\u201d.<\/p>\n<p>\u201cHoy no es un d\u00eda cualquiera, es especial porque ver a tantas familias obtener su hogar propio, despu\u00e9s de tanto esfuerzo y espera, llena de emoci\u00f3n\u201d.<\/p>\n<p>\u00abEstos hogares son m\u00e1s que una estructura, son el lugar donde se comparten momentos como cumplea\u00f1os y fiestas. y seguiremos trabajando con constancia, humildad y transparencia. Con el compromiso y la vocaci\u00f3n de que San Juan siga avanzando\u201d.<\/p>\n<p><iframe loading=\"lazy\" title=\"El gobernador entreg\u00f3 204 viviendas a familias de Caucete\" width=\"800\" height=\"450\" src=\"https:\/\/www.youtube.com\/embed\/LO4qBpBFQEc?feature=oembed\" frameborder=\"0\" allow=\"accelerometer; autoplay; clipboard-write; encrypted-media; gyroscope; picture-in-picture; web-share\" referrerpolicy=\"strict-origin-when-cross-origin\" allowfullscreen><\/iframe><\/p>\n<p>&nbsp;<\/p>\n<p>El barrio forma parte de un proyecto habitacional que brinda soluciones de vivienda a las familias sanjuaninas y est\u00e1 compuesto por dos sectores. El sector 1 incluye 100 viviendas de prototipo com\u00fan y el sector 2 tiene 95 viviendas, todas con una superficie total de 63.10 m\u00b2.<\/p>\n<p>Ambos sectores, tiene viviendas adaptadas para personas con discapacidad, de 63.10m\u00b2 superficie total.<\/p>\n<p>Las viviendas est\u00e1n dise\u00f1adas con dos dormitorios, ba\u00f1o, comedor, cocina con espacio para lavarropas en el interior y pileta de lavar en el exterior.<\/p>\n<p><strong><span style=\"color: #ff6600;\">Detalles de la infraestructura urbana<\/span><\/strong><\/p>\n<p>}El barrio El Algarrobo est\u00e1 compuesto por 204 viviendas equipadas con red de agua potable, red de cloacas y red de gas, red el\u00e9ctrica y alumbrado p\u00fablico. Calles con calzada enripiada, veredas municipales con puentes peatonales y vehiculares.<\/p>\n<p>Sistema de riego de arbolado p\u00fablico tipo mendocino (con ca\u00f1o de riego) y espacios verdes con \u00e1rboles, iluminados con farolas y bancos de hormig\u00f3n.<\/p>\n<p>El barrio se entrega con una bicisenda de hormig\u00f3n con cord\u00f3n de seguridad, que recorre el barrio en su totalidad.<\/p>\n<p>Acompa\u00f1aron al gobernador, la intendenta de la Municipalidad de Caucete, Lic. Romina Rosas, el ministro de Infraestructura, Agua y Energ\u00eda, Arq. Fernando Perea; la ministra de Gobierno, Dra. Laura Palma, la directora del IPV, Arq. Elina Peralta; la subdirectora del IPV, Arq. Marianela Ardiles, adjudicatarios, familiares y dem\u00e1s funcionarios provinciales y departamentales.<\/p>\n<p><img loading=\"lazy\" decoding=\"async\" class=\"alignnone size-full wp-image-65642\" src=\"https:\/\/vocesparalelas.com.ar\/sitio\/wp-content\/uploads\/2023\/11\/GOBIERNO-SAN-JUAN.jpg\" alt=\"\" width=\"800\" height=\"600\" srcset=\"https:\/\/vocesparalelas.com.ar\/sitio\/wp-content\/uploads\/2023\/11\/GOBIERNO-SAN-JUAN.jpg 800w, https:\/\/vocesparalelas.com.ar\/sitio\/wp-content\/uploads\/2023\/11\/GOBIERNO-SAN-JUAN-300x225.jpg 300w, https:\/\/vocesparalelas.com.ar\/sitio\/wp-content\/uploads\/2023\/11\/GOBIERNO-SAN-JUAN-768x576.jpg 768w\" sizes=\"auto, (max-width: 800px) 100vw, 800px\" \/><\/p>\n","protected":false},"excerpt":{"rendered":"<p>El gobernador de San Juan, Dr. Marcelo Orrego entreg\u00f3 la llave de 204 viviendas del Barrio Los Algarrobos, Juan Jos\u00e9<\/p>\n","protected":false},"author":3,"featured_media":76951,"comment_status":"closed","ping_status":"closed","sticky":false,"template":"","format":"standard","meta":{"_acf_changed":false,"_seopress_robots_primary_cat":"none","_seopress_titles_title":"","_seopress_titles_desc":"","_seopress_robots_index":"","colormag_page_container_layout":"default_layout","colormag_page_sidebar_layout":"default_layout","footnotes":""},"categories":[1,7],"tags":[],"class_list":["post-76948","post","type-post","status-publish","format-standard","has-post-thumbnail","hentry","category-destacadas","category-videos"],"acf":[],"_links":{"self":[{"href":"https:\/\/vocesparalelas.com.ar\/sitio\/wp-json\/wp\/v2\/posts\/76948","targetHints":{"allow":["GET"]}}],"collection":[{"href":"https:\/\/vocesparalelas.com.ar\/sitio\/wp-json\/wp\/v2\/posts"}],"about":[{"href":"https:\/\/vocesparalelas.com.ar\/sitio\/wp-json\/wp\/v2\/types\/post"}],"author":[{"embeddable":true,"href":"https:\/\/vocesparalelas.com.ar\/sitio\/wp-json\/wp\/v2\/users\/3"}],"replies":[{"embeddable":true,"href":"https:\/\/vocesparalelas.com.ar\/sitio\/wp-json\/wp\/v2\/comments?post=76948"}],"version-history":[{"count":1,"href":"https:\/\/vocesparalelas.com.ar\/sitio\/wp-json\/wp\/v2\/posts\/76948\/revisions"}],"predecessor-version":[{"id":76958,"href":"https:\/\/vocesparalelas.com.ar\/sitio\/wp-json\/wp\/v2\/posts\/76948\/revisions\/76958"}],"wp:featuredmedia":[{"embeddable":true,"href":"https:\/\/vocesparalelas.com.ar\/sitio\/wp-json\/wp\/v2\/media\/76951"}],"wp:attachment":[{"href":"https:\/\/vocesparalelas.com.ar\/sitio\/wp-json\/wp\/v2\/media?parent=76948"}],"wp:term":[{"taxonomy":"category","embeddable":true,"href":"https:\/\/vocesparalelas.com.ar\/sitio\/wp-json\/wp\/v2\/categories?post=76948"},{"taxonomy":"post_tag","embeddable":true,"href":"https:\/\/vocesparalelas.com.ar\/sitio\/wp-json\/wp\/v2\/tags?post=76948"}],"curies":[{"name":"wp","href":"https:\/\/api.w.org\/{rel}","templated":true}]}}