{"id":76937,"date":"2024-09-16T18:29:16","date_gmt":"2024-09-16T21:29:16","guid":{"rendered":"https:\/\/vocesparalelas.com.ar\/sitio\/?p=76937"},"modified":"2024-09-17T22:37:21","modified_gmt":"2024-09-18T01:37:21","slug":"hermosos-espectaculos-para-disfrutar-en-familia-en-el-teatro-del-bicentenario-de-san-juan","status":"publish","type":"post","link":"https:\/\/vocesparalelas.com.ar\/sitio\/hermosos-espectaculos-para-disfrutar-en-familia-en-el-teatro-del-bicentenario-de-san-juan\/","title":{"rendered":"Hermosos espect\u00e1culos para disfrutar en familia en el Teatro del Bicentenario de San Juan"},"content":{"rendered":"<p>En el Teatro del Bicentenario brinda hermosos espect\u00e1culos para disfrutar en familia durante la semana \u00abLa Flauta M\u00e1gica\u00bb,<span style=\"color: #000000;\">\u00a0 Giovenco en Guitarras sube a escena con La Nafta y Creativa Ensamble.<\/span><\/p>\n<p><span style=\"color: #ff6600;\"><strong>La Flauta M\u00e1gica<\/strong><\/span><\/p>\n<p>En el marco de las actividades para Infancias e Introducci\u00f3n a la \u00f3pera, el Teatro del Bicentenario pone en escena \u201cLa Flauta M\u00e1gica\u201d. La c\u00e9lebre \u00f3pera de Wolfgang Amadeus Mozart, en una versi\u00f3n al piano en espa\u00f1ol de Mar\u00eda Concepci\u00f3n y Mar\u00eda de la Paz Perre. La misma, cuenta con la participaci\u00f3n al piano de la Maestra Eduviges Picone, junto a cantantes solistas invitados y participantes del Programa Opera Training que dirige Ver\u00f3nica Cangemi.<\/p>\n<p>Es una propuesta art\u00edstica y did\u00e1ctica destinada a alumnos de 3\u00b0, 4\u00b0, 5\u00b0 y 6\u00b0 grado de escuelas primarias de la provincia que tiene como objetivo acercar a m\u00e1s de 7000 ni\u00f1os de la provincia a vivir una experiencia \u00fanica e introducirse en el maravilloso mundo de la \u00f3pera, g\u00e9nero asociado a la m\u00fasica cl\u00e1sica, considerada una forma teatral que narra una historia, a trav\u00e9s de la m\u00fasica en esta oportunidad al piano.<\/p>\n<p>Las funciones son gratuitas y \u00fanicamente para escuelas e instituciones que se inscribieron previamente en la convocatoria, no es para p\u00fablico en general<\/p>\n<p><span style=\"color: #ff6600;\"><strong>Cronograma<\/strong><\/span><\/p>\n<ul>\n<li>Desde el martes 17 al 20\/09 habr\u00e1 funciones a las 11:00 y 15:00 hs en Sala Principal<\/li>\n<li>Mi\u00e9rcoles 18 a las 14:00 hs, en el Foyer del Teatro: VISITA T\u00c1CTIL para personas con discapacidad visual y baja visi\u00f3n. Es un recorrido previo a la funci\u00f3n, donde las personas podr\u00e1n tocar el vestuario y algunos objetos de utiler\u00eda, y luego ingresan a la Sala Principal para presenciar la funci\u00f3n.<\/li>\n<li>Jueves 19 a las 14:00 hs, en el Foyer del Teatro: VISITA SENSORIAL para personas con TEA. Es el mismo recorrido que realizar\u00e1n las personas con discapacidad visual<\/li>\n<li>Viernes 20 a las 16:00 hs, en Sala de Orquesta (post funci\u00f3n): Taller Did\u00e1ctico para personas con discapacidad intelectual. En esta actividad, estar\u00e1 presente Eduviges Pic\u00f3n al piano y est\u00e1 planteado realizar juegos para los alumnos<\/li>\n<\/ul>\n<p>Se solicita tener en cuenta que son menores de edad y deben consultar previamente a los docentes si los alumnos tienen la autorizaci\u00f3n de los padres, madres o tutores para realizarles im\u00e1genes. Como as\u00ed tambi\u00e9n, les pedimos ser respetuosos con el espacio personal, no acercarse sin solicitar permiso ya que son peque\u00f1os y se sienten invadidos.<\/p>\n<p><strong><span style=\"color: #ff6600;\">Sala Auditorio<\/span><\/strong><\/p>\n<p><strong><span style=\"color: #ff6600;\">Giovenco en Guitarras sube a escena con La Nafta<\/span><\/strong><\/p>\n<p>El m\u00fasico sanjuanino Daniel Giovenco celebra m\u00e1s de 40 a\u00f1os de trayectoria de la mano de La Nafta (C\u00f3rdoba), un cuarteto de guitarras criollo. Con arreglos musicales escritos especialmente para la ocasi\u00f3n, el repertorio cargado de sus tonadas, cuecas y valses del autor estar\u00e1 conformado por versiones in\u00e9ditas de su obra.<br \/>\nViernes, 20 de Septiembre, a las 21:30 hs. Entrada a $5000 en Boleter\u00eda y en TuEntrada.com<\/p>\n<p><strong><span style=\"color: #ff6600;\">Creativa Ensamble<\/span><\/strong><\/p>\n<p>En el marco del Ciclo de Jazz, llega desde Uruguay el grupo Creativa Jazz Ensamble. Un grupo musical de investigaci\u00f3n y trabajo acad\u00e9mico de la carrera Licenciatura en Jazz y M\u00fasica Creativa de la UTEC (Mercedes, Uruguay) con Santiago Palacio en contrabajo y Elmer Meza en trompeta como m\u00fasicos invitados.<\/p>\n<p>El S\u00e1bado 21 de Septiembre, a las 21:30 hs.; entrada a $4000 en Boleter\u00eda y en TuEntrada.com<\/p>\n","protected":false},"excerpt":{"rendered":"<p>En el Teatro del Bicentenario brinda hermosos espect\u00e1culos para disfrutar en familia durante la semana \u00abLa Flauta M\u00e1gica\u00bb,\u00a0 Giovenco en<\/p>\n","protected":false},"author":3,"featured_media":21666,"comment_status":"closed","ping_status":"closed","sticky":false,"template":"","format":"standard","meta":{"_acf_changed":false,"_seopress_robots_primary_cat":"none","_seopress_titles_title":"","_seopress_titles_desc":"","_seopress_robots_index":"","colormag_page_container_layout":"default_layout","colormag_page_sidebar_layout":"default_layout","footnotes":""},"categories":[20],"tags":[],"class_list":["post-76937","post","type-post","status-publish","format-standard","has-post-thumbnail","hentry","category-cartelera"],"acf":[],"_links":{"self":[{"href":"https:\/\/vocesparalelas.com.ar\/sitio\/wp-json\/wp\/v2\/posts\/76937","targetHints":{"allow":["GET"]}}],"collection":[{"href":"https:\/\/vocesparalelas.com.ar\/sitio\/wp-json\/wp\/v2\/posts"}],"about":[{"href":"https:\/\/vocesparalelas.com.ar\/sitio\/wp-json\/wp\/v2\/types\/post"}],"author":[{"embeddable":true,"href":"https:\/\/vocesparalelas.com.ar\/sitio\/wp-json\/wp\/v2\/users\/3"}],"replies":[{"embeddable":true,"href":"https:\/\/vocesparalelas.com.ar\/sitio\/wp-json\/wp\/v2\/comments?post=76937"}],"version-history":[{"count":1,"href":"https:\/\/vocesparalelas.com.ar\/sitio\/wp-json\/wp\/v2\/posts\/76937\/revisions"}],"predecessor-version":[{"id":76940,"href":"https:\/\/vocesparalelas.com.ar\/sitio\/wp-json\/wp\/v2\/posts\/76937\/revisions\/76940"}],"wp:featuredmedia":[{"embeddable":true,"href":"https:\/\/vocesparalelas.com.ar\/sitio\/wp-json\/wp\/v2\/media\/21666"}],"wp:attachment":[{"href":"https:\/\/vocesparalelas.com.ar\/sitio\/wp-json\/wp\/v2\/media?parent=76937"}],"wp:term":[{"taxonomy":"category","embeddable":true,"href":"https:\/\/vocesparalelas.com.ar\/sitio\/wp-json\/wp\/v2\/categories?post=76937"},{"taxonomy":"post_tag","embeddable":true,"href":"https:\/\/vocesparalelas.com.ar\/sitio\/wp-json\/wp\/v2\/tags?post=76937"}],"curies":[{"name":"wp","href":"https:\/\/api.w.org\/{rel}","templated":true}]}}