{"id":76932,"date":"2024-09-16T18:17:05","date_gmt":"2024-09-16T21:17:05","guid":{"rendered":"https:\/\/vocesparalelas.com.ar\/sitio\/?p=76932"},"modified":"2024-09-17T01:17:19","modified_gmt":"2024-09-17T04:17:19","slug":"carteleria-turistica-para-las-rutas-del-vino-y-el-olivo-en-san-juan","status":"publish","type":"post","link":"https:\/\/vocesparalelas.com.ar\/sitio\/carteleria-turistica-para-las-rutas-del-vino-y-el-olivo-en-san-juan\/","title":{"rendered":"Carteler\u00eda tur\u00edstica para las rutas del vino y el olivo en San Juan"},"content":{"rendered":"<p>Un importante operativo de relevamiento se puso en marcha en la provincia de San Juan, con el objetivo de mejorar la se\u00f1alizaci\u00f3n tur\u00edstica en las emblem\u00e1ticas Rutas del Vino y del Olivo. El equipo t\u00e9cnico de la Direcci\u00f3n de Desarrollo y Productos Tur\u00edsticos, dependientes de la Secretaria de Turismo de la provincia, en colaboraci\u00f3n con Vialidad Nacional y Provincial, establecieron las pautas y requisitos para la correcta colocaci\u00f3n de carteler\u00eda, orientada a guiar a los turistas y sanjuaninos que recorren la provincia.<\/p>\n<p>El operativo incluy\u00f3 una serie de salidas en conjunto para evaluar las distancias y determinar si la ubicaci\u00f3n de los carteles es conveniente desde la perspectiva de los prestadores de servicios tur\u00edsticos. Los departamentos relevados hasta la fecha son 9 de Julio, Santa Luc\u00eda, Albard\u00f3n, San Mart\u00edn, Pocito, Capital, Rivadavia y Zonda. La planificaci\u00f3n continuar\u00e1 con la inclusi\u00f3n de los municipios de Sarmiento, Calingasta y Valle F\u00e9rtil.<\/p>\n<p>Estas acciones surgen como resultado de las reuniones con las mesas de trabajo que integran bodegas y establecimientos oliv\u00edcolas de la Rutas del Vino y del Olivo de la provincia, destac\u00e1ndose la importancia de una correcta se\u00f1alizaci\u00f3n en los puntos de ingreso a la provincia y en las principales arterias como la Ruta 20 y la Ruta 40. Adem\u00e1s, se prioriza la cercan\u00eda de la se\u00f1al\u00e9tica con las bodegas y establecimientos oliv\u00edcolas, facilitando as\u00ed el acceso de los visitantes y mejorando su experiencia al disfrutar de las actividades y conocer los lugares.<\/p>\n<p>Actualmente, la Ruta del Vino de San Juan cuenta con 34 bodegas abiertas al p\u00fablico, donde los visitantes pueden realizar visitas guiadas y degustaciones Valle del Tulum, Valle de Calingasta, valle de Ullum y Zonda, Valle de Perdernal y Valle F\u00e9rtil. En la Ruta del Olivo, por su parte, hay 17 establecimientos oliv\u00edcolas distribuidos en el Valle de Tulum que se benefician de este proyecto de mejora en la se\u00f1alizaci\u00f3n para seguir posicionando a san Juan c\u00f3mo el principal productor de aceite de oliva virgen extra del pa\u00eds.<\/p>\n<p>&nbsp;<\/p>\n<p>&nbsp;<\/p>\n","protected":false},"excerpt":{"rendered":"<p>Un importante operativo de relevamiento se puso en marcha en la provincia de San Juan, con el objetivo de mejorar<\/p>\n","protected":false},"author":3,"featured_media":76935,"comment_status":"closed","ping_status":"closed","sticky":false,"template":"","format":"standard","meta":{"_acf_changed":false,"_seopress_robots_primary_cat":"none","_seopress_titles_title":"","_seopress_titles_desc":"","_seopress_robots_index":"","colormag_page_container_layout":"default_layout","colormag_page_sidebar_layout":"default_layout","footnotes":""},"categories":[1],"tags":[],"class_list":["post-76932","post","type-post","status-publish","format-standard","has-post-thumbnail","hentry","category-destacadas"],"acf":[],"_links":{"self":[{"href":"https:\/\/vocesparalelas.com.ar\/sitio\/wp-json\/wp\/v2\/posts\/76932","targetHints":{"allow":["GET"]}}],"collection":[{"href":"https:\/\/vocesparalelas.com.ar\/sitio\/wp-json\/wp\/v2\/posts"}],"about":[{"href":"https:\/\/vocesparalelas.com.ar\/sitio\/wp-json\/wp\/v2\/types\/post"}],"author":[{"embeddable":true,"href":"https:\/\/vocesparalelas.com.ar\/sitio\/wp-json\/wp\/v2\/users\/3"}],"replies":[{"embeddable":true,"href":"https:\/\/vocesparalelas.com.ar\/sitio\/wp-json\/wp\/v2\/comments?post=76932"}],"version-history":[{"count":1,"href":"https:\/\/vocesparalelas.com.ar\/sitio\/wp-json\/wp\/v2\/posts\/76932\/revisions"}],"predecessor-version":[{"id":76936,"href":"https:\/\/vocesparalelas.com.ar\/sitio\/wp-json\/wp\/v2\/posts\/76932\/revisions\/76936"}],"wp:featuredmedia":[{"embeddable":true,"href":"https:\/\/vocesparalelas.com.ar\/sitio\/wp-json\/wp\/v2\/media\/76935"}],"wp:attachment":[{"href":"https:\/\/vocesparalelas.com.ar\/sitio\/wp-json\/wp\/v2\/media?parent=76932"}],"wp:term":[{"taxonomy":"category","embeddable":true,"href":"https:\/\/vocesparalelas.com.ar\/sitio\/wp-json\/wp\/v2\/categories?post=76932"},{"taxonomy":"post_tag","embeddable":true,"href":"https:\/\/vocesparalelas.com.ar\/sitio\/wp-json\/wp\/v2\/tags?post=76932"}],"curies":[{"name":"wp","href":"https:\/\/api.w.org\/{rel}","templated":true}]}}