{"id":76925,"date":"2024-09-16T23:00:53","date_gmt":"2024-09-17T02:00:53","guid":{"rendered":"https:\/\/vocesparalelas.com.ar\/sitio\/?p=76925"},"modified":"2024-09-17T02:38:12","modified_gmt":"2024-09-17T05:38:12","slug":"guillermo-francos-y-caputo-se-reunieron-con-gobernadores-y-pidieron-el-ajuste-de-usd-60-mil-millones","status":"publish","type":"post","link":"https:\/\/vocesparalelas.com.ar\/sitio\/guillermo-francos-y-caputo-se-reunieron-con-gobernadores-y-pidieron-el-ajuste-de-usd-60-mil-millones\/","title":{"rendered":"Guillermo Francos y Caputo se reunieron con gobernadores y pidieron el ajuste de USD 60 mil millones"},"content":{"rendered":"<p>Un total de 16 mandatarios y tres altos funcionarios provinciales conversaron con las autoridades nacionales, poco despu\u00e9s de que el Presidente les pidiera p\u00fablicamente que hicieran los recortes en sus territorios. Hugo Passalacqua, de Misiones, se fue poco despu\u00e9s de que comenzara el encuentro. Francos tambi\u00e9n tuvo que retirarse para asistir a otro evento.<\/p>\n<p>Apenas unas horas despu\u00e9s de que el presidente\u00a0Javier Milei\u00a0presentara el Presupuesto para el 2025 en el Congreso, el jefe de Gabinete,\u00a0Guillermo Francos, y el ministro de Econom\u00eda,\u00a0Luis \u201cToto\u201d Caputo, mantuvieron este lunes una reuni\u00f3n de casi dos horas con los gobernadores para acordar los detalles del proyecto y relativizaron el pedido de ajuste de 60 mil millones de d\u00f3lares.<\/p>\n<p>Del encuentro participaron, ya sea de forma presencial o por zoom, casi todos los mandatarios provinciales, excepto los opositores m\u00e1s duros:\u00a0Ricardo Quintela\u00a0(La Rioja),\u00a0Axel Kicillof\u00a0(Buenos Aires),\u00a0Gustavo Melella\u00a0(Tierra del Fuego) y\u00a0Gildo Insfr\u00e1n\u00a0(Formosa).<\/p>\n<p>De acuerdo a fuentes oficiales, el clima del c\u00f3nclave \u201cfue muy bueno\u201d y que\u00a0todos coincidieron en que hay que \u201cavanzar hacia un modelo de d\u00e9ficit cero\u201d, aunque algunos de ellos \u201cexpresaron sus preocupaciones y temas puntuales de sus territorios\u201d.<\/p>\n<p class=\"paragraph\" data-mrf-recirculation=\"Links inline\">El encuentro se desarroll\u00f3 poco despu\u00e9s de que el propio Milei, en pleno Congreso y por cadena nacional, les reclamara a los mandatarios locales que avancen con un ajuste tambi\u00e9n en sus provincias para colaborar con las cuentas del pa\u00eds.<\/p>\n<p class=\"paragraph\" data-mrf-recirculation=\"Links inline\">\u201cA los gobernadores les digo, cumplir el compromiso de bajar el gasto p\u00fablico consolidado a 25 puntos del PBI requiere que las provincias en su conjunto hagan un ajuste adicional de 60 mil millones de d\u00f3lares. Nosotros ya hemos cumplido nuestra parte del acuerdo, ahora faltan ustedes\u201d, exclam\u00f3 el Presidente.<\/p>\n<p class=\"paragraph\" data-mrf-recirculation=\"Links inline\">En el entorno de varias de las personas que participaron de la conversaci\u00f3n, precisaron a este medio que, ante la preocupaci\u00f3n que generaron esos dichos,\u00a0el titular del Palacio de Hacienda \u201crelativiz\u00f3 ese n\u00famero\u201d y explic\u00f3 que se trata de un objetivo a largo plazo y no de una exigencia urgente.<\/p>\n<p class=\"paragraph\" data-mrf-recirculation=\"Links inline\">Por su parte, en Balcarce 50 aseguraron que eso \u201ces exactamente lo dijo el Presidente\u201d y remarcaron que la forma en la que se llevar\u00e1n adelante los recortes pretendidos \u201cse tratar\u00e1 individualmente con cada uno\u201d de ellos, pero que el objetivo este lunes era \u201chacer un repaso general\u201d del Presupuesto.<\/p>\n<p class=\"paragraph\" data-mrf-recirculation=\"Links inline\">La conversaci\u00f3n se dio en el Sal\u00f3n de los Escudos, en las oficinas del antiguo Ministerio del Interior, donde, adem\u00e1s de Francos y Caputo, estuvieron f\u00edsicamente\u00a0Rogelio Frigerio, de Entre R\u00edos, y\u00a0Hugo Passalacqua, de Misiones.<\/p>\n<p class=\"paragraph\" data-mrf-recirculation=\"Links inline\">En tanto, se conectaron digitalmente\u00a0Ra\u00fal Jalil\u00a0(Catamarca),\u00a0Leandro Zdero\u00a0(Chaco),\u00a0Ignacio Torres\u00a0(Chubut),\u00a0Gustavo Vald\u00e9s\u00a0(Corrientes),\u00a0Carlos Sadir\u00a0(Jujuy),\u00a0Sergio Ziliotto\u00a0(La Pampa) -que confirm\u00f3 a \u00faltimo momento-,\u00a0Alfredo Cornejo\u00a0(Mendoza),\u00a0Alberto Weretilneck\u00a0(R\u00edo Negro),\u00a0Gustavo S\u00e1enz\u00a0(Salta),\u00a0Marcelo Orrego\u00a0(San Juan),\u00a0Claudio Poggi\u00a0(San Luis)\u00a0Claudio Vidal\u00a0(Santa Cruz),\u00a0Maximiliano Pullaro\u00a0(Santa Fe),\u00a0Gerardo Zamora\u00a0(Santiago del Estero) y\u00a0Osvaldo Jaldo\u00a0(Tucum\u00e1n).<\/p>\n<p class=\"paragraph\" data-mrf-recirculation=\"Links inline\">El resto de los invitados no pudieron asistir por cuestiones de agenda, pero mandaron a altos funcionarios, como ocurri\u00f3 con el jefe de Gabinete porte\u00f1o,\u00a0Jorge Macri, que envi\u00f3 a su jefe de Gabinete,\u00a0N\u00e9stor Grindetti; el cordob\u00e9s\u00a0Mart\u00edn Llaryora, que est\u00e1 representado por su vice,\u00a0Myrian Prunotto, y el neuquino Rolando Figueroa, que le pidi\u00f3 que se conecte a su ministro de Econom\u00eda, Producci\u00f3n e Industria,\u00a0Guillermo Koenig.<\/p>\n<p class=\"paragraph\" data-mrf-recirculation=\"Links inline\">Por el lado del Gobierno, en tanto, tambi\u00e9n formaron parte del di\u00e1logo institucional los vicejefes de Gabinete del Interior,\u00a0Lisandro Catal\u00e1n, y Ejecutivo,\u00a0Jos\u00e9 \u201cCochi\u201d Rolandi, y el secretario de Hacienda de la Naci\u00f3n,\u00a0Carlos Guberman.<\/p>\n<p class=\"paragraph\" data-mrf-recirculation=\"Links inline\">El encuentro comenz\u00f3 pasadas las 15:00 y media hora m\u00e1s tarde se fueron Francos y Rolandi, quienes ten\u00edan otro compromiso en agenda,\u00a0seguidos unos minutos despu\u00e9s por Passalacqua, quien se retir\u00f3 del lugar sin hacer declaraciones.<\/p>\n<p class=\"paragraph\" data-mrf-recirculation=\"Links inline\">Quienes quedaron al frente de la exposici\u00f3n, entonces, fueron Catal\u00e1n, Caputo y Guberman, los cuales continuaron brindando detalles del proyecto que ya ingres\u00f3 al Congreso, hasta poco despu\u00e9s de las 17:00, cuando termin\u00f3 el zoom.<\/p>\n<p class=\"paragraph\" data-mrf-recirculation=\"Links inline\">Anoche, al escuchar al Presidente y ver las repercusiones en los medios y en las redes, los gobernadores intercambiaron chats con sus equipos pol\u00edticos y entre ellos.\u00a0Algunos quedaron at\u00f3nitos. Otros, m\u00e1s cercanos a la Casa Rosada, celebraron el esp\u00edritu del proyecto de Presupuesto, aunque despotricaron por el pedido de Milei, que les exigi\u00f3 ejecutar un ajuste profundo sobre el gasto p\u00fablico. \u201cNo tiene ning\u00fan sentido lo que plantean\u201d, reneg\u00f3 ante\u00a0Infobae\u00a0un gobernador de Juntos por el Cambio, que suele ser aliado a La Libertad Avanza.<\/p>\n<p class=\"paragraph\" data-mrf-recirculation=\"Links inline\">\u201cNosotros vamos a acompa\u00f1ar un Presupuesto que plantea un equilibrio fiscal total, eso es plausible\u201d, argument\u00f3 ante este medio otro mandatario dialoguista, pero, en seguida, matiz\u00f3:\u00a0\u201cLo que pasa es que no nos pod\u00e9s pedir que sigamos ajustando despu\u00e9s de todo lo que bancamos este a\u00f1o. Todas las provincias est\u00e1n con obras paradas, otras con l\u00edo porque les deben las cajas jubilatorias\u201d.<\/p>\n<p class=\"paragraph\" data-mrf-recirculation=\"Links inline\">En Balcarce 50 conocen que requieren del respaldo de los gobernadores para aprobar el Presupuesto. Milei tiene apenas 40 diputados, sobre 257, y nueve senadores, sobre 72. Est\u00e1, incluso, lejos del qu\u00f3rum necesario para poner en funcionamiento una sesi\u00f3n. As\u00ed como tampoco tiene los n\u00fameros, siquiera, para dictaminar el proyecto en comisi\u00f3n. Es decir, las negociaciones ser\u00e1n arduas.<\/p>\n<p class=\"paragraph\" data-mrf-recirculation=\"Links inline\">\u201cPreocupa un poco que se le siga pidiendo esfuerzo a las provincias. Santa Fe fue una de las provincias que m\u00e1s esfuerzo hizo en lo que va del a\u00f1o para lograr tener una eficiencia en el manejo de los recursos p\u00fablicos, para lograr tener un equilibrio fiscal\u201d, remarc\u00f3 a la prensa Pullaro.<\/p>\n<p class=\"paragraph\" data-mrf-recirculation=\"Links inline\">Juntos por el Cambio (JxC), expresi\u00f3n que re\u00fane a un grupo de cinco gobernadores de la Uni\u00f3n C\u00edvica Radical (UCR), tres del PRO y dos cercanos al partido amarillo, coincide en apoyar al Presidente, pero condiciona ese respaldo a una serie de pedidos.\u00a0Exigir\u00e1n que el Gobierno garantice partidas para financiar obras en las provincias, concluir proyectos paralizados.\u00a0Es un planteo que exigieron la semana pasada, cuando reeligieron a Ignacio Lamothe como presidente del Consejo Federal de Inversiones (CFI), el organismo auspiciado por los gobiernos provinciales para apuntalar proyectos de inversi\u00f3n y desarrollo.<\/p>\n<p class=\"paragraph\" data-mrf-recirculation=\"Links inline\">Por la ma\u00f1ana, Francos, Rolandi y Catal\u00e1n, junto con el ministro de Desregulaci\u00f3n y Transformaci\u00f3n del Estado,\u00a0Federico Sturzenegger, y el titular de la C\u00e1mara de Diputados,\u00a0Mart\u00edn Menem, recibieron tambi\u00e9n en la Casa Rosada a un grupo de legisladores del PRO.<\/p>\n<p class=\"paragraph\" data-mrf-recirculation=\"Links inline\">Sin embargo, fuentes cercanas a algunos de los legisladores del partido fundado por Mauricio Macri, indicaron que el veto al financiamiento universitario iba a ser uno de los temas principales de la conversaci\u00f3n, por lo que\u00a0no se habl\u00f3, a priori, del Presupuesto.<\/p>\n<p class=\"paragraph\" data-mrf-recirculation=\"Links inline\">Por otra parte, en medio de las negociaciones del oficialismo con la oposici\u00f3n, la c\u00fapula de la Uni\u00f3n C\u00edvica Radical\u00a0suspendi\u00f3\u00a0a\u00a0Mariano Campero,\u00a0Mart\u00edn Arjol,\u00a0Luis Picat,\u00a0Pablo Cervi\u00a0y\u00a0Jos\u00e9 Federico Tournier, los cinco diputados que apoyaron el veto presidencial en contra de la suba de las jubilaciones.<\/p>\n<p>Fuente: Infobae<\/p>\n<p>&nbsp;<\/p>\n<p>&nbsp;<\/p>\n<p>&nbsp;<\/p>\n","protected":false},"excerpt":{"rendered":"<p>Un total de 16 mandatarios y tres altos funcionarios provinciales conversaron con las autoridades nacionales, poco despu\u00e9s de que el<\/p>\n","protected":false},"author":3,"featured_media":76928,"comment_status":"closed","ping_status":"closed","sticky":false,"template":"","format":"standard","meta":{"_acf_changed":false,"_seopress_robots_primary_cat":"none","_seopress_titles_title":"","_seopress_titles_desc":"","_seopress_robots_index":"","colormag_page_container_layout":"default_layout","colormag_page_sidebar_layout":"default_layout","footnotes":""},"categories":[1],"tags":[],"class_list":["post-76925","post","type-post","status-publish","format-standard","has-post-thumbnail","hentry","category-destacadas"],"acf":[],"_links":{"self":[{"href":"https:\/\/vocesparalelas.com.ar\/sitio\/wp-json\/wp\/v2\/posts\/76925","targetHints":{"allow":["GET"]}}],"collection":[{"href":"https:\/\/vocesparalelas.com.ar\/sitio\/wp-json\/wp\/v2\/posts"}],"about":[{"href":"https:\/\/vocesparalelas.com.ar\/sitio\/wp-json\/wp\/v2\/types\/post"}],"author":[{"embeddable":true,"href":"https:\/\/vocesparalelas.com.ar\/sitio\/wp-json\/wp\/v2\/users\/3"}],"replies":[{"embeddable":true,"href":"https:\/\/vocesparalelas.com.ar\/sitio\/wp-json\/wp\/v2\/comments?post=76925"}],"version-history":[{"count":4,"href":"https:\/\/vocesparalelas.com.ar\/sitio\/wp-json\/wp\/v2\/posts\/76925\/revisions"}],"predecessor-version":[{"id":76942,"href":"https:\/\/vocesparalelas.com.ar\/sitio\/wp-json\/wp\/v2\/posts\/76925\/revisions\/76942"}],"wp:featuredmedia":[{"embeddable":true,"href":"https:\/\/vocesparalelas.com.ar\/sitio\/wp-json\/wp\/v2\/media\/76928"}],"wp:attachment":[{"href":"https:\/\/vocesparalelas.com.ar\/sitio\/wp-json\/wp\/v2\/media?parent=76925"}],"wp:term":[{"taxonomy":"category","embeddable":true,"href":"https:\/\/vocesparalelas.com.ar\/sitio\/wp-json\/wp\/v2\/categories?post=76925"},{"taxonomy":"post_tag","embeddable":true,"href":"https:\/\/vocesparalelas.com.ar\/sitio\/wp-json\/wp\/v2\/tags?post=76925"}],"curies":[{"name":"wp","href":"https:\/\/api.w.org\/{rel}","templated":true}]}}