{"id":76920,"date":"2024-09-16T22:45:09","date_gmt":"2024-09-17T01:45:09","guid":{"rendered":"https:\/\/vocesparalelas.com.ar\/sitio\/?p=76920"},"modified":"2024-09-17T23:29:22","modified_gmt":"2024-09-18T02:29:22","slug":"1-congreso-sobre-la-profesion-docente-los-retos-emergentes-en-contextos-dinamicos-en-san-juan","status":"publish","type":"post","link":"https:\/\/vocesparalelas.com.ar\/sitio\/1-congreso-sobre-la-profesion-docente-los-retos-emergentes-en-contextos-dinamicos-en-san-juan\/","title":{"rendered":"1\u00b0 Congreso sobre la Profesi\u00f3n Docente \u00abLos retos emergentes en contextos din\u00e1micos\u00bb en San Juan"},"content":{"rendered":"<p>El ISFD Colegio Superior N\u00b01 de Rawson \u00abProf. lole Lebe Palmolelli de Mascotti\u00bb organiz\u00f3 el 1\u00b0 Congreso sobre la Profesi\u00f3n Docente \u00abLos retos emergentes en contextos din\u00e1micos\u00bb, que se desarrolla el Jueves, 3 y el Viernes, 4 de Octubre de 2024,\u00a0 en forma presencial con instancias de participaci\u00f3n virtual.<\/p>\n<p>Esta propuesta formativa, que tiene un total de 40 (cuarenta) horas c\u00e1tedra, adhiere a los lineamientos jurisdiccionales. Se enfoca en la creaci\u00f3n de espacios integrales de encuentro y trabajo, abordando las diversas necesidades y adapt\u00e1ndose a los nuevos escenarios\u00a0educativos emergentes y din\u00e1micos que confluyen en las pr\u00e1cticas educativas.<\/p>\n<p>Su objetivo es analizar y reflexionar sobre la educaci\u00f3n frente a los nuevos desaf\u00edos de la profesi\u00f3n docente en contextos sociopol\u00edticos din\u00e1micos.<\/p>\n<p><strong><span style=\"color: #ff6600;\">Destinatarios<\/span><\/strong><\/p>\n<ul>\n<li>Equipos de supervisi\u00f3n y directivos de todos los niveles y modalidades del sistema educativo,<\/li>\n<li>Docentes y preceptores de los diferentes niveles y modalidades,<\/li>\n<li>Equipos T\u00e9cnicos, Psic\u00f3logos y psicopedagogos,<\/li>\n<li>Estudiantes<\/li>\n<li>P\u00fablico en general interesado en la tem\u00e1tica.<\/li>\n<\/ul>\n<p><strong><span style=\"color: #ff6600;\">Comit\u00e9 Organizador<\/span><\/strong><\/p>\n<p>Prof. Esp, Natalia Escudero, Lic. Carolina Gramajo, Mg. Cintia Ferrarini Oliver, Lic. Valeria Fagale.<\/p>\n<p><strong><span style=\"color: #ff6600;\">Comisi\u00f3n Acad\u00e9mica<\/span><\/strong><\/p>\n<p>Prof. Esp. Natalia Escudero, Mg. Lic. Cintia Ferrarini, Mg. Lic. Lucia Ghilardi, Dra. M\u00f3nica Gonz\u00e1lez de Do\u00f1a, Dra. Ana Mar\u00eda Graffigna, Lic. Carolina Gramajo, Prof. Vanina Guzman, Prof. Exo. Laura Iranzo, Dra. Adriana Mallea, Dra. Liliana Beatriz Martinez D\u00e1vila, Prof. Esp. Nora Medina, Dra. Marcela Elena Morchio, Dra. Nora Raquel Nappa, Dra. Silvana Peralta, Prof. Silvina Quiroga, Lic. Ana Carolina Rodriguez.<\/p>\n<p>Por ello, Voces Paralelas desarroll\u00f3 una entrevista period\u00edstica a la integrante de la Comisi\u00f3n Organizador, Prof. Carolina Gramajo, quien describi\u00f3 el evento educativo e invit\u00f3 a los interesados a participar del 1\u00b0 Congreso sobre la Profesi\u00f3n Docente \u00abLos retos emergentes en contextos din\u00e1micos\u00bb.<\/p>\n<p><iframe loading=\"lazy\" title=\"ISFD RAWSON SAN JUAN PROF. CAROLINA GRAMAJO\" width=\"800\" height=\"450\" src=\"https:\/\/www.youtube.com\/embed\/UepZFcjiIpQ?feature=oembed\" frameborder=\"0\" allow=\"accelerometer; autoplay; clipboard-write; encrypted-media; gyroscope; picture-in-picture; web-share\" referrerpolicy=\"strict-origin-when-cross-origin\" allowfullscreen><\/iframe><\/p>\n<p>&nbsp;<\/p>\n<p>Luego, a la integrante de la Comisi\u00f3n Acad\u00e9mica, Prof. Vanina Guzm\u00e1n, quien explic\u00f3 que participan con exposiciones importantes referentes de la educaci\u00f3n de San Juan. Adem\u00e1s, los interesados en participar debe inscribirse.<\/p>\n<p><iframe loading=\"lazy\" title=\"ISFD RAWSON SAN JUAN PROF. VANINA GUZM\u00c1N\" width=\"800\" height=\"450\" src=\"https:\/\/www.youtube.com\/embed\/agXFoyrbJSY?feature=oembed\" frameborder=\"0\" allow=\"accelerometer; autoplay; clipboard-write; encrypted-media; gyroscope; picture-in-picture; web-share\" referrerpolicy=\"strict-origin-when-cross-origin\" allowfullscreen><\/iframe><\/p>\n<p><strong><span style=\"color: #ff6600;\">Inscripci\u00f3n<\/span><\/strong><\/p>\n<p>Desde el\u00a0 Lunes 23 de Septiembre hasta el Mi\u00e9rcoles, 02 de Octubre<\/p>\n<p><strong><span style=\"color: #ff6600;\">Formulario<\/span><\/strong><\/p>\n<p><a href=\"https:\/\/docs.google.com\/forms\/d\/e\/1FAIpQLSc1qF2Sy_mUPJzxb7j9HKQr1_kvEtq8dh_3bPVuZ0AeN5Ol_Q\/viewform\">https:\/\/docs.google.com\/forms\/d\/e\/1FAIpQLSc1qF2Sy_mUPJzxb7j9HKQr1_kvEtq8dh_3bPVuZ0AeN5Ol_Q\/viewform<\/a><\/p>\n<p>El pago de la inscripci\u00f3n de cualquier forma de participaci\u00f3n debe realizarse personalmente en la Biblioteca del ISFD Colegio Superior N\u00b01 de Rawson \u00abProf. lole Lebe Palmolelli de Mascotti\u00bb, de Lunes a Viernes, de 17:30 a 20:30 hs.<\/p>\n<p><strong><span style=\"color: #ff6600;\">Mayor informaci\u00f3n<\/span><\/strong><\/p>\n<p><a href=\"1congresoeducativo.csn1r@gmail.com\">1congresoeducativo.csn1r@gmail.com<\/a><\/p>\n<p><strong><span style=\"color: #ff6600;\">Avala<\/span><\/strong><\/p>\n<ul>\n<li>Facultad de Educaci\u00f3n,\u00a0Res N\u00b0594-2024,\u00a0Universidad Cat\u00f3lica de Cuyo San Juan<\/li>\n<li>Ministerio de Educaci\u00f3n del Gobierno de San Juan<\/li>\n<li>Declarado de inter\u00e9s departamental, educativo, social y comunitario Exp 5787 por el Concejo Deliberante de la Municipalidad de Rawson<\/li>\n<li>Declarado de inter\u00e9s educativo por la C\u00e1mara de Diputados de San Juan<\/li>\n<\/ul>\n<p><img loading=\"lazy\" decoding=\"async\" class=\"alignnone size-large wp-image-13754\" src=\"https:\/\/vocesparalelas.com.ar\/sitio\/wp-content\/uploads\/2018\/07\/COLEGIO-SUPERIOR-DE-RAWSON-800x506.jpg\" alt=\"\" width=\"800\" height=\"506\" srcset=\"https:\/\/vocesparalelas.com.ar\/sitio\/wp-content\/uploads\/2018\/07\/COLEGIO-SUPERIOR-DE-RAWSON-800x506.jpg 800w, https:\/\/vocesparalelas.com.ar\/sitio\/wp-content\/uploads\/2018\/07\/COLEGIO-SUPERIOR-DE-RAWSON-300x190.jpg 300w, https:\/\/vocesparalelas.com.ar\/sitio\/wp-content\/uploads\/2018\/07\/COLEGIO-SUPERIOR-DE-RAWSON-768x485.jpg 768w, https:\/\/vocesparalelas.com.ar\/sitio\/wp-content\/uploads\/2018\/07\/COLEGIO-SUPERIOR-DE-RAWSON.jpg 1000w\" sizes=\"auto, (max-width: 800px) 100vw, 800px\" \/><\/p>\n","protected":false},"excerpt":{"rendered":"<p>El ISFD Colegio Superior N\u00b01 de Rawson \u00abProf. lole Lebe Palmolelli de Mascotti\u00bb organiz\u00f3 el 1\u00b0 Congreso sobre la Profesi\u00f3n<\/p>\n","protected":false},"author":3,"featured_media":76923,"comment_status":"closed","ping_status":"closed","sticky":false,"template":"","format":"standard","meta":{"_acf_changed":false,"_seopress_robots_primary_cat":"none","_seopress_titles_title":"","_seopress_titles_desc":"","_seopress_robots_index":"","colormag_page_container_layout":"default_layout","colormag_page_sidebar_layout":"default_layout","footnotes":""},"categories":[15,7],"tags":[],"class_list":["post-76920","post","type-post","status-publish","format-standard","has-post-thumbnail","hentry","category-posgrados","category-videos"],"acf":[],"_links":{"self":[{"href":"https:\/\/vocesparalelas.com.ar\/sitio\/wp-json\/wp\/v2\/posts\/76920","targetHints":{"allow":["GET"]}}],"collection":[{"href":"https:\/\/vocesparalelas.com.ar\/sitio\/wp-json\/wp\/v2\/posts"}],"about":[{"href":"https:\/\/vocesparalelas.com.ar\/sitio\/wp-json\/wp\/v2\/types\/post"}],"author":[{"embeddable":true,"href":"https:\/\/vocesparalelas.com.ar\/sitio\/wp-json\/wp\/v2\/users\/3"}],"replies":[{"embeddable":true,"href":"https:\/\/vocesparalelas.com.ar\/sitio\/wp-json\/wp\/v2\/comments?post=76920"}],"version-history":[{"count":4,"href":"https:\/\/vocesparalelas.com.ar\/sitio\/wp-json\/wp\/v2\/posts\/76920\/revisions"}],"predecessor-version":[{"id":76944,"href":"https:\/\/vocesparalelas.com.ar\/sitio\/wp-json\/wp\/v2\/posts\/76920\/revisions\/76944"}],"wp:featuredmedia":[{"embeddable":true,"href":"https:\/\/vocesparalelas.com.ar\/sitio\/wp-json\/wp\/v2\/media\/76923"}],"wp:attachment":[{"href":"https:\/\/vocesparalelas.com.ar\/sitio\/wp-json\/wp\/v2\/media?parent=76920"}],"wp:term":[{"taxonomy":"category","embeddable":true,"href":"https:\/\/vocesparalelas.com.ar\/sitio\/wp-json\/wp\/v2\/categories?post=76920"},{"taxonomy":"post_tag","embeddable":true,"href":"https:\/\/vocesparalelas.com.ar\/sitio\/wp-json\/wp\/v2\/tags?post=76920"}],"curies":[{"name":"wp","href":"https:\/\/api.w.org\/{rel}","templated":true}]}}