{"id":76916,"date":"2024-09-16T22:40:04","date_gmt":"2024-09-17T01:40:04","guid":{"rendered":"https:\/\/vocesparalelas.com.ar\/sitio\/?p=76916"},"modified":"2024-09-17T22:55:16","modified_gmt":"2024-09-18T01:55:16","slug":"notifican-a-los-beneficiarios-del-boleto-escolar-gratuito-en-san-juan","status":"publish","type":"post","link":"https:\/\/vocesparalelas.com.ar\/sitio\/notifican-a-los-beneficiarios-del-boleto-escolar-gratuito-en-san-juan\/","title":{"rendered":"Notifican a los beneficiarios del boleto escolar gratuito en San Juan"},"content":{"rendered":"<p>El Ministerio de Gobierno de San Juan inicia la notificaci\u00f3n formal a los beneficiarios del boleto escolar gratuito, Beca de Transporte, desde el Martes, 17 de Septiembre, a trav\u00e9s de correos electr\u00f3nicos directamente con los alumnos becados.<\/p>\n<p>El programa Boleto Escolar Gratuito, una importante medida del Gobierno de San Juan, tiene como objetivo facilitar el acceso al transporte p\u00fablico para aquellos que han sido seleccionados (en esta oportunidad 10.000 estudiantes) seg\u00fan los criterios establecidos.<\/p>\n<p>Los beneficiarios que reciban estos correos electr\u00f3nicos gozan de 4 pasajes diarios sin costo alguno, v\u00e1lidos de Lunes a Viernes, lo que les permite optimizar sus traslados y acceder a diversas actividades en la comunidad.<\/p>\n<p>Es importante aclarar que estos alumnos han sido seleccionados por cumplir con los siguientes requisitos:<\/p>\n<ul>\n<li>Haberse inscripto en tiempo y forma en la p\u00e1gina web.<\/li>\n<li>Pertenecer al sistema educativo (educaci\u00f3n p\u00fablica o privada).<\/li>\n<li>Que los ingresos del grupo familiar al que pertenece no superen los 3 salarios m\u00ednimos vitales y m\u00f3viles.<\/li>\n<\/ul>\n<p>Para comenzar a aprovechar el beneficio,\u00a0<strong>e<\/strong>s de suma importancia que se acerquen a una Terminal Autom\u00e1tica Sube (TAS) para acreditar su beneficio. Tambi\u00e9n podr\u00e1n realizar su acreditaci\u00f3n a trav\u00e9s de los celulares que posean el sistema NFC.<\/p>\n<p><strong><span style=\"color: #ff6600;\">Para m\u00e1s informaci\u00f3n<\/span><\/strong><\/p>\n<p>Los interesados pueden comunicarse a <span id=\"cloak73738714fd5aef381fd9428bbf6d404d\"><a href=\"mailto:info.sube@sanjuan.gov.ar\">info.sube@sanjuan.gov.ar<\/a><\/span>\u00a0o a nuestro Instagram: @mingob<\/p>\n<p>De igual modo, pueden acercarse a la isla Sube ubicada en el Centro C\u00edvico o llamar al 4307430.<\/p>\n<p>&nbsp;<\/p>\n<p><img loading=\"lazy\" decoding=\"async\" class=\"alignnone size-full wp-image-65642\" src=\"https:\/\/vocesparalelas.com.ar\/sitio\/wp-content\/uploads\/2023\/11\/GOBIERNO-SAN-JUAN.jpg\" alt=\"\" width=\"800\" height=\"600\" srcset=\"https:\/\/vocesparalelas.com.ar\/sitio\/wp-content\/uploads\/2023\/11\/GOBIERNO-SAN-JUAN.jpg 800w, https:\/\/vocesparalelas.com.ar\/sitio\/wp-content\/uploads\/2023\/11\/GOBIERNO-SAN-JUAN-300x225.jpg 300w, https:\/\/vocesparalelas.com.ar\/sitio\/wp-content\/uploads\/2023\/11\/GOBIERNO-SAN-JUAN-768x576.jpg 768w\" sizes=\"auto, (max-width: 800px) 100vw, 800px\" \/><\/p>\n","protected":false},"excerpt":{"rendered":"<p>El Ministerio de Gobierno de San Juan inicia la notificaci\u00f3n formal a los beneficiarios del boleto escolar gratuito, Beca de<\/p>\n","protected":false},"author":3,"featured_media":26759,"comment_status":"closed","ping_status":"closed","sticky":false,"template":"","format":"standard","meta":{"_acf_changed":false,"_seopress_robots_primary_cat":"none","_seopress_titles_title":"","_seopress_titles_desc":"","_seopress_robots_index":"","colormag_page_container_layout":"default_layout","colormag_page_sidebar_layout":"default_layout","footnotes":""},"categories":[5],"tags":[],"class_list":["post-76916","post","type-post","status-publish","format-standard","has-post-thumbnail","hentry","category-ofrecimientos"],"acf":[],"_links":{"self":[{"href":"https:\/\/vocesparalelas.com.ar\/sitio\/wp-json\/wp\/v2\/posts\/76916","targetHints":{"allow":["GET"]}}],"collection":[{"href":"https:\/\/vocesparalelas.com.ar\/sitio\/wp-json\/wp\/v2\/posts"}],"about":[{"href":"https:\/\/vocesparalelas.com.ar\/sitio\/wp-json\/wp\/v2\/types\/post"}],"author":[{"embeddable":true,"href":"https:\/\/vocesparalelas.com.ar\/sitio\/wp-json\/wp\/v2\/users\/3"}],"replies":[{"embeddable":true,"href":"https:\/\/vocesparalelas.com.ar\/sitio\/wp-json\/wp\/v2\/comments?post=76916"}],"version-history":[{"count":1,"href":"https:\/\/vocesparalelas.com.ar\/sitio\/wp-json\/wp\/v2\/posts\/76916\/revisions"}],"predecessor-version":[{"id":76919,"href":"https:\/\/vocesparalelas.com.ar\/sitio\/wp-json\/wp\/v2\/posts\/76916\/revisions\/76919"}],"wp:featuredmedia":[{"embeddable":true,"href":"https:\/\/vocesparalelas.com.ar\/sitio\/wp-json\/wp\/v2\/media\/26759"}],"wp:attachment":[{"href":"https:\/\/vocesparalelas.com.ar\/sitio\/wp-json\/wp\/v2\/media?parent=76916"}],"wp:term":[{"taxonomy":"category","embeddable":true,"href":"https:\/\/vocesparalelas.com.ar\/sitio\/wp-json\/wp\/v2\/categories?post=76916"},{"taxonomy":"post_tag","embeddable":true,"href":"https:\/\/vocesparalelas.com.ar\/sitio\/wp-json\/wp\/v2\/tags?post=76916"}],"curies":[{"name":"wp","href":"https:\/\/api.w.org\/{rel}","templated":true}]}}