{"id":76902,"date":"2024-09-16T19:16:55","date_gmt":"2024-09-16T22:16:55","guid":{"rendered":"https:\/\/vocesparalelas.com.ar\/sitio\/?p=76902"},"modified":"2024-09-17T22:38:16","modified_gmt":"2024-09-18T01:38:16","slug":"semana-del-nivel-inicial-2024-san-juan-sublime-nidito-de-amor","status":"publish","type":"post","link":"https:\/\/vocesparalelas.com.ar\/sitio\/semana-del-nivel-inicial-2024-san-juan-sublime-nidito-de-amor\/","title":{"rendered":"Semana del Nivel Inicial 2024 \u00abSan Juan, sublime nidito de amor\u00bb"},"content":{"rendered":"<p>El Lunes, 16 de Septiembre, en el Departamento Santa Luc\u00eda, se realiz\u00f3 el acto de apertura de la Semana del Nivel Inicial 2024 y el acto de cierre, se desarrolla en el Departamento J\u00e1chal, en San Juan. El evento es organizado por la Direcci\u00f3n de Nivel Inicial del Ministerio de Educaci\u00f3n del Gobierno de San Juan.<\/p>\n<p>Se involucran a m\u00e1s de 29.000 alumnos del Nivel Inicial de los 19 Departamentos de San Juan. Es importante destacar que cada instituci\u00f3n organiza y desarrolla sus actividades para que los m\u00e1s peque\u00f1os de la familia con la participaci\u00f3n de los padres y abuelos.<\/p>\n<p>Por ello, el gobernador de San Juan, Dr. Marcelo Orrego estuvo acompa\u00f1ado por el intendente de Santa Luc\u00eda, Juan Jos\u00e9 Orrego; la ministra de Educaci\u00f3n, Lic. Silvia Fuentes; el secretario de Ambiente, Dr. Federico R\u00edos; la secretaria de Educaci\u00f3n, Lic. Mariela Lueje, directoras de \u00e1reas Educaci\u00f3n Inicial de Gesti\u00f3n Estatal y Privada, Lic. Laura Castro y Prof. Andrea Fern\u00e1ndez y dem\u00e1s funcionarios municipales y provinciales.<\/p>\n<p>En el 2024 el lema es \u00abSan Juan, sublime nidito de amor\u00bb, y tiene como objetivo trabajar la identidad y el sentido de pertenencia, considerados valores importantes en la vida de las personas y en la sociedad.<\/p>\n<p>Es as\u00ed que, el gobernador de San Juan, Dr. Marcelo Orrego destac\u00f3 que \u00abla importancia de la educaci\u00f3n inicial conecta con el sentido de pertenencia de los m\u00e1s peque\u00f1os, quienes en esta etapa absorben valores y sentimientos que los marcar\u00e1n de por vida. Siempre recordamos a nuestros maestros, y s\u00e9 que su ense\u00f1anza es clave en nuestras vidas\u201d.<\/p>\n<p>\u00abValoro profundamente el papel de las maestras jardineras en la gesti\u00f3n de emociones y el poder transformador de la educaci\u00f3n que, en San Juan, tierra de Sarmiento, siempre tiene un lugar central. En tiempos dif\u00edciles, los docentes cumplen un rol esencial y, en este mes donde celebramos la educaci\u00f3n inicial y el D\u00eda del Maestro, quiero destacar su incansable esfuerzo\u201d.<\/p>\n<p>\u00abPara transformar San Juan, contamos con docentes de calidad cuyo trabajo, aunque no siempre visible de inmediato, ser\u00e1 clave para el futuro de nuestra provincia\u201d &#8211; sintetiz\u00f3 el Gobernador, Dr. Marcelo Orrego.<\/p>\n<p>Luego, la ministra de Educaci\u00f3n, Lic. Silvia Fuentes remarc\u00f3 que \u00abel inicio de la Semana del Nivel Inicial en Santa Luc\u00eda, que alberga los \u00fanicos jardines municipales de la provincia. Estos jardines, potenciados desde que el gobernador era intendente, son ahora un orgullo. Siempre digo que lo que aprendemos en el nivel inicial no se borra\u201d.<\/p>\n<p>Por su parte, el intendente de la Municipalidad de la Ciudad de San Luc\u00eda, Juan Jos\u00e9 Orrego subray\u00f3 que \u00abagradezco a los presentes y felicit\u00f3 a las docentes por el trabajo que realizan. La educaci\u00f3n es parte de ese libro que todos tenemos, m\u00e1s all\u00e1 de lo que aprendemos en casa, donde nuestros padres nos forman. En el jard\u00edn, con el concepto de aprender y comprender, tambi\u00e9n nos ense\u00f1an a salir adelante y crecer cada d\u00eda. Santa Luc\u00eda siempre est\u00e1 abierta para recibir todas las actividades del \u00e1mbito educativo que contribuyan a construir un mejor futuro para nuestros hijos\u201d, coment\u00f3.<\/p>\n<p><iframe loading=\"lazy\" title=\"Con un acto inaugural se dio comienzo a la Semana de la Educaci\u00f3n Inicial\" width=\"800\" height=\"450\" src=\"https:\/\/www.youtube.com\/embed\/UzgpxYzM_0Q?feature=oembed\" frameborder=\"0\" allow=\"accelerometer; autoplay; clipboard-write; encrypted-media; gyroscope; picture-in-picture; web-share\" referrerpolicy=\"strict-origin-when-cross-origin\" allowfullscreen><\/iframe><\/p>\n<p>&nbsp;<\/p>\n<p>&nbsp;<\/p>\n","protected":false},"excerpt":{"rendered":"<p>El Lunes, 16 de Septiembre, en el Departamento Santa Luc\u00eda, se realiz\u00f3 el acto de apertura de la Semana del<\/p>\n","protected":false},"author":3,"featured_media":76905,"comment_status":"closed","ping_status":"closed","sticky":false,"template":"","format":"standard","meta":{"_acf_changed":false,"_seopress_robots_primary_cat":"none","_seopress_titles_title":"","_seopress_titles_desc":"","_seopress_robots_index":"","colormag_page_container_layout":"default_layout","colormag_page_sidebar_layout":"default_layout","footnotes":""},"categories":[5,7],"tags":[],"class_list":["post-76902","post","type-post","status-publish","format-standard","has-post-thumbnail","hentry","category-ofrecimientos","category-videos"],"acf":[],"_links":{"self":[{"href":"https:\/\/vocesparalelas.com.ar\/sitio\/wp-json\/wp\/v2\/posts\/76902","targetHints":{"allow":["GET"]}}],"collection":[{"href":"https:\/\/vocesparalelas.com.ar\/sitio\/wp-json\/wp\/v2\/posts"}],"about":[{"href":"https:\/\/vocesparalelas.com.ar\/sitio\/wp-json\/wp\/v2\/types\/post"}],"author":[{"embeddable":true,"href":"https:\/\/vocesparalelas.com.ar\/sitio\/wp-json\/wp\/v2\/users\/3"}],"replies":[{"embeddable":true,"href":"https:\/\/vocesparalelas.com.ar\/sitio\/wp-json\/wp\/v2\/comments?post=76902"}],"version-history":[{"count":2,"href":"https:\/\/vocesparalelas.com.ar\/sitio\/wp-json\/wp\/v2\/posts\/76902\/revisions"}],"predecessor-version":[{"id":76915,"href":"https:\/\/vocesparalelas.com.ar\/sitio\/wp-json\/wp\/v2\/posts\/76902\/revisions\/76915"}],"wp:featuredmedia":[{"embeddable":true,"href":"https:\/\/vocesparalelas.com.ar\/sitio\/wp-json\/wp\/v2\/media\/76905"}],"wp:attachment":[{"href":"https:\/\/vocesparalelas.com.ar\/sitio\/wp-json\/wp\/v2\/media?parent=76902"}],"wp:term":[{"taxonomy":"category","embeddable":true,"href":"https:\/\/vocesparalelas.com.ar\/sitio\/wp-json\/wp\/v2\/categories?post=76902"},{"taxonomy":"post_tag","embeddable":true,"href":"https:\/\/vocesparalelas.com.ar\/sitio\/wp-json\/wp\/v2\/tags?post=76902"}],"curies":[{"name":"wp","href":"https:\/\/api.w.org\/{rel}","templated":true}]}}