{"id":76896,"date":"2024-09-16T13:48:41","date_gmt":"2024-09-16T16:48:41","guid":{"rendered":"https:\/\/vocesparalelas.com.ar\/sitio\/?p=76896"},"modified":"2024-09-17T22:36:19","modified_gmt":"2024-09-18T01:36:19","slug":"practica-de-tiro-del-personal-del-rim-22-san-juan-y-recuerda-este-es-tu-ejercito","status":"publish","type":"post","link":"https:\/\/vocesparalelas.com.ar\/sitio\/practica-de-tiro-del-personal-del-rim-22-san-juan-y-recuerda-este-es-tu-ejercito\/","title":{"rendered":"Pr\u00e1ctica de tiro del personal del RIM 22 San Juan y recuerda \u201c\u00c9ste es tu Ej\u00e9rcito\u201d"},"content":{"rendered":"<p>La Guarnici\u00f3n Ej\u00e9rcito San Juan, informa a la comunidad que el Regimiento de Infanter\u00eda de Monta\u00f1a 22, realiza ejercicios de tiro con munici\u00f3n de guerra, en distintos sectores del Campo Militar General Sarmiento.<\/p>\n<p>El mismo, est\u00e1 ubicado en Ruta 60, Avenida Libertador General San Martin y las Sierras de Zonda, Localidad Marquesado, Departamento Rivadavia\u00bb, desde el Martes, 17 hasta el Viernes, 20 de Septiembre de 2024, de 07:30 hasta 20:00 hs.<\/p>\n<p>El Regimiento de Infanter\u00eda de Monta\u00f1a 22 \u00abTcnl Juan Manuel Cabot\u00bb solicita a los deportistas que no ingresen al predio por seguridad.<\/p>\n<p><img loading=\"lazy\" decoding=\"async\" class=\"alignnone size-full wp-image-54801\" src=\"https:\/\/vocesparalelas.com.ar\/sitio\/wp-content\/uploads\/2022\/11\/RIM-22-LOGO.jpg\" alt=\"\" width=\"800\" height=\"600\" srcset=\"https:\/\/vocesparalelas.com.ar\/sitio\/wp-content\/uploads\/2022\/11\/RIM-22-LOGO.jpg 800w, https:\/\/vocesparalelas.com.ar\/sitio\/wp-content\/uploads\/2022\/11\/RIM-22-LOGO-300x225.jpg 300w, https:\/\/vocesparalelas.com.ar\/sitio\/wp-content\/uploads\/2022\/11\/RIM-22-LOGO-768x576.jpg 768w\" sizes=\"auto, (max-width: 800px) 100vw, 800px\" \/><\/p>\n","protected":false},"excerpt":{"rendered":"<p>La Guarnici\u00f3n Ej\u00e9rcito San Juan, informa a la comunidad que el Regimiento de Infanter\u00eda de Monta\u00f1a 22, realiza ejercicios de<\/p>\n","protected":false},"author":3,"featured_media":51645,"comment_status":"closed","ping_status":"closed","sticky":false,"template":"","format":"standard","meta":{"_acf_changed":false,"_seopress_robots_primary_cat":"none","_seopress_titles_title":"","_seopress_titles_desc":"","_seopress_robots_index":"","colormag_page_container_layout":"default_layout","colormag_page_sidebar_layout":"default_layout","footnotes":""},"categories":[6],"tags":[],"class_list":["post-76896","post","type-post","status-publish","format-standard","has-post-thumbnail","hentry","category-eventos"],"acf":[],"_links":{"self":[{"href":"https:\/\/vocesparalelas.com.ar\/sitio\/wp-json\/wp\/v2\/posts\/76896","targetHints":{"allow":["GET"]}}],"collection":[{"href":"https:\/\/vocesparalelas.com.ar\/sitio\/wp-json\/wp\/v2\/posts"}],"about":[{"href":"https:\/\/vocesparalelas.com.ar\/sitio\/wp-json\/wp\/v2\/types\/post"}],"author":[{"embeddable":true,"href":"https:\/\/vocesparalelas.com.ar\/sitio\/wp-json\/wp\/v2\/users\/3"}],"replies":[{"embeddable":true,"href":"https:\/\/vocesparalelas.com.ar\/sitio\/wp-json\/wp\/v2\/comments?post=76896"}],"version-history":[{"count":1,"href":"https:\/\/vocesparalelas.com.ar\/sitio\/wp-json\/wp\/v2\/posts\/76896\/revisions"}],"predecessor-version":[{"id":76899,"href":"https:\/\/vocesparalelas.com.ar\/sitio\/wp-json\/wp\/v2\/posts\/76896\/revisions\/76899"}],"wp:featuredmedia":[{"embeddable":true,"href":"https:\/\/vocesparalelas.com.ar\/sitio\/wp-json\/wp\/v2\/media\/51645"}],"wp:attachment":[{"href":"https:\/\/vocesparalelas.com.ar\/sitio\/wp-json\/wp\/v2\/media?parent=76896"}],"wp:term":[{"taxonomy":"category","embeddable":true,"href":"https:\/\/vocesparalelas.com.ar\/sitio\/wp-json\/wp\/v2\/categories?post=76896"},{"taxonomy":"post_tag","embeddable":true,"href":"https:\/\/vocesparalelas.com.ar\/sitio\/wp-json\/wp\/v2\/tags?post=76896"}],"curies":[{"name":"wp","href":"https:\/\/api.w.org\/{rel}","templated":true}]}}