{"id":76893,"date":"2024-09-16T22:21:54","date_gmt":"2024-09-17T01:21:54","guid":{"rendered":"https:\/\/vocesparalelas.com.ar\/sitio\/?p=76893"},"modified":"2024-09-17T22:39:07","modified_gmt":"2024-09-18T01:39:07","slug":"la-comunidad-educativa-de-la-eidfs-de-la-unsj-le-puso-color-y-alegria-a-las-calles-de-san-juan","status":"publish","type":"post","link":"https:\/\/vocesparalelas.com.ar\/sitio\/la-comunidad-educativa-de-la-eidfs-de-la-unsj-le-puso-color-y-alegria-a-las-calles-de-san-juan\/","title":{"rendered":"La comunidad educativa de la EIDFS de la UNSJ le puso color y alegr\u00eda a las calles de San Juan"},"content":{"rendered":"<p>El Instituto Preuniversitario de la Universidad Nacional de San Juan Escuela Industrial Domingo Faustino Sarmiento organiz\u00f3 y desarroll\u00f3 el Domingo, 15 de Septiembre, la carrera urbana \u00abLa Industrial Corre\u00bb, una jornada de energ\u00eda y de amistad destinada a los alumnos, docentes, familia y el que desee sumarse.<\/p>\n<p><img loading=\"lazy\" decoding=\"async\" class=\"alignnone size-full wp-image-76907\" src=\"https:\/\/vocesparalelas.com.ar\/sitio\/wp-content\/uploads\/2024\/09\/EIDFS-UNSJ-CARRERA-03.jpg\" alt=\"\" width=\"800\" height=\"533\" srcset=\"https:\/\/vocesparalelas.com.ar\/sitio\/wp-content\/uploads\/2024\/09\/EIDFS-UNSJ-CARRERA-03.jpg 800w, https:\/\/vocesparalelas.com.ar\/sitio\/wp-content\/uploads\/2024\/09\/EIDFS-UNSJ-CARRERA-03-300x200.jpg 300w, https:\/\/vocesparalelas.com.ar\/sitio\/wp-content\/uploads\/2024\/09\/EIDFS-UNSJ-CARRERA-03-768x512.jpg 768w\" sizes=\"auto, (max-width: 800px) 100vw, 800px\" \/><\/p>\n<p>Un evento deportivo que apunta a lograr salud personal con una carrera urbana que se mostr\u00f3 por las calles de San Juan desde la Municipalidad de la Ciudad Capital hasta el Complejo Deportivo \u00abEl Palomar\u00bb de la UNSJ, donde los padres acompa\u00f1aron permanentemente, alentando a los participantes porque lo importante es llegar. As\u00ed fue.<\/p>\n<p>Hay que destacar el acompa\u00f1amiento de la Polic\u00eda de San Juan y la Polic\u00eda Municipal que cuidaron a los corredores durante el recorrido. El comportamiento de los conductores que esperaron su tiempo para circular.<\/p>\n<p><iframe loading=\"lazy\" title=\"EIDFS UNSJ\" width=\"800\" height=\"450\" src=\"https:\/\/www.youtube.com\/embed\/Ccnjn7q4OEg?feature=oembed\" frameborder=\"0\" allow=\"accelerometer; autoplay; clipboard-write; encrypted-media; gyroscope; picture-in-picture; web-share\" referrerpolicy=\"strict-origin-when-cross-origin\" allowfullscreen><\/iframe><\/p>\n<p>A la llegada al Complejo Deportivo \u00abEl Palomar\u00bb de la UNSJ fue un momento muy emotivo porque las locutora oficiales de la carrera urbana \u00abLa Industrial Corre\u00bb, Prof. Lilia Fern\u00e1ndez y la Prof. Isabel Paredes. tuvieron la responsabilidad de alentar en el \u00faltimo tramo de llegada al final del gran evento.<\/p>\n<p><iframe loading=\"lazy\" title=\"EIDFS UNSJ\" width=\"800\" height=\"450\" src=\"https:\/\/www.youtube.com\/embed\/GtsIozWIh1M?feature=oembed\" frameborder=\"0\" allow=\"accelerometer; autoplay; clipboard-write; encrypted-media; gyroscope; picture-in-picture; web-share\" referrerpolicy=\"strict-origin-when-cross-origin\" allowfullscreen><\/iframe><\/p>\n<p>&nbsp;<\/p>\n<figure id=\"attachment_76908\" aria-describedby=\"caption-attachment-76908\" style=\"width: 800px\" class=\"wp-caption alignnone\"><img loading=\"lazy\" decoding=\"async\" class=\"size-full wp-image-76908\" src=\"https:\/\/vocesparalelas.com.ar\/sitio\/wp-content\/uploads\/2024\/09\/EIDFS-UNSJ-CARRERA-04.jpg\" alt=\"\" width=\"800\" height=\"533\" srcset=\"https:\/\/vocesparalelas.com.ar\/sitio\/wp-content\/uploads\/2024\/09\/EIDFS-UNSJ-CARRERA-04.jpg 800w, https:\/\/vocesparalelas.com.ar\/sitio\/wp-content\/uploads\/2024\/09\/EIDFS-UNSJ-CARRERA-04-300x200.jpg 300w, https:\/\/vocesparalelas.com.ar\/sitio\/wp-content\/uploads\/2024\/09\/EIDFS-UNSJ-CARRERA-04-768x512.jpg 768w\" sizes=\"auto, (max-width: 800px) 100vw, 800px\" \/><figcaption id=\"caption-attachment-76908\" class=\"wp-caption-text\">El Alumno Lisandro Pe\u00f1a;, integrante de la Comisi\u00f3n de Madres, Erica Villegas, Directora de la EIDFS de la UNSJ, Lic, Fernanda Rostagno y la alumna Florencia Rodriguez<\/figcaption><\/figure>\n<p>Posteriormente, Voces Paralelas desarroll\u00f3 una entrevista period\u00edstica a la Directora de la EIDFS de la UNSJ, Lic. Fernanda Rostagno, quien describi\u00f3 el trabajo realizado para organizar\u00a0 la carrera urbana \u00abLa Industrial Corre\u00bb por parte de la comisi\u00f3n presidida por la Prof. Gisela Suligoy junto a la Comisi\u00f3n de Madres, Comisi\u00f3n de exalumnos donde se sum\u00f3 la familia y hasta los abuelos de los alumnos y docentes para llegar a los 1100 incondicionales cuya recaudaci\u00f3n voluntaria es para comprar equipamiento para el Departamento de Educaci\u00f3n F\u00edsica, que tanto hace falta.<\/p>\n<p><iframe loading=\"lazy\" title=\"EIDFS UNSJ DIRECTORA LIC FERNANDA ROSTAGNO\" width=\"800\" height=\"450\" src=\"https:\/\/www.youtube.com\/embed\/NFqJSx5d8fs?feature=oembed\" frameborder=\"0\" allow=\"accelerometer; autoplay; clipboard-write; encrypted-media; gyroscope; picture-in-picture; web-share\" referrerpolicy=\"strict-origin-when-cross-origin\" allowfullscreen><\/iframe><\/p>\n<p>Seguidamente, la integrante de la Comisi\u00f3n de Madres de la EIDFS de la UNSJ,\u00a0 Erica Villegas orgullosa de colaborar con la carrera urbana \u00abLa Industrial Corre\u00bb para ayudar en la compra del equipamiento para Educaci\u00f3n F\u00edsica.<\/p>\n<p><iframe loading=\"lazy\" title=\"EIDFS UNSJ MAM\u00c1 ERICA VILLEGAS\" width=\"800\" height=\"450\" src=\"https:\/\/www.youtube.com\/embed\/aZss4GSZLio?feature=oembed\" frameborder=\"0\" allow=\"accelerometer; autoplay; clipboard-write; encrypted-media; gyroscope; picture-in-picture; web-share\" referrerpolicy=\"strict-origin-when-cross-origin\" allowfullscreen><\/iframe><\/p>\n<p>A continuaci\u00f3n, el alumno y participante de la carrera urbana \u00abLa Industrial Corre\u00bb, Lisando Pe\u00f1a, que invit\u00f3 a los j\u00f3venes realizar deporte y estudiar porque se puede.<\/p>\n<p><iframe loading=\"lazy\" title=\"EIDFS UNSJ ALUMNO LISANDRO PE\u00d1A\" width=\"800\" height=\"450\" src=\"https:\/\/www.youtube.com\/embed\/E4HgdaTxDLs?feature=oembed\" frameborder=\"0\" allow=\"accelerometer; autoplay; clipboard-write; encrypted-media; gyroscope; picture-in-picture; web-share\" referrerpolicy=\"strict-origin-when-cross-origin\" allowfullscreen><\/iframe><\/p>\n<p>Finalmente, la alumna y participante de la carrera urbana \u00abLa Industrial Corre\u00bb, Florencia Rodriguez alent\u00f3 a los j\u00f3venes a estudiar porque ambas actividades son muy importantes para formarse como persona junto a los profesores y pares.<\/p>\n<p><iframe loading=\"lazy\" title=\"EIDFS UNSJ ALUMNA FLORENCIA RODR\u00cdGUEZ\" width=\"800\" height=\"450\" src=\"https:\/\/www.youtube.com\/embed\/srE32OI75mE?feature=oembed\" frameborder=\"0\" allow=\"accelerometer; autoplay; clipboard-write; encrypted-media; gyroscope; picture-in-picture; web-share\" referrerpolicy=\"strict-origin-when-cross-origin\" allowfullscreen><\/iframe><\/p>\n<p>&nbsp;<\/p>\n<p><img loading=\"lazy\" decoding=\"async\" class=\"alignnone size-full wp-image-76909\" src=\"https:\/\/vocesparalelas.com.ar\/sitio\/wp-content\/uploads\/2024\/09\/EIDFS-UNSJ-CARRERA-05.jpg\" alt=\"\" width=\"800\" height=\"533\" srcset=\"https:\/\/vocesparalelas.com.ar\/sitio\/wp-content\/uploads\/2024\/09\/EIDFS-UNSJ-CARRERA-05.jpg 800w, https:\/\/vocesparalelas.com.ar\/sitio\/wp-content\/uploads\/2024\/09\/EIDFS-UNSJ-CARRERA-05-300x200.jpg 300w, https:\/\/vocesparalelas.com.ar\/sitio\/wp-content\/uploads\/2024\/09\/EIDFS-UNSJ-CARRERA-05-768x512.jpg 768w\" sizes=\"auto, (max-width: 800px) 100vw, 800px\" \/><\/p>\n","protected":false},"excerpt":{"rendered":"<p>El Instituto Preuniversitario de la Universidad Nacional de San Juan Escuela Industrial Domingo Faustino Sarmiento organiz\u00f3 y desarroll\u00f3 el Domingo,<\/p>\n","protected":false},"author":3,"featured_media":76910,"comment_status":"closed","ping_status":"closed","sticky":false,"template":"","format":"standard","meta":{"_acf_changed":false,"_seopress_robots_primary_cat":"none","_seopress_titles_title":"","_seopress_titles_desc":"","_seopress_robots_index":"","colormag_page_container_layout":"default_layout","colormag_page_sidebar_layout":"default_layout","footnotes":""},"categories":[5,7],"tags":[],"class_list":["post-76893","post","type-post","status-publish","format-standard","has-post-thumbnail","hentry","category-ofrecimientos","category-videos"],"acf":[],"_links":{"self":[{"href":"https:\/\/vocesparalelas.com.ar\/sitio\/wp-json\/wp\/v2\/posts\/76893","targetHints":{"allow":["GET"]}}],"collection":[{"href":"https:\/\/vocesparalelas.com.ar\/sitio\/wp-json\/wp\/v2\/posts"}],"about":[{"href":"https:\/\/vocesparalelas.com.ar\/sitio\/wp-json\/wp\/v2\/types\/post"}],"author":[{"embeddable":true,"href":"https:\/\/vocesparalelas.com.ar\/sitio\/wp-json\/wp\/v2\/users\/3"}],"replies":[{"embeddable":true,"href":"https:\/\/vocesparalelas.com.ar\/sitio\/wp-json\/wp\/v2\/comments?post=76893"}],"version-history":[{"count":1,"href":"https:\/\/vocesparalelas.com.ar\/sitio\/wp-json\/wp\/v2\/posts\/76893\/revisions"}],"predecessor-version":[{"id":76911,"href":"https:\/\/vocesparalelas.com.ar\/sitio\/wp-json\/wp\/v2\/posts\/76893\/revisions\/76911"}],"wp:featuredmedia":[{"embeddable":true,"href":"https:\/\/vocesparalelas.com.ar\/sitio\/wp-json\/wp\/v2\/media\/76910"}],"wp:attachment":[{"href":"https:\/\/vocesparalelas.com.ar\/sitio\/wp-json\/wp\/v2\/media?parent=76893"}],"wp:term":[{"taxonomy":"category","embeddable":true,"href":"https:\/\/vocesparalelas.com.ar\/sitio\/wp-json\/wp\/v2\/categories?post=76893"},{"taxonomy":"post_tag","embeddable":true,"href":"https:\/\/vocesparalelas.com.ar\/sitio\/wp-json\/wp\/v2\/tags?post=76893"}],"curies":[{"name":"wp","href":"https:\/\/api.w.org\/{rel}","templated":true}]}}