{"id":76889,"date":"2024-09-14T20:05:54","date_gmt":"2024-09-14T23:05:54","guid":{"rendered":"https:\/\/vocesparalelas.com.ar\/sitio\/?p=76889"},"modified":"2024-09-16T20:05:34","modified_gmt":"2024-09-16T23:05:34","slug":"cosas-que-pasan-y-no-porque-si","status":"publish","type":"post","link":"https:\/\/vocesparalelas.com.ar\/sitio\/cosas-que-pasan-y-no-porque-si\/","title":{"rendered":"Cosas que pasan y no porque s\u00ed"},"content":{"rendered":"<p>Por el arzobispo de San Juan de Cuyo, Monse\u00f1or Jorge Eduardo Lozano<\/p>\n<p>\u201cImpotencia.\u201d As\u00ed me describ\u00eda un cient\u00edfico su sentimiento ante las crisis ecol\u00f3gicas, los incendios forestales, la tala de bosques, la depredaci\u00f3n de los mares, etc., etc. Y se lamentaba con un \u201cno aprendemos m\u00e1s\u201d. Despu\u00e9s de ese di\u00e1logo me qued\u00e9 pensando c\u00f3mo tenemos que cuidarnos de no bajar los brazos y, aunque la realidad sea desalentadora, no dejemos de realizar todo lo que est\u00e1 a nuestro alcance para buscar el bien de la humanidad.<\/p>\n<p>Es cierto que ante lo que nos supera muchas veces preferimos encoger los hombros y mirar para otro lado. Por unos minutos, te propongo que veamos los desaf\u00edos de la cuesti\u00f3n ambiental de la mano del Papa Francisco.<\/p>\n<p>El 4 de octubre, memoria de San Francisco de As\u00eds, se cumplir\u00e1 apenas un a\u00f1o de la publicaci\u00f3n de la Exhortaci\u00f3n Apost\u00f3lica \u201cLaudate Deum\u201d (Alaben al Se\u00f1or) sobre la crisis clim\u00e1tica. Escribe all\u00ed el Sucesor de San Pedro: \u00abCon el paso del tiempo advierto que no tenemos reacciones suficientes mientras el mundo que nos acoge se va desmoronando y quiz\u00e1s acerc\u00e1ndose a un punto de quiebre\u00bb, y contin\u00faa diciendo que \u00abes indudable que el impacto del cambio clim\u00e1tico perjudicar\u00e1 de modo creciente las vidas y las familias de muchas personas\u00bb (LD 2). Como vemos, la preocupaci\u00f3n no se centra en abstracciones o ideolog\u00edas.<\/p>\n<p>De hecho ya est\u00e1 sucediendo as\u00ed. La violencia de los huracanes en Centro Am\u00e9rica ha crecido en poder destructivo a\u00f1o tras a\u00f1o. \u201cEntre 2019 y 2022 aument\u00f3 en un orden del 38% la cantidad de personas afectadas por huracanes o tormentas tropicales en la regi\u00f3n. A su vez, 2023 se consolid\u00f3 como el per\u00edodo con mayores da\u00f1os causados por desastres naturales vinculados al cambio clim\u00e1tico\u201d (Informe elaborado por el CELAM \u2014Consejo Episcopal de Am\u00e9rica Latina y el Caribe\u2014 con la participaci\u00f3n de la Red de Observatorios de Universidades Cat\u00f3licas del Continente, presentado en junio pasado). En este mismo informe se expresa que \u201c2023 ser\u00e1 el a\u00f1o m\u00e1s c\u00e1lido en el registro de 174 a\u00f1os, superando los r\u00e9cords de 2016 y 2020\u201d.<\/p>\n<p>La sequ\u00eda en varios lugares de Argentina est\u00e1 reduciendo la superficie a sembrar, lo cual genera ca\u00edda en puestos de trabajo y aumento en costos de los alimentos en algunas regiones. Estos hechos tampoco son abstracciones o planteos ideol\u00f3gicos.<\/p>\n<p>La situaci\u00f3n es muy delicada, \u00ablo que estamos verificando ahora es una inusual aceleraci\u00f3n del calentamiento, con una velocidad tal que basta una sola generaci\u00f3n \u2014no siglos ni milenios\u2014 para constatarlo\u00bb (LD 6). Lo<\/p>\n<p>podemos visualizar en im\u00e1genes satelitales tanto de p\u00e9rdida de glaciares en la cordillera en el transcurso de 50 a\u00f1os, como en el derretimiento progresivo de los Polos (ambas disponibles en internet). Esto impacta en la elevaci\u00f3n del nivel de las aguas de los oc\u00e9anos. \u00abProbablemente en pocos a\u00f1os muchas poblaciones deber\u00e1n trasladar sus hogares a causa de estos hechos\u00bb (LD 6). Y as\u00ed lo est\u00e1n padeciendo unas cuantas poblaciones costeras.<\/p>\n<p>El Papa reitera que \u00abel mundo que nos rodea no es un objeto de aprovechamiento, de uso desenfrenado, de ambici\u00f3n ilimitada\u00bb (LD 25). \u00abLa l\u00f3gica del m\u00e1ximo beneficio con el menor costo, disfrazada de racionalidad, de progreso y de promesas ilusorias, vuelve imposible cualquier sincera preocupaci\u00f3n por la casa com\u00fan y cualquier inquietud por promover a los descartados de la sociedad\u2026 extasiados frente a las promesas de tantos falsos profetas, a veces los mismos pobres caen en el enga\u00f1o de un mundo que no se construye para ellos\u00bb (LD 31).<\/p>\n<p>La mayor responsabilidad cae en los organismos internacionales y en los gobiernos de los pa\u00edses de mayor consumo indiscriminado. Sin embargo, podemos dar el ejemplo desde casa. \u00abEl esfuerzo de los hogares por contaminar menos, reducir los desperdicios, consumir con prudencia, va creando una nueva cultura. Este solo hecho de modificar los h\u00e1bitos personales, familiares y comunitarios\u00bb contribuye a \u00abgestar grandes procesos de transformaci\u00f3n que operan desde las profundidades de la sociedad\u00bb (LD 71). Los grandes cambios, como los \u00e1rboles, nacen desde abajo.<\/p>\n<p>Francisco junto a otros referentes de Iglesias cristianas nos han convocado a dedicar este Mes de Septiembre al Cuidado de la Creaci\u00f3n. Acojamos ese llamado a la responsabilidad. Te invito a buscar m\u00e1s informaci\u00f3n en la plataforma del Movimiento Laudato si\u2019.<\/p>\n<p>El jueves 19 de septiembre cumpliremos 190 a\u00f1os de la creaci\u00f3n de la Di\u00f3cesis de San Juan de Cuyo, siendo su primer obispo Fray Justo Santa Mar\u00eda de Oro. La primera Di\u00f3cesis creada en la Argentina despu\u00e9s de la declaraci\u00f3n de la Independencia. En ese tiempo abarcaba las provincias de San Juan, Mendoza, San Luis y Neuqu\u00e9n. Demos gracias a Dios que nos llama a dar testimonio de la Buena Noticia de Jes\u00fas como familia suya.<\/p>\n<p>&nbsp;<\/p>\n<p><iframe loading=\"lazy\" title=\"SAN JUAN MONSE\u00d1OR JORGE LOZANO\" width=\"800\" height=\"450\" src=\"https:\/\/www.youtube.com\/embed\/BSyL-OSOcO8?feature=oembed\" frameborder=\"0\" allow=\"accelerometer; autoplay; clipboard-write; encrypted-media; gyroscope; picture-in-picture; web-share\" referrerpolicy=\"strict-origin-when-cross-origin\" allowfullscreen><\/iframe><\/p>\n<p>&nbsp;<\/p>\n<p><img loading=\"lazy\" decoding=\"async\" class=\"alignnone size-full wp-image-61416\" src=\"https:\/\/vocesparalelas.com.ar\/sitio\/wp-content\/uploads\/2023\/07\/ARZOBISPADO-EDIFICIO.jpg\" alt=\"\" width=\"800\" height=\"600\" srcset=\"https:\/\/vocesparalelas.com.ar\/sitio\/wp-content\/uploads\/2023\/07\/ARZOBISPADO-EDIFICIO.jpg 800w, https:\/\/vocesparalelas.com.ar\/sitio\/wp-content\/uploads\/2023\/07\/ARZOBISPADO-EDIFICIO-300x225.jpg 300w, https:\/\/vocesparalelas.com.ar\/sitio\/wp-content\/uploads\/2023\/07\/ARZOBISPADO-EDIFICIO-768x576.jpg 768w\" sizes=\"auto, (max-width: 800px) 100vw, 800px\" \/><\/p>\n","protected":false},"excerpt":{"rendered":"<p>Por el arzobispo de San Juan de Cuyo, Monse\u00f1or Jorge Eduardo Lozano \u201cImpotencia.\u201d As\u00ed me describ\u00eda un cient\u00edfico su sentimiento<\/p>\n","protected":false},"author":3,"featured_media":20281,"comment_status":"closed","ping_status":"closed","sticky":false,"template":"","format":"standard","meta":{"_acf_changed":false,"_seopress_robots_primary_cat":"none","_seopress_titles_title":"","_seopress_titles_desc":"","_seopress_robots_index":"","colormag_page_container_layout":"default_layout","colormag_page_sidebar_layout":"default_layout","footnotes":""},"categories":[10,7],"tags":[],"class_list":["post-76889","post","type-post","status-publish","format-standard","has-post-thumbnail","hentry","category-opiniones","category-videos"],"acf":[],"_links":{"self":[{"href":"https:\/\/vocesparalelas.com.ar\/sitio\/wp-json\/wp\/v2\/posts\/76889","targetHints":{"allow":["GET"]}}],"collection":[{"href":"https:\/\/vocesparalelas.com.ar\/sitio\/wp-json\/wp\/v2\/posts"}],"about":[{"href":"https:\/\/vocesparalelas.com.ar\/sitio\/wp-json\/wp\/v2\/types\/post"}],"author":[{"embeddable":true,"href":"https:\/\/vocesparalelas.com.ar\/sitio\/wp-json\/wp\/v2\/users\/3"}],"replies":[{"embeddable":true,"href":"https:\/\/vocesparalelas.com.ar\/sitio\/wp-json\/wp\/v2\/comments?post=76889"}],"version-history":[{"count":1,"href":"https:\/\/vocesparalelas.com.ar\/sitio\/wp-json\/wp\/v2\/posts\/76889\/revisions"}],"predecessor-version":[{"id":76892,"href":"https:\/\/vocesparalelas.com.ar\/sitio\/wp-json\/wp\/v2\/posts\/76889\/revisions\/76892"}],"wp:featuredmedia":[{"embeddable":true,"href":"https:\/\/vocesparalelas.com.ar\/sitio\/wp-json\/wp\/v2\/media\/20281"}],"wp:attachment":[{"href":"https:\/\/vocesparalelas.com.ar\/sitio\/wp-json\/wp\/v2\/media?parent=76889"}],"wp:term":[{"taxonomy":"category","embeddable":true,"href":"https:\/\/vocesparalelas.com.ar\/sitio\/wp-json\/wp\/v2\/categories?post=76889"},{"taxonomy":"post_tag","embeddable":true,"href":"https:\/\/vocesparalelas.com.ar\/sitio\/wp-json\/wp\/v2\/tags?post=76889"}],"curies":[{"name":"wp","href":"https:\/\/api.w.org\/{rel}","templated":true}]}}