{"id":76884,"date":"2024-09-14T12:07:22","date_gmt":"2024-09-14T15:07:22","guid":{"rendered":"https:\/\/vocesparalelas.com.ar\/sitio\/?p=76884"},"modified":"2024-09-17T01:29:58","modified_gmt":"2024-09-17T04:29:58","slug":"muestra-aprender-y-producir-del-isfd-escuela-normal-superior-gral-san-martin","status":"publish","type":"post","link":"https:\/\/vocesparalelas.com.ar\/sitio\/muestra-aprender-y-producir-del-isfd-escuela-normal-superior-gral-san-martin\/","title":{"rendered":"Muestra Aprender y Producir del ISFD Escuela Normal Superior Gral. San Mart\u00edn"},"content":{"rendered":"<p>El Viernes, 13 de Septiembre, el gobernador de San Juan, Dr. Marcelo Orrego asisti\u00f3 a la Muestra de trabajos escolares vinculados a la industria y su impacto en la comunidad, en el polideportivo del ISFD Escuela Normal Superior Gral. San Mart\u00edn.<\/p>\n<p>Lo acompa\u00f1aron los ministros de Educaci\u00f3n, Lic. Silvia Fuentes; de Producci\u00f3n, Trabajo e Innovaci\u00f3n, CPN Gustavo Fern\u00e1ndez; los secretarios de Educaci\u00f3n, Lic. Mariela Lueje; de Ciencia, Tecnolog\u00eda e Innovaci\u00f3n, Dr. Germ\u00e1n Von Euw y dem\u00e1s autoridades.<\/p>\n<p>En este marco, impulsado por la celebraci\u00f3n de la Semana de la Industria, el Ministerio de Educaci\u00f3n consider\u00f3 que la fecha era una ocasi\u00f3n ideal para que las instituciones educativas destacaran la importancia del sector industrial en la econom\u00eda y la sociedad.<\/p>\n<p>El objetivo del programa Aprender y Producir es que los estudiantes comprendan el impacto de la industria en sus vidas cotidianas, as\u00ed como tambi\u00e9n inspirar inter\u00e9s en carreras relacionadas con la tecnolog\u00eda, la manufactura y otras \u00e1reas industriales.<\/p>\n<p>Durante el encuentro, el Gobernador de San Juan, Dr. Marcelo Orrego subray\u00f3 que \u00abla importancia de la invitaci\u00f3n para conocer la muestra. Tuve la posibilidad de dialogar con los ni\u00f1os y adolescentes que participaron en la exposici\u00f3n innovando y creando, con programas que son un \u00e9xito en la educaci\u00f3n de pa\u00edses del primer mundo. Es muy importante que hoy lo institucionalicemos a trav\u00e9s de una resoluci\u00f3n ministerial. Quiero destacar la labor de los docentes, que ponen todo su coraz\u00f3n y esfuerzo para realizar esta tarea de aprendizaje. Felicito especialmente a las familias que tambi\u00e9n apoyan estas actividades, que son prioritarias para nosotros\u201d.<\/p>\n<p>Luego, la ministra de Educaci\u00f3n, Lic. Silvia Fuentes expres\u00f3 que \u00abagradezco la presencia de autoridades, docentes y alumnos. A partir del 2024, el calendario escolar cuenta con una resoluci\u00f3n ministerial que establece que en Septiembre las escuelas de San Juan deban producir con nuestra materia prima y entender la funci\u00f3n de la industria en la provincia. De esta manera, los productos elaborados pueden insertarse en el mercado local, nacional e internacional. Es importante comenzar por los m\u00e1s peque\u00f1os, con contenidos que integren matem\u00e1ticas, lengua y mostrar la industria como motor del crecimiento de San Juan. Es un orgullo instituir esta actividad y los felicito\u201d.<\/p>\n<p>&nbsp;<\/p>\n<p><iframe loading=\"lazy\" title=\"El gobernador Marcelo Orrego visit\u00f3 la muestra Aprender y Producir\" width=\"800\" height=\"450\" src=\"https:\/\/www.youtube.com\/embed\/4QXFMbMm-1k?feature=oembed\" frameborder=\"0\" allow=\"accelerometer; autoplay; clipboard-write; encrypted-media; gyroscope; picture-in-picture; web-share\" referrerpolicy=\"strict-origin-when-cross-origin\" allowfullscreen><\/iframe><\/p>\n<p>A continuaci\u00f3n, las autoridades realizaron el corte de cinta para inaugurar la Feria\u00a0 y adem\u00e1s, se entregaron certificados a estudiantes de nivel inicial, primario y secundario por su participaci\u00f3n en la feria.<\/p>\n<p><strong><span style=\"color: #ff6600;\">Muestra Aprender y Producir<\/span><\/strong><\/p>\n<p>La muestra se conform\u00f3 con 88 stands y trabajos de alumnos de diferentes escuelas de la provincia, destacando la importancia de la industria y los procesos productivos. La exposici\u00f3n se desarroll\u00f3 de 9:30 a 13:30, con proyectos y prototipos creados por estudiantes de diferentes niveles.<\/p>\n<p>Los trabajos corresponden a alumnos de instituciones educativas de todos los niveles y modalidades: Inicial, Primaria, Secundaria, Superior, Educaci\u00f3n Especial, T\u00e9cnico Profesional, Adultos y Educaci\u00f3n Privada. La organizaci\u00f3n y log\u00edstica de la muestra Aprender y Producir estuvo a cargo de la Direcci\u00f3n de Planes y Programas, dependiente de la Subsecretar\u00eda de Planeamiento de la Educaci\u00f3n.<\/p>\n<p>En la exhibici\u00f3n, los 88 stands fueron representados por dos estudiantes y un docente cada uno. Incluyeron informaci\u00f3n sobre diferentes industrias, demostraciones pr\u00e1cticas, prototipos, muestras de productos, simulaciones y juegos educativos para explicar el funcionamiento de las cadenas de producci\u00f3n, el dise\u00f1o de productos o la gesti\u00f3n de recursos.<\/p>\n<p>Entre las propuestas destacadas figuran algunas vinculadas a energ\u00edas alternativas y riego por goteo, fabricaci\u00f3n de indumentaria a base de pl\u00e1stico reciclado, laboratorios de suelo port\u00e1tiles programados con sensores, producci\u00f3n de repelentes caseros, alarmas antirrobo caseras, fabricaci\u00f3n de jab\u00f3n y champ\u00fa sin sustancias qu\u00edmicas y hasta la representaci\u00f3n de una tormenta simulada con luces LED.<\/p>\n<p>&nbsp;<\/p>\n<p><img loading=\"lazy\" decoding=\"async\" class=\"alignnone size-full wp-image-28629\" src=\"https:\/\/vocesparalelas.com.ar\/sitio\/wp-content\/uploads\/2020\/05\/MINISTERIO-EDUCACION-SJ.jpg\" alt=\"\" width=\"800\" height=\"533\" srcset=\"https:\/\/vocesparalelas.com.ar\/sitio\/wp-content\/uploads\/2020\/05\/MINISTERIO-EDUCACION-SJ.jpg 800w, https:\/\/vocesparalelas.com.ar\/sitio\/wp-content\/uploads\/2020\/05\/MINISTERIO-EDUCACION-SJ-300x200.jpg 300w, https:\/\/vocesparalelas.com.ar\/sitio\/wp-content\/uploads\/2020\/05\/MINISTERIO-EDUCACION-SJ-768x512.jpg 768w\" sizes=\"auto, (max-width: 800px) 100vw, 800px\" \/><\/p>\n","protected":false},"excerpt":{"rendered":"<p>El Viernes, 13 de Septiembre, el gobernador de San Juan, Dr. Marcelo Orrego asisti\u00f3 a la Muestra de trabajos escolares<\/p>\n","protected":false},"author":3,"featured_media":76887,"comment_status":"closed","ping_status":"closed","sticky":false,"template":"","format":"standard","meta":{"_acf_changed":false,"_seopress_robots_primary_cat":"none","_seopress_titles_title":"","_seopress_titles_desc":"","_seopress_robots_index":"","colormag_page_container_layout":"default_layout","colormag_page_sidebar_layout":"default_layout","footnotes":""},"categories":[5,7],"tags":[],"class_list":["post-76884","post","type-post","status-publish","format-standard","has-post-thumbnail","hentry","category-ofrecimientos","category-videos"],"acf":[],"_links":{"self":[{"href":"https:\/\/vocesparalelas.com.ar\/sitio\/wp-json\/wp\/v2\/posts\/76884","targetHints":{"allow":["GET"]}}],"collection":[{"href":"https:\/\/vocesparalelas.com.ar\/sitio\/wp-json\/wp\/v2\/posts"}],"about":[{"href":"https:\/\/vocesparalelas.com.ar\/sitio\/wp-json\/wp\/v2\/types\/post"}],"author":[{"embeddable":true,"href":"https:\/\/vocesparalelas.com.ar\/sitio\/wp-json\/wp\/v2\/users\/3"}],"replies":[{"embeddable":true,"href":"https:\/\/vocesparalelas.com.ar\/sitio\/wp-json\/wp\/v2\/comments?post=76884"}],"version-history":[{"count":1,"href":"https:\/\/vocesparalelas.com.ar\/sitio\/wp-json\/wp\/v2\/posts\/76884\/revisions"}],"predecessor-version":[{"id":76888,"href":"https:\/\/vocesparalelas.com.ar\/sitio\/wp-json\/wp\/v2\/posts\/76884\/revisions\/76888"}],"wp:featuredmedia":[{"embeddable":true,"href":"https:\/\/vocesparalelas.com.ar\/sitio\/wp-json\/wp\/v2\/media\/76887"}],"wp:attachment":[{"href":"https:\/\/vocesparalelas.com.ar\/sitio\/wp-json\/wp\/v2\/media?parent=76884"}],"wp:term":[{"taxonomy":"category","embeddable":true,"href":"https:\/\/vocesparalelas.com.ar\/sitio\/wp-json\/wp\/v2\/categories?post=76884"},{"taxonomy":"post_tag","embeddable":true,"href":"https:\/\/vocesparalelas.com.ar\/sitio\/wp-json\/wp\/v2\/tags?post=76884"}],"curies":[{"name":"wp","href":"https:\/\/api.w.org\/{rel}","templated":true}]}}