{"id":76873,"date":"2024-09-13T22:18:12","date_gmt":"2024-09-14T01:18:12","guid":{"rendered":"https:\/\/vocesparalelas.com.ar\/sitio\/?p=76873"},"modified":"2024-09-17T01:11:53","modified_gmt":"2024-09-17T04:11:53","slug":"readjudicacion-para-residencias-del-equipo-de-salud-2024-en-san-juan","status":"publish","type":"post","link":"https:\/\/vocesparalelas.com.ar\/sitio\/readjudicacion-para-residencias-del-equipo-de-salud-2024-en-san-juan\/","title":{"rendered":"Readjudicaci\u00f3n para Residencias del Equipo de Salud 2024 en San Juan"},"content":{"rendered":"<p>El Ministerio de Salud del Gobierno de San Juan, a trav\u00e9s de la Secretar\u00eda de Planeamiento y Control de Gesti\u00f3n, Direcci\u00f3n de Recursos Tecnol\u00f3gicos e Innovaci\u00f3n y la Secci\u00f3n Residencias de Salud, convocan a la primera readjudicaci\u00f3n de cargos para residencias de equipos de salud.<\/p>\n<p><strong><span style=\"color: #ff0000;\">Los interesados deben realizar los siguientes pasos para la realizaci\u00f3n de la primera cohorte de instancias de Adjudicaci\u00f3n.<\/span><\/strong><\/p>\n<ul>\n<li>16 de Septiembre:\u00a0Publicaci\u00f3n de Vacantes en\u00a0<a href=\"http:\/\/www.salud.sanjuan.gob.ar\/\">www.salud.sanjuan.gob.ar<\/a><\/li>\n<li>17 y 18 de Septiembre: Pre Inscripci\u00f3n On-line Sistema SISA<\/li>\n<li>17 y 18 de Septiembre:\u00a0Inscripci\u00f3n Definitiva &#8211; Recepci\u00f3n de Documentaci\u00f3n.<\/li>\n<\/ul>\n<p>Centro C\u00edvico 3\u00b0 Piso N\u00facleo 2 Oficina Divisi\u00f3n RRHH y Capacitaci\u00f3n.<\/p>\n<ul>\n<li>24 de Septiembre: Publicaci\u00f3n de Orden de M\u00e9rito 1\u00b0<sup>\u00a0<\/sup>Readjudicaci\u00f3n en <a href=\"http:\/\/www.salud.sanjuan.gob.ar\/\">www.salud.sanjuan.gob.ar<\/a><\/li>\n<li>26 y 27 de Septiembre: Adjudicaci\u00f3n de Cargos de 1\u00b0 Readjudicaci\u00f3n.<\/li>\n<li>1 de Octubre: Inicio de Residencia en Sede Formadora.<\/li>\n<\/ul>\n<p><span style=\"color: #ff0000;\"><strong>Cupos y duraci\u00f3n por cada especialidad en\u00a0<\/strong><strong>San Juan<\/strong><\/span><\/p>\n<p><span style=\"color: #ff0000;\"><strong>Hospital Dr. Guillermo Rawson<\/strong><\/span><\/p>\n<ul>\n<li>Cl\u00ednica M\u00e9dica. Cupo 5 &#8211; Duraci\u00f3n 3 a\u00f1os<\/li>\n<li>Neonatolog\u00eda B\u00e1sica Articulada Cupo 1. Duraci\u00f3n 5 a\u00f1os<\/li>\n<li>Pediatr\u00eda. Cupo 6. Duraci\u00f3n 3 a\u00f1os<\/li>\n<li>Terapia Intensiva Adultos Cupo 2. Duraci\u00f3n 4 a\u00f1os<\/li>\n<li>Tocoginecolog\u00eda Cupo 1. Duraci\u00f3n 4 a\u00f1os<\/li>\n<li>Neonatolog\u00eda Post B\u00e1sica Cupo 2 Duraci\u00f3n 2 a\u00f1os<\/li>\n<li>Terapia Intensiva Infantil Post B\u00e1sica Cupo 1 Duraci\u00f3n 2 a\u00f1os<\/li>\n<li>Terapia Intensiva Infantil B\u00e1sica Articulada Cupo 1 Duraci\u00f3n 5 a\u00f1os<\/li>\n<\/ul>\n<p><span style=\"color: #ff0000;\"><strong>Hospital Dr. Marcial Quiroga<\/strong><\/span><\/p>\n<ul>\n<li>Cl\u00ednica M\u00e9dica Cupo 1 Duraci\u00f3n 3 a\u00f1os<\/li>\n<\/ul>\n<p><span style=\"color: #ff0000;\"><strong>Centro Adiestramiento Dr. Ren\u00e9 Favaloro<\/strong><\/span><\/p>\n<ul>\n<li>Medicina General y\/o Familiar Cupo 3 Duraci\u00f3n 3 a\u00f1os<\/li>\n<\/ul>\n<p><strong><span style=\"color: #ff0000;\">Re adjudicaci\u00f3n Jefes de Residentes<\/span><\/strong><\/p>\n<p><span style=\"color: #ff0000;\"><strong>Hospital Dr. Guillermo Rawson<\/strong><\/span><\/p>\n<ul>\n<li>Bioqu\u00edmica Cl\u00ednica. Cupo 1<\/li>\n<li>Cirug\u00eda General. Cupo 1<\/li>\n<li>Tocoginecolog\u00eda. Cupo 1<\/li>\n<\/ul>\n<p><span style=\"color: #ff0000;\"><strong>Hospital Dr. Marcial Quiroga<\/strong><\/span><\/p>\n<ul>\n<li>Cirug\u00eda General. Cupo 1<\/li>\n<li>Psiquiatra. Cupo 1<\/li>\n<\/ul>\n<p><img loading=\"lazy\" decoding=\"async\" class=\"alignnone size-full wp-image-65642\" src=\"https:\/\/vocesparalelas.com.ar\/sitio\/wp-content\/uploads\/2023\/11\/GOBIERNO-SAN-JUAN.jpg\" alt=\"\" width=\"800\" height=\"600\" srcset=\"https:\/\/vocesparalelas.com.ar\/sitio\/wp-content\/uploads\/2023\/11\/GOBIERNO-SAN-JUAN.jpg 800w, https:\/\/vocesparalelas.com.ar\/sitio\/wp-content\/uploads\/2023\/11\/GOBIERNO-SAN-JUAN-300x225.jpg 300w, https:\/\/vocesparalelas.com.ar\/sitio\/wp-content\/uploads\/2023\/11\/GOBIERNO-SAN-JUAN-768x576.jpg 768w\" sizes=\"auto, (max-width: 800px) 100vw, 800px\" \/><\/p>\n","protected":false},"excerpt":{"rendered":"<p>El Ministerio de Salud del Gobierno de San Juan, a trav\u00e9s de la Secretar\u00eda de Planeamiento y Control de Gesti\u00f3n,<\/p>\n","protected":false},"author":3,"featured_media":52726,"comment_status":"closed","ping_status":"closed","sticky":false,"template":"","format":"standard","meta":{"_acf_changed":false,"_seopress_robots_primary_cat":"none","_seopress_titles_title":"","_seopress_titles_desc":"","_seopress_robots_index":"","colormag_page_container_layout":"default_layout","colormag_page_sidebar_layout":"default_layout","footnotes":""},"categories":[8],"tags":[],"class_list":["post-76873","post","type-post","status-publish","format-standard","has-post-thumbnail","hentry","category-concursos"],"acf":[],"_links":{"self":[{"href":"https:\/\/vocesparalelas.com.ar\/sitio\/wp-json\/wp\/v2\/posts\/76873","targetHints":{"allow":["GET"]}}],"collection":[{"href":"https:\/\/vocesparalelas.com.ar\/sitio\/wp-json\/wp\/v2\/posts"}],"about":[{"href":"https:\/\/vocesparalelas.com.ar\/sitio\/wp-json\/wp\/v2\/types\/post"}],"author":[{"embeddable":true,"href":"https:\/\/vocesparalelas.com.ar\/sitio\/wp-json\/wp\/v2\/users\/3"}],"replies":[{"embeddable":true,"href":"https:\/\/vocesparalelas.com.ar\/sitio\/wp-json\/wp\/v2\/comments?post=76873"}],"version-history":[{"count":1,"href":"https:\/\/vocesparalelas.com.ar\/sitio\/wp-json\/wp\/v2\/posts\/76873\/revisions"}],"predecessor-version":[{"id":76876,"href":"https:\/\/vocesparalelas.com.ar\/sitio\/wp-json\/wp\/v2\/posts\/76873\/revisions\/76876"}],"wp:featuredmedia":[{"embeddable":true,"href":"https:\/\/vocesparalelas.com.ar\/sitio\/wp-json\/wp\/v2\/media\/52726"}],"wp:attachment":[{"href":"https:\/\/vocesparalelas.com.ar\/sitio\/wp-json\/wp\/v2\/media?parent=76873"}],"wp:term":[{"taxonomy":"category","embeddable":true,"href":"https:\/\/vocesparalelas.com.ar\/sitio\/wp-json\/wp\/v2\/categories?post=76873"},{"taxonomy":"post_tag","embeddable":true,"href":"https:\/\/vocesparalelas.com.ar\/sitio\/wp-json\/wp\/v2\/tags?post=76873"}],"curies":[{"name":"wp","href":"https:\/\/api.w.org\/{rel}","templated":true}]}}