{"id":76865,"date":"2024-09-13T23:05:24","date_gmt":"2024-09-14T02:05:24","guid":{"rendered":"https:\/\/vocesparalelas.com.ar\/sitio\/?p=76865"},"modified":"2024-09-17T01:17:56","modified_gmt":"2024-09-17T04:17:56","slug":"eleccion-de-la-emprendedora-del-sol-2024-en-la-fns-de-san-juan","status":"publish","type":"post","link":"https:\/\/vocesparalelas.com.ar\/sitio\/eleccion-de-la-emprendedora-del-sol-2024-en-la-fns-de-san-juan\/","title":{"rendered":"Elecci\u00f3n de la \u00abEmprendedora del Sol 2024\u00bb en la FNS de San Juan"},"content":{"rendered":"<p>En el marco de la Fiesta Nacional del Sol 2024 en San Juan, los 19 Municipalidades de los 19 Departamentos, elije una mujer que se destaque por su ejemplo como emprendedora productiva y sus ganas de progresar.<\/p>\n<p>De las seleccionadas, un jurado define a la ganadora del certamen y que representa la promoci\u00f3n del esfuerzo y la cultura del trabajo de San Juan.<\/p>\n<p>El ministerio de Producci\u00f3n, Trabajo e Innovaci\u00f3n del Gobierno de San Juan inform\u00f3 cada detalle de la elecci\u00f3n de la Emprendedora del Sol 2024. El certamen que promueve la capacidad de trabajo de las mujeres de San Juan.<\/p>\n<p>Con premios de $1.500.000 para el primer lugar y $800.000 para el segundo de cada departamento. Se ver\u00e1 galardonadas a las emprendedoras del Departamento.<\/p>\n<p>Quienes estuvieron primeras, autom\u00e1ticamente participan por el premio mayor que es de $5.000.000 para invertir en mejorar sus emprendimientos.<\/p>\n<p>Cabe aclarar que estos montos no se entregan a las ganadoras sino que van a solventar lo que necesitan adquirir para sus proyectos.<\/p>\n<p>Este certamen propuesto desde la cartera productiva cuenta, adem\u00e1s, con el sponsor exclusivo de la Mina Veladero que acompa\u00f1a a las ganadoras de los departamentos en una jornada especial de 3 d\u00edas intensivos de mentoreo y coaching, con especialistas en diversos temas, para completar el perfil emprendedor de cada candidata. As\u00ed como tambi\u00e9n, se suma a la difusi\u00f3n del concurso y sus candidatas. Tambi\u00e9n con el acompa\u00f1amiento para la evaluaci\u00f3n de los proyectos del Departamento Mujer de la Uni\u00f3n Industrial de San Juan, presidido por Gabriela Carranza.<\/p>\n<p>El Director de Asuntos Gubernamentales de Barrick Sudam\u00e9rica, Marcelo \u00c1lvarez destac\u00f3 que \u00abnos llena de entusiasmo en Veladero ser parte de este gran desaf\u00edo de promover y potenciar a mujeres emprendedoras de los departamentos de San Juan. En miner\u00eda venimos haciendo grandes esfuerzos por fortalecer el rol de la mujer y en ese esp\u00edritu tambi\u00e9n apoyamos a emprendedoras de la comunidad que hacen de la sociedad un mundo m\u00e1s justo y sostenible\u00bb.<\/p>\n<p>Luego, la Presidente de la Uni\u00f3n Industrial de San Juan, Gabriela Carranza remarc\u00f3 que \u00abla fuerza de las mujeres de la provincia y lo bueno de este certamen para brindarles una herramienta que permita crecer a estas mujeres y sus comunidades.<\/p>\n<p>Finalmente, la directora de Industria, Comercio y Servicios, Roc\u00edo C\u00e1rdenas explic\u00f3 que \u00abelegir a la mujer que emprende, como lo dijo el gobernador Marcelo Orrego durante el acto de Mujeres + 6, es premiar a quienes garantizan siempre buenos resultados, porque las mujeres tienen la capacidad de avanzar con determinaci\u00f3n y nunca retroceder. El financiamiento de este certamen es a trav\u00e9s de Agencia San Juan de Inversiones.<\/p>\n<p><strong><span style=\"color: #ff6600;\">Para consultas o informaci\u00f3n<\/span><\/strong><\/p>\n<p>Pueden dirigirse a su municipio o escribir a <span id=\"cloak5951a61fabf36d2c399f13371448ee35\"><a href=\"mailto:emprendedoradelsol@sanjuan.gov.ar\">emprendedoradelsol@sanjuan.gov.ar<\/a><\/span><\/p>\n<p><strong><span style=\"color: #ff6600;\">Cronograma<\/span><\/strong><\/p>\n<ul>\n<li>Desde el Martes, 17 al Domingo, 29 de Septiembre, los municipios comienza a recibir los proyectos de las interesadas en consagrarse como la Emprendedora del Sol 2024. Deben ser mujeres de 18 a 65 a\u00f1os, adjuntar a su proyecto la fotocopia de DNI, constancia de inscripci\u00f3n a AFIP o declaraci\u00f3n jurada expresando voluntad de inscribirse. Sus proyectos deben indicar en qu\u00e9 invertir\u00edan los montos del premio en la instancia departamental y, adem\u00e1s, en qu\u00e9 invertir\u00edan el premio final de $5.000.000.<\/li>\n<li>Un comit\u00e9 en cada departamento tendr\u00e1 4 d\u00edas para evaluar los casos que se hayan presentado. Este comit\u00e9 estar\u00e1 integrado por personas que disponga el departamento y un\/a representante de UISJ y otro\/a del ministerio de Producci\u00f3n.<\/li>\n<li>El 4 de Octubre se anuncian los proyectos ganadores de cada municipio, con premios para el 1\u00ba y 2\u00ba puesto, siendo de $1.5000.000 y $800.000, respectivamente en cada comuna.<\/li>\n<li>Del 5 al 15 de Octubre se abre una instancia de difusi\u00f3n de los proyectos que obtuvieron el primer puesto departamental quienes ser\u00e1n las candidatas a competir por el premio final.<\/li>\n<li>Del 16 al 18 de Octubre, vendr\u00e1 la instancia del sponsor de Mina Veladero, donde las emprendedoras ser\u00e1n capacitadas por especialistas en distintas \u00e1reas afines a completar su perfil emprendedor.<\/li>\n<li>Del 19 al 30 de Octubre, se evaluar\u00e1n estos proyectos departamentales.<\/li>\n<li>Finalmente, en el marco de la FNS, se har\u00e1 el anuncio y entrega de premio a la Mujer Emprendedora de San Juan 2024.<\/li>\n<\/ul>\n<p><img loading=\"lazy\" decoding=\"async\" class=\"alignnone size-full wp-image-31907\" src=\"https:\/\/vocesparalelas.com.ar\/sitio\/wp-content\/uploads\/2020\/10\/VELADERO-04.jpg\" alt=\"\" width=\"800\" height=\"533\" srcset=\"https:\/\/vocesparalelas.com.ar\/sitio\/wp-content\/uploads\/2020\/10\/VELADERO-04.jpg 800w, https:\/\/vocesparalelas.com.ar\/sitio\/wp-content\/uploads\/2020\/10\/VELADERO-04-300x200.jpg 300w, https:\/\/vocesparalelas.com.ar\/sitio\/wp-content\/uploads\/2020\/10\/VELADERO-04-768x512.jpg 768w\" sizes=\"auto, (max-width: 800px) 100vw, 800px\" \/><\/p>\n<p>&nbsp;<\/p>\n","protected":false},"excerpt":{"rendered":"<p>En el marco de la Fiesta Nacional del Sol 2024 en San Juan, los 19 Municipalidades de los 19 Departamentos,<\/p>\n","protected":false},"author":3,"featured_media":75903,"comment_status":"closed","ping_status":"closed","sticky":false,"template":"","format":"standard","meta":{"_acf_changed":false,"_seopress_robots_primary_cat":"none","_seopress_titles_title":"","_seopress_titles_desc":"","_seopress_robots_index":"","colormag_page_container_layout":"default_layout","colormag_page_sidebar_layout":"default_layout","footnotes":""},"categories":[8],"tags":[],"class_list":["post-76865","post","type-post","status-publish","format-standard","has-post-thumbnail","hentry","category-concursos"],"acf":[],"_links":{"self":[{"href":"https:\/\/vocesparalelas.com.ar\/sitio\/wp-json\/wp\/v2\/posts\/76865","targetHints":{"allow":["GET"]}}],"collection":[{"href":"https:\/\/vocesparalelas.com.ar\/sitio\/wp-json\/wp\/v2\/posts"}],"about":[{"href":"https:\/\/vocesparalelas.com.ar\/sitio\/wp-json\/wp\/v2\/types\/post"}],"author":[{"embeddable":true,"href":"https:\/\/vocesparalelas.com.ar\/sitio\/wp-json\/wp\/v2\/users\/3"}],"replies":[{"embeddable":true,"href":"https:\/\/vocesparalelas.com.ar\/sitio\/wp-json\/wp\/v2\/comments?post=76865"}],"version-history":[{"count":2,"href":"https:\/\/vocesparalelas.com.ar\/sitio\/wp-json\/wp\/v2\/posts\/76865\/revisions"}],"predecessor-version":[{"id":76869,"href":"https:\/\/vocesparalelas.com.ar\/sitio\/wp-json\/wp\/v2\/posts\/76865\/revisions\/76869"}],"wp:featuredmedia":[{"embeddable":true,"href":"https:\/\/vocesparalelas.com.ar\/sitio\/wp-json\/wp\/v2\/media\/75903"}],"wp:attachment":[{"href":"https:\/\/vocesparalelas.com.ar\/sitio\/wp-json\/wp\/v2\/media?parent=76865"}],"wp:term":[{"taxonomy":"category","embeddable":true,"href":"https:\/\/vocesparalelas.com.ar\/sitio\/wp-json\/wp\/v2\/categories?post=76865"},{"taxonomy":"post_tag","embeddable":true,"href":"https:\/\/vocesparalelas.com.ar\/sitio\/wp-json\/wp\/v2\/tags?post=76865"}],"curies":[{"name":"wp","href":"https:\/\/api.w.org\/{rel}","templated":true}]}}