{"id":76856,"date":"2024-09-13T21:43:17","date_gmt":"2024-09-14T00:43:17","guid":{"rendered":"https:\/\/vocesparalelas.com.ar\/sitio\/?p=76856"},"modified":"2024-09-17T01:18:22","modified_gmt":"2024-09-17T04:18:22","slug":"alumnos-del-nivel-secundario-participaron-del-modelo-de-naciones-unidas-en-la-camara-de-diputados-de-san-juan","status":"publish","type":"post","link":"https:\/\/vocesparalelas.com.ar\/sitio\/alumnos-del-nivel-secundario-participaron-del-modelo-de-naciones-unidas-en-la-camara-de-diputados-de-san-juan\/","title":{"rendered":"Alumnos del Nivel Secundario participaron del Modelo de Naciones Unidas en la C\u00e1mara de Diputados de San Juan"},"content":{"rendered":"<p>El Viernes, 13 de Septiembre, en el recinto de sesiones de la C\u00e1mara de Diputados de San Juan se desarroll\u00f3 el debate \u00abLa garant\u00eda de cumplimiento de los derechos humanos en el contexto de los conflictos globales\u00bb; y en el Consejo de Seguridad, donde abordaron diferentes tem\u00e1ticas inherentes a problem\u00e1ticas como: conflicto Rusia-Ucrania, conflicto palestinos-israel\u00ed, situaci\u00f3n en Venezuela, conflicto Azerbaiy\u00e1n- Armenia y situaci\u00f3n en Afganist\u00e1n del Modelo de Naciones Unidas con la participaci\u00f3n de estudiantes de escuelas del nivel secundario de gesti\u00f3n estatal y privada.<\/p>\n<p>La actividad fue organizada por el Club de Ciencias Sociales del Gabinete de Investigaci\u00f3n del Instituto Preuniversitario de la UNSJ, Escuela Industrial Domingo Faustino Sarmiento.<\/p>\n<p>El acto de apertura fue presidida por el vicegobernador Dr. Fabi\u00e1n Mart\u00edn, los legisladores Dr. Juan Cruz C\u00f3rdoba y la Lic. Mar\u00eda Rita Lascano.<\/p>\n<p>Es importante recordar que fue declarada de inter\u00e9s Educativo por la C\u00e1mara de Diputados en la Octava Sesi\u00f3n del Periodo Ordinario.<\/p>\n<figure id=\"attachment_76860\" aria-describedby=\"caption-attachment-76860\" style=\"width: 800px\" class=\"wp-caption alignnone\"><img loading=\"lazy\" decoding=\"async\" class=\"size-full wp-image-76860\" src=\"https:\/\/vocesparalelas.com.ar\/sitio\/wp-content\/uploads\/2024\/09\/CDSJ-MODELO-02.jpg\" alt=\"\" width=\"800\" height=\"615\" srcset=\"https:\/\/vocesparalelas.com.ar\/sitio\/wp-content\/uploads\/2024\/09\/CDSJ-MODELO-02.jpg 800w, https:\/\/vocesparalelas.com.ar\/sitio\/wp-content\/uploads\/2024\/09\/CDSJ-MODELO-02-300x231.jpg 300w, https:\/\/vocesparalelas.com.ar\/sitio\/wp-content\/uploads\/2024\/09\/CDSJ-MODELO-02-768x590.jpg 768w\" sizes=\"auto, (max-width: 800px) 100vw, 800px\" \/><figcaption id=\"caption-attachment-76860\" class=\"wp-caption-text\">Los Diputados Dr. Juan Cruz C\u00f3rdoba y la Lic. Mar\u00eda Rita Lascano junto a la Directora de la EIDFS de la UNSJ, Lic Fernanda Rostagno<\/figcaption><\/figure>\n<p>Participaron tambi\u00e9n en el acto inaugural, la coordinadora del Club de Ciencias Sociales del Gabinete de Investigaci\u00f3n de la escuela Industrial, Prof. Alejandra Hermann; el director de Bibliotecas Populares y Actividades Literarias, Federico Caballero; de la directora de la escuela Industrial, Lic. Fernanda Rostagno; los directivos, docentes, alumnos y padres de las escuelas participantes.<\/p>\n<p>El Vicegobernador de San Juan, Dr. Fabi\u00e1n Mart\u00edn, manifest\u00f3 que \u201cpara mi es realmente es un honor poder recibirlos. Ustedes, los j\u00f3venes en su totalidad, son nuestro presente, son nuestro futuro. Yo tengo hijos de la edad de ustedes y uno apuesta a una generaci\u00f3n realmente brillante, porque hoy tenemos la inmensa posibilidad de tener acceso a la informaci\u00f3n, de ver r\u00e1pidamente con nuestros celulares cualquier tipo de informaci\u00f3n que podamos requerir. El celular siendo bien utilizado es muy bueno\u201d.<\/p>\n<p>\u00abSe crean las Leyes que regulan la vida de los habitantes de San Juan a lo largo de su historia. Donde est\u00e1n sentados cada uno de ustedes se ubican los 36 diputados elegidos por el pueblo de distintos partidos y sectores pol\u00edticos. Hay debates, hay acuerdos\u201d.<\/p>\n<p>\u201cMe parece fant\u00e1stico que puedan tener esta experiencia, me parece hermoso que vistan los atuendos de los pa\u00edses que representan, es muy importante que se hayan preparado. Han tenido que leer que idiosincrasia que tiene ese pa\u00eds, cu\u00e1l es su econom\u00eda, cu\u00e1les son sus intereses para poder debatir. Eso es muy positivo\u201d.<\/p>\n<p>\u00abLa Madre Teresa de Calcuta que pronunci\u00f3 en un encuentro de l\u00edderes de distintos sectores de diferentes pa\u00edses que se reunieron para tratar sobre las problem\u00e1ticas que ten\u00eda el mundo en aquel momento y planificar las posibles soluciones. Es as\u00ed, que la Madre Teresa de Calcuta enfatiz\u00f3 que \u201cyo no s\u00e9 nada de liderazgo, ni s\u00e9 nada sobre los cambios solo puedo decir que, si ustedes hacen las cosas con amor, la gente va a confiar en ustedes y si la gente conf\u00eda en ustedes, van a confiar en los cambios que ustedes proponen y entonces ah\u00ed los cambios van a ser posibles producirlos en el tiempo\u201d.<\/p>\n<p>\u201cLes deseo que tengan una bonita jornada, que la disfruten, que se imaginen que son representantes de los pa\u00edses sobre los que les toc\u00f3 disertar, que se pongan en la piel de esas personas que tienen que ir a luchar por los intereses de sus pa\u00edses, que puedan debatir, que puedan hacerlo con respeto, que puedan hacerlo con calidad. El debate es muy bueno, las personas siempre pensamos distinto, siempre en alg\u00fan tema pensamos distinto y tenemos que respetar a quienes piensan diferente. Y a trav\u00e9s del di\u00e1logo poder llegar a conclusiones a\u00fan pensando de manera diferentes. Este es el secreto un poquito de la vida, este es el secreto un poquito de la pol\u00edtica\u00bb sintetiz\u00f3 el Vicegobernador de San Juan, Dr. Fabi\u00e1n Mart\u00edn.<\/p>\n<p><strong><span style=\"color: #800080;\">\u00bfQu\u00e9 significa el Modelo de Naciones Unidas?<\/span><\/strong><\/p>\n<p><iframe loading=\"lazy\" title=\"Modelo de Naciones Unidas 2024 en la C\u00e1mara de Diputados\" width=\"800\" height=\"450\" src=\"https:\/\/www.youtube.com\/embed\/6PnsSDeVpS4?feature=oembed\" frameborder=\"0\" allow=\"accelerometer; autoplay; clipboard-write; encrypted-media; gyroscope; picture-in-picture; web-share\" referrerpolicy=\"strict-origin-when-cross-origin\" allowfullscreen><\/iframe><\/p>\n<p>&nbsp;<\/p>\n<p>Cabe se\u00f1alar que el proyecto del Modelo de Naciones Unida est\u00e1 destinado a estudiantes de escuelas de nivel secundario de gesti\u00f3n estatal y privada. La propuesta consiste que en los j\u00f3venes deben asumir el rol de diplom\u00e1tico del pa\u00eds asignado y debatir la tem\u00e1tica particular del Modelo desde esa perspectiva.<\/p>\n<p>En la oportunidad, la representaci\u00f3n se realiz\u00f3 sobre la Asamblea de Naciones Unidas; donde debatieron sobre \u00abLa garant\u00eda de cumplimiento de los derechos humanos en el contexto de los conflictos globales\u00bb; y en el Consejo de Seguridad, donde abordaron diferentes tem\u00e1ticas inherentes a problem\u00e1ticas como: conflicto Rusia-Ucrania, conflicto palestinos-israel\u00ed, situaci\u00f3n en Venezuela, conflicto Azerbaiy\u00e1n- Armenia y situaci\u00f3n en Afganist\u00e1n.<\/p>\n<p>Durante el proceso de participaci\u00f3n, los alumnos fueron preparados en tem\u00e1ticas de historia, geograf\u00eda, geopol\u00edtica y, principalmente, problem\u00e1ticas que afectan la realidad regional y mundial, manejo de estad\u00edsticas sociales, oratoria y argumentaci\u00f3n, para lo cual, estos eventos son una herramienta did\u00e1ctica, pedag\u00f3gica e innovadora, que permite la asimilaci\u00f3n, maduraci\u00f3n, e internalizaci\u00f3n de conceptos y pr\u00e1cticas de habilidades vinculados al \u00e1rea de las Ciencias Sociales, y un desaf\u00edo para desarrollar conductas ciudadanas.<\/p>\n<p>Los pa\u00edses que representaron en la ocasi\u00f3n fueron: Federaci\u00f3n Rusa, Egipto, Australia, Camer\u00fan, Colombia, Mozambique, Gab\u00f3n, Palestina, Pakist\u00e1n, Israel, Ir\u00e1n, Santa Sede, M\u00e9xico, Argentina, Armenia, Corea del Sur, Corea del Norte, India, Sud\u00e1frica, Sud\u00e1n del Sur, Reino Unido, Suiza, China, Eslovenia, Niger, Ecuador, Marrueco, Ghana, Afganist\u00e1n, Canad\u00e1, Espa\u00f1a, El Salvador, Indonesia, Turqula, Azerbaly\u00e1n, Congo, EEUU, Ucrania, Brasil, Jap\u00f3n, Emiratos \u00c1rabes, Italia, Rumania, Afganist\u00e1n y Yemen.<\/p>\n<p><span style=\"color: #800080;\"><strong>Alumnos de Escuelas participantes<\/strong><\/span><\/p>\n<ul>\n<li>Instituto Preuniversitario de la UNSJ, Escuela Industrial \u00abDomingo Faustino Sarmiento<\/li>\n<li>Instituto Preuniversitario de la UNSJ, Escuela de Comercio \u00abLibertador General San Martin\u00bb<\/li>\n<li>Instituto Preuniversitario de la UNSJ, Colegio Central Universitario \u00abDr. Mariano Moreno\u00bb<\/li>\n<li>Colegio \u00abDante Alighieri\u00bb<\/li>\n<li>Colegio San Pablo<\/li>\n<li>Colegio Santo Tom\u00e1s de Aquino<\/li>\n<li>Escuela\u00a0 \u00abIng. Enrique Mosconi\u00bb<\/li>\n<li>Escuela \u00abJulia Le\u00f3n\u00bb<\/li>\n<li>Escuela \u00abGeneral Martin Miguel de G\u00fcemes\u00bb<\/li>\n<li>Escuela \u00abBarrio Nuevo Cuyo\u00bb<\/li>\n<li>Escuela\u00a0 \u00abPascual Chena\u00bb<\/li>\n<li>Escuela \u00abJorge Washington\u00bb<\/li>\n<li>Colegio Nocturno Santa Mar\u00eda;<\/li>\n<li>Colegio Divina Misericordia<\/li>\n<li>Escuela Normal Superior \u00abGeneral San Martin\u00bb<\/li>\n<\/ul>\n<figure id=\"attachment_37951\" aria-describedby=\"caption-attachment-37951\" style=\"width: 800px\" class=\"wp-caption alignnone\"><img loading=\"lazy\" decoding=\"async\" class=\"size-full wp-image-37951\" src=\"https:\/\/vocesparalelas.com.ar\/sitio\/wp-content\/uploads\/2021\/05\/CAMARA-EDIFICIO.jpg\" alt=\"\" width=\"800\" height=\"515\" srcset=\"https:\/\/vocesparalelas.com.ar\/sitio\/wp-content\/uploads\/2021\/05\/CAMARA-EDIFICIO.jpg 800w, https:\/\/vocesparalelas.com.ar\/sitio\/wp-content\/uploads\/2021\/05\/CAMARA-EDIFICIO-300x193.jpg 300w, https:\/\/vocesparalelas.com.ar\/sitio\/wp-content\/uploads\/2021\/05\/CAMARA-EDIFICIO-768x494.jpg 768w\" sizes=\"auto, (max-width: 800px) 100vw, 800px\" \/><figcaption id=\"caption-attachment-37951\" class=\"wp-caption-text\">Legislatura Provincial de San Juan, Rep\u00fablica Argentina<\/figcaption><\/figure>\n<p>&nbsp;<\/p>\n<p>&nbsp;<\/p>\n","protected":false},"excerpt":{"rendered":"<p>El Viernes, 13 de Septiembre, en el recinto de sesiones de la C\u00e1mara de Diputados de San Juan se desarroll\u00f3<\/p>\n","protected":false},"author":3,"featured_media":76859,"comment_status":"closed","ping_status":"closed","sticky":false,"template":"","format":"standard","meta":{"_acf_changed":false,"_seopress_robots_primary_cat":"none","_seopress_titles_title":"","_seopress_titles_desc":"","_seopress_robots_index":"","colormag_page_container_layout":"default_layout","colormag_page_sidebar_layout":"default_layout","footnotes":""},"categories":[5,7],"tags":[],"class_list":["post-76856","post","type-post","status-publish","format-standard","has-post-thumbnail","hentry","category-ofrecimientos","category-videos"],"acf":[],"_links":{"self":[{"href":"https:\/\/vocesparalelas.com.ar\/sitio\/wp-json\/wp\/v2\/posts\/76856","targetHints":{"allow":["GET"]}}],"collection":[{"href":"https:\/\/vocesparalelas.com.ar\/sitio\/wp-json\/wp\/v2\/posts"}],"about":[{"href":"https:\/\/vocesparalelas.com.ar\/sitio\/wp-json\/wp\/v2\/types\/post"}],"author":[{"embeddable":true,"href":"https:\/\/vocesparalelas.com.ar\/sitio\/wp-json\/wp\/v2\/users\/3"}],"replies":[{"embeddable":true,"href":"https:\/\/vocesparalelas.com.ar\/sitio\/wp-json\/wp\/v2\/comments?post=76856"}],"version-history":[{"count":1,"href":"https:\/\/vocesparalelas.com.ar\/sitio\/wp-json\/wp\/v2\/posts\/76856\/revisions"}],"predecessor-version":[{"id":76861,"href":"https:\/\/vocesparalelas.com.ar\/sitio\/wp-json\/wp\/v2\/posts\/76856\/revisions\/76861"}],"wp:featuredmedia":[{"embeddable":true,"href":"https:\/\/vocesparalelas.com.ar\/sitio\/wp-json\/wp\/v2\/media\/76859"}],"wp:attachment":[{"href":"https:\/\/vocesparalelas.com.ar\/sitio\/wp-json\/wp\/v2\/media?parent=76856"}],"wp:term":[{"taxonomy":"category","embeddable":true,"href":"https:\/\/vocesparalelas.com.ar\/sitio\/wp-json\/wp\/v2\/categories?post=76856"},{"taxonomy":"post_tag","embeddable":true,"href":"https:\/\/vocesparalelas.com.ar\/sitio\/wp-json\/wp\/v2\/tags?post=76856"}],"curies":[{"name":"wp","href":"https:\/\/api.w.org\/{rel}","templated":true}]}}