{"id":76852,"date":"2024-09-13T19:37:48","date_gmt":"2024-09-13T22:37:48","guid":{"rendered":"https:\/\/vocesparalelas.com.ar\/sitio\/?p=76852"},"modified":"2024-09-16T19:59:06","modified_gmt":"2024-09-16T22:59:06","slug":"montos-de-multas-por-infracciones-de-transito-en-san-juan","status":"publish","type":"post","link":"https:\/\/vocesparalelas.com.ar\/sitio\/montos-de-multas-por-infracciones-de-transito-en-san-juan\/","title":{"rendered":"Montos de multas por infracciones de tr\u00e1nsito en San Juan"},"content":{"rendered":"<p>El Ministerio de Gobierno de San Juan, a trav\u00e9s de la Secretar\u00eda de Gobierno, Justicia y DDHH, repartici\u00f3n de quien dependen los Juzgados de Falta, 1\u00b0, 2\u00b0 y 3\u00b0, detall\u00f3 los montos de multa por infracciones de tr\u00e1nsito por parte de los conductores de veh\u00edculos distintos portes.<\/p>\n<p><strong><span style=\"color: #ff0000;\">Falta de licencia de conducir<\/span><\/strong><\/p>\n<ul>\n<li>Moto: 100UF &#8211; $137.600<\/li>\n<li>Auto: 250 UF &#8211; $334.000<\/li>\n<li>Camioneta: 250 UF &#8211; $334.000<\/li>\n<li>Camiones: 300 UF &#8211; $412.800<\/li>\n<li>Transporte P\u00fablico: 300 UF &#8211; $412.800<\/li>\n<\/ul>\n<p><strong><span style=\"color: #ff0000;\">Conducir en estado de ebriedad<\/span><\/strong><\/p>\n<ul>\n<li>Moto: 150UF &#8211; $206.400<\/li>\n<li>Auto: 250 UF &#8211; $334.000<\/li>\n<li>Camioneta: 250 UF &#8211; $334.000<\/li>\n<li>Camiones: 300 UF &#8211; $412.800<\/li>\n<li>Transporte P\u00fablico: 300 UF &#8211; $412.800<\/li>\n<li>Negarse a la aplicaci\u00f3n del control del alcohol en sangre: $150UF $206.400<\/li>\n<\/ul>\n<p><strong><span style=\"color: #ff0000;\">Otros<\/span><\/strong><\/p>\n<ul>\n<li>Falta de Revisi\u00f3n T\u00e9cnica Obligatoria: 250UF $334.000<\/li>\n<li>Falta de colocaci\u00f3n de cintur\u00f3n de seguridad: 150UF $206.400<\/li>\n<li>Falta de casco protector y\/o colocaci\u00f3n: 150UF $206.400<\/li>\n<li>Falta de seguro obligatorio: 200UF $275.200<\/li>\n<li>Falta de tarjeta de identificaci\u00f3n del veh\u00edculo: 150UF $206.400<\/li>\n<li>Cruzar sem\u00e1foro en rojo: 250UF $334.000<\/li>\n<li>Estacionar en doble fila: 50UF $68.800<\/li>\n<li>Conducir usando tel\u00e9fono celular: 50UF $68.800<\/li>\n<li>No asir el volante con ambas manos: 50UF $68.800<\/li>\n<li>Falta de chaleco reflectario: 100UF &#8211; $137.600<\/li>\n<\/ul>\n<p><img loading=\"lazy\" decoding=\"async\" class=\"alignnone size-large wp-image-1815\" src=\"https:\/\/vocesparalelas.com.ar\/sitio\/wp-content\/uploads\/2017\/06\/SAN-JUAN-CIUDAD-01-7-800x531.jpg\" alt=\"\" width=\"800\" height=\"531\" srcset=\"https:\/\/vocesparalelas.com.ar\/sitio\/wp-content\/uploads\/2017\/06\/SAN-JUAN-CIUDAD-01-7.jpg 800w, https:\/\/vocesparalelas.com.ar\/sitio\/wp-content\/uploads\/2017\/06\/SAN-JUAN-CIUDAD-01-7-300x199.jpg 300w, https:\/\/vocesparalelas.com.ar\/sitio\/wp-content\/uploads\/2017\/06\/SAN-JUAN-CIUDAD-01-7-768x510.jpg 768w\" sizes=\"auto, (max-width: 800px) 100vw, 800px\" \/><\/p>\n","protected":false},"excerpt":{"rendered":"<p>El Ministerio de Gobierno de San Juan, a trav\u00e9s de la Secretar\u00eda de Gobierno, Justicia y DDHH, repartici\u00f3n de quien<\/p>\n","protected":false},"author":3,"featured_media":26040,"comment_status":"closed","ping_status":"closed","sticky":false,"template":"","format":"standard","meta":{"_acf_changed":false,"_seopress_robots_primary_cat":"none","_seopress_titles_title":"","_seopress_titles_desc":"","_seopress_robots_index":"","colormag_page_container_layout":"default_layout","colormag_page_sidebar_layout":"default_layout","footnotes":""},"categories":[6],"tags":[],"class_list":["post-76852","post","type-post","status-publish","format-standard","has-post-thumbnail","hentry","category-eventos"],"acf":[],"_links":{"self":[{"href":"https:\/\/vocesparalelas.com.ar\/sitio\/wp-json\/wp\/v2\/posts\/76852","targetHints":{"allow":["GET"]}}],"collection":[{"href":"https:\/\/vocesparalelas.com.ar\/sitio\/wp-json\/wp\/v2\/posts"}],"about":[{"href":"https:\/\/vocesparalelas.com.ar\/sitio\/wp-json\/wp\/v2\/types\/post"}],"author":[{"embeddable":true,"href":"https:\/\/vocesparalelas.com.ar\/sitio\/wp-json\/wp\/v2\/users\/3"}],"replies":[{"embeddable":true,"href":"https:\/\/vocesparalelas.com.ar\/sitio\/wp-json\/wp\/v2\/comments?post=76852"}],"version-history":[{"count":1,"href":"https:\/\/vocesparalelas.com.ar\/sitio\/wp-json\/wp\/v2\/posts\/76852\/revisions"}],"predecessor-version":[{"id":76855,"href":"https:\/\/vocesparalelas.com.ar\/sitio\/wp-json\/wp\/v2\/posts\/76852\/revisions\/76855"}],"wp:featuredmedia":[{"embeddable":true,"href":"https:\/\/vocesparalelas.com.ar\/sitio\/wp-json\/wp\/v2\/media\/26040"}],"wp:attachment":[{"href":"https:\/\/vocesparalelas.com.ar\/sitio\/wp-json\/wp\/v2\/media?parent=76852"}],"wp:term":[{"taxonomy":"category","embeddable":true,"href":"https:\/\/vocesparalelas.com.ar\/sitio\/wp-json\/wp\/v2\/categories?post=76852"},{"taxonomy":"post_tag","embeddable":true,"href":"https:\/\/vocesparalelas.com.ar\/sitio\/wp-json\/wp\/v2\/tags?post=76852"}],"curies":[{"name":"wp","href":"https:\/\/api.w.org\/{rel}","templated":true}]}}