{"id":76841,"date":"2024-09-12T18:26:30","date_gmt":"2024-09-12T21:26:30","guid":{"rendered":"https:\/\/vocesparalelas.com.ar\/sitio\/?p=76841"},"modified":"2024-09-13T19:42:15","modified_gmt":"2024-09-13T22:42:15","slug":"el-anime-y-el-modelismo-llega-al-centro-cultural-conte-grand","status":"publish","type":"post","link":"https:\/\/vocesparalelas.com.ar\/sitio\/el-anime-y-el-modelismo-llega-al-centro-cultural-conte-grand\/","title":{"rendered":"El anim\u00e9 y el modelismo llega al Centro Cultural Conte Grand"},"content":{"rendered":"<p>El 13 y 14 de septiembre, el Centro Cultural Conte Grand ser\u00e1 el escenario de una celebraci\u00f3n sin igual para los entusiastas del anim\u00e9 y el modelismo. El 6\u00b0 Concurso Regional de Modelismo Est\u00e1tico, organizado por el grupo ACME, promete transformar el espacio en un punto de encuentro vibrante y lleno de creatividad.<\/p>\n<p>Durante estos dos d\u00edas, los asistentes tienen la oportunidad de admirar una impresionante exhibici\u00f3n de maquetas, bustos y coleccionismo. Adem\u00e1s, New Destiny animar\u00e1 el evento con un espect\u00e1culo de baile urbano y K-pop que captar\u00e1 la atenci\u00f3n de todos. La cultura japonesa se har\u00e1 presente a trav\u00e9s de la degustaci\u00f3n de t\u00e9 matcha y la pr\u00e1ctica del shodo, la caligraf\u00eda japonesa, ofreciendo una inmersi\u00f3n cultural completa<\/p>\n<p>El evento tambi\u00e9n cuenta con un emocionante concurso de Cosplay Performance, donde los participantes podr\u00e1n mostrar su habilidad y creatividad en la interpretaci\u00f3n de sus personajes favoritos, con premios en efectivo para los ganadores. Adem\u00e1s, habr\u00e1 charlas, talleres y sorteos para que los asistentes disfruten de una experiencia enriquecedora y gratuita.<\/p>\n<p>El evento comienza el Viernes, 13 de Septiembre a partir de las 16 hs hasta las 21 hs, para continuar el S\u00e1bado, 16 de Septiembre, a las 15 hs hasta las 21hs en Centro Cultural Conte Grand, San Luis 701 Oeste, Capital, con entrada libre y gratuita.<\/p>\n<p>&nbsp;<\/p>\n<p>&nbsp;<\/p>\n","protected":false},"excerpt":{"rendered":"<p>El 13 y 14 de septiembre, el Centro Cultural Conte Grand ser\u00e1 el escenario de una celebraci\u00f3n sin igual para<\/p>\n","protected":false},"author":3,"featured_media":22523,"comment_status":"closed","ping_status":"closed","sticky":false,"template":"","format":"standard","meta":{"_acf_changed":false,"_seopress_robots_primary_cat":"none","_seopress_titles_title":"","_seopress_titles_desc":"","_seopress_robots_index":"","colormag_page_container_layout":"default_layout","colormag_page_sidebar_layout":"default_layout","footnotes":""},"categories":[20],"tags":[],"class_list":["post-76841","post","type-post","status-publish","format-standard","has-post-thumbnail","hentry","category-cartelera"],"acf":[],"_links":{"self":[{"href":"https:\/\/vocesparalelas.com.ar\/sitio\/wp-json\/wp\/v2\/posts\/76841","targetHints":{"allow":["GET"]}}],"collection":[{"href":"https:\/\/vocesparalelas.com.ar\/sitio\/wp-json\/wp\/v2\/posts"}],"about":[{"href":"https:\/\/vocesparalelas.com.ar\/sitio\/wp-json\/wp\/v2\/types\/post"}],"author":[{"embeddable":true,"href":"https:\/\/vocesparalelas.com.ar\/sitio\/wp-json\/wp\/v2\/users\/3"}],"replies":[{"embeddable":true,"href":"https:\/\/vocesparalelas.com.ar\/sitio\/wp-json\/wp\/v2\/comments?post=76841"}],"version-history":[{"count":1,"href":"https:\/\/vocesparalelas.com.ar\/sitio\/wp-json\/wp\/v2\/posts\/76841\/revisions"}],"predecessor-version":[{"id":76844,"href":"https:\/\/vocesparalelas.com.ar\/sitio\/wp-json\/wp\/v2\/posts\/76841\/revisions\/76844"}],"wp:featuredmedia":[{"embeddable":true,"href":"https:\/\/vocesparalelas.com.ar\/sitio\/wp-json\/wp\/v2\/media\/22523"}],"wp:attachment":[{"href":"https:\/\/vocesparalelas.com.ar\/sitio\/wp-json\/wp\/v2\/media?parent=76841"}],"wp:term":[{"taxonomy":"category","embeddable":true,"href":"https:\/\/vocesparalelas.com.ar\/sitio\/wp-json\/wp\/v2\/categories?post=76841"},{"taxonomy":"post_tag","embeddable":true,"href":"https:\/\/vocesparalelas.com.ar\/sitio\/wp-json\/wp\/v2\/tags?post=76841"}],"curies":[{"name":"wp","href":"https:\/\/api.w.org\/{rel}","templated":true}]}}