{"id":76835,"date":"2024-09-12T22:20:59","date_gmt":"2024-09-13T01:20:59","guid":{"rendered":"https:\/\/vocesparalelas.com.ar\/sitio\/?p=76835"},"modified":"2024-09-14T00:37:47","modified_gmt":"2024-09-14T03:37:47","slug":"es-necesario-fortalecer-y-defender-el-financiamiento-universitario","status":"publish","type":"post","link":"https:\/\/vocesparalelas.com.ar\/sitio\/es-necesario-fortalecer-y-defender-el-financiamiento-universitario\/","title":{"rendered":"Es necesario fortalecer y defender el financiamiento universitario"},"content":{"rendered":"<p>La Facultad de Arquitectura, Urbanismo y Dise\u00f1o de la Universidad Nacional de San Juan sigue trabajando a pesar de la situaci\u00f3n econ\u00f3mica fortaleciendo la educaci\u00f3n universitaria con el nivel acad\u00e9mica buscando los lazos con otras instituciones para estar al servicio de la sociedad de San Juan.<\/p>\n<p>Por ello, Voces Paralelas desarroll\u00f3 una entrevista period\u00edstica al Decano de la FAUD de la UNSJ, Arq. Guillermo Velasco, quien explic\u00f3 el trabajo que se viene desarrollando desde lo acad\u00e9mico y la gran preocupaci\u00f3n de los sueldos de los docentes y no docentes universitarios que est\u00e1n por debajo de la l\u00ednea de pobreza. Espera que tomen conciencia los legisladores para que fortalezcan y defiendan un financiamiento universitario donde se pueda recuperar varios aspecto que se est\u00e1n deteriorando dentro de la Universidad Nacional.<\/p>\n<p>&nbsp;<\/p>\n<p><iframe loading=\"lazy\" title=\"FAUD UNSJ DECANO ARQ. GUILLERMO VELASCO\" width=\"800\" height=\"450\" src=\"https:\/\/www.youtube.com\/embed\/MNi7RerFlIA?feature=oembed\" frameborder=\"0\" allow=\"accelerometer; autoplay; clipboard-write; encrypted-media; gyroscope; picture-in-picture; web-share\" referrerpolicy=\"strict-origin-when-cross-origin\" allowfullscreen><\/iframe><\/p>\n<p>&nbsp;<\/p>\n<p>&nbsp;<\/p>\n<figure id=\"attachment_59382\" aria-describedby=\"caption-attachment-59382\" style=\"width: 800px\" class=\"wp-caption alignnone\"><img loading=\"lazy\" decoding=\"async\" class=\"size-full wp-image-59382\" src=\"https:\/\/vocesparalelas.com.ar\/sitio\/wp-content\/uploads\/2023\/05\/FAUD-EDIFICIO-01.jpg\" alt=\"\" width=\"800\" height=\"600\" srcset=\"https:\/\/vocesparalelas.com.ar\/sitio\/wp-content\/uploads\/2023\/05\/FAUD-EDIFICIO-01.jpg 800w, https:\/\/vocesparalelas.com.ar\/sitio\/wp-content\/uploads\/2023\/05\/FAUD-EDIFICIO-01-300x225.jpg 300w, https:\/\/vocesparalelas.com.ar\/sitio\/wp-content\/uploads\/2023\/05\/FAUD-EDIFICIO-01-768x576.jpg 768w\" sizes=\"auto, (max-width: 800px) 100vw, 800px\" \/><figcaption id=\"caption-attachment-59382\" class=\"wp-caption-text\">Facultad de Arquitectura, Urbanismo y Dise\u00f1o de la Universidad Nacional de San Juan, Rep\u00fablica Argentina<\/figcaption><\/figure>\n","protected":false},"excerpt":{"rendered":"<p>La Facultad de Arquitectura, Urbanismo y Dise\u00f1o de la Universidad Nacional de San Juan sigue trabajando a pesar de la<\/p>\n","protected":false},"author":3,"featured_media":76839,"comment_status":"closed","ping_status":"closed","sticky":false,"template":"","format":"standard","meta":{"_acf_changed":false,"_seopress_robots_primary_cat":"none","_seopress_titles_title":"","_seopress_titles_desc":"","_seopress_robots_index":"","colormag_page_container_layout":"default_layout","colormag_page_sidebar_layout":"default_layout","footnotes":""},"categories":[10,7],"tags":[],"class_list":["post-76835","post","type-post","status-publish","format-standard","has-post-thumbnail","hentry","category-opiniones","category-videos"],"acf":[],"_links":{"self":[{"href":"https:\/\/vocesparalelas.com.ar\/sitio\/wp-json\/wp\/v2\/posts\/76835","targetHints":{"allow":["GET"]}}],"collection":[{"href":"https:\/\/vocesparalelas.com.ar\/sitio\/wp-json\/wp\/v2\/posts"}],"about":[{"href":"https:\/\/vocesparalelas.com.ar\/sitio\/wp-json\/wp\/v2\/types\/post"}],"author":[{"embeddable":true,"href":"https:\/\/vocesparalelas.com.ar\/sitio\/wp-json\/wp\/v2\/users\/3"}],"replies":[{"embeddable":true,"href":"https:\/\/vocesparalelas.com.ar\/sitio\/wp-json\/wp\/v2\/comments?post=76835"}],"version-history":[{"count":1,"href":"https:\/\/vocesparalelas.com.ar\/sitio\/wp-json\/wp\/v2\/posts\/76835\/revisions"}],"predecessor-version":[{"id":76840,"href":"https:\/\/vocesparalelas.com.ar\/sitio\/wp-json\/wp\/v2\/posts\/76835\/revisions\/76840"}],"wp:featuredmedia":[{"embeddable":true,"href":"https:\/\/vocesparalelas.com.ar\/sitio\/wp-json\/wp\/v2\/media\/76839"}],"wp:attachment":[{"href":"https:\/\/vocesparalelas.com.ar\/sitio\/wp-json\/wp\/v2\/media?parent=76835"}],"wp:term":[{"taxonomy":"category","embeddable":true,"href":"https:\/\/vocesparalelas.com.ar\/sitio\/wp-json\/wp\/v2\/categories?post=76835"},{"taxonomy":"post_tag","embeddable":true,"href":"https:\/\/vocesparalelas.com.ar\/sitio\/wp-json\/wp\/v2\/tags?post=76835"}],"curies":[{"name":"wp","href":"https:\/\/api.w.org\/{rel}","templated":true}]}}