{"id":76822,"date":"2024-09-12T23:38:54","date_gmt":"2024-09-13T02:38:54","guid":{"rendered":"https:\/\/vocesparalelas.com.ar\/sitio\/?p=76822"},"modified":"2024-09-14T12:09:53","modified_gmt":"2024-09-14T15:09:53","slug":"bendicion-del-nuevo-santuario-filial-de-schoenstatt-en-san-juan","status":"publish","type":"post","link":"https:\/\/vocesparalelas.com.ar\/sitio\/bendicion-del-nuevo-santuario-filial-de-schoenstatt-en-san-juan\/","title":{"rendered":"Bendici\u00f3n del nuevo Santuario Filial de Schoenstatt en San Juan"},"content":{"rendered":"<p>En el Arzobispado, el\u00a0Padre Guillermo Carmona, el Padre Jonatan Felix, Beatriz Fonzalida y Guillermo Mercado ofrecieron una conferencia de prensa para informar sobre un acontecimiento religioso que se desarrolla en San Juan que es la Bendici\u00f3n del nuevo Santuario Filial de Schoenstatt.<\/p>\n<p><img loading=\"lazy\" decoding=\"async\" class=\"alignnone size-large wp-image-76829\" src=\"https:\/\/vocesparalelas.com.ar\/sitio\/wp-content\/uploads\/2024\/09\/SANTUARIO-02-780x800.jpg\" alt=\"\" width=\"780\" height=\"800\" srcset=\"https:\/\/vocesparalelas.com.ar\/sitio\/wp-content\/uploads\/2024\/09\/SANTUARIO-02-780x800.jpg 780w, https:\/\/vocesparalelas.com.ar\/sitio\/wp-content\/uploads\/2024\/09\/SANTUARIO-02-292x300.jpg 292w, https:\/\/vocesparalelas.com.ar\/sitio\/wp-content\/uploads\/2024\/09\/SANTUARIO-02-768x788.jpg 768w, https:\/\/vocesparalelas.com.ar\/sitio\/wp-content\/uploads\/2024\/09\/SANTUARIO-02.jpg 800w\" sizes=\"auto, (max-width: 780px) 100vw, 780px\" \/><\/p>\n<p>Es as\u00ed que el Padre Guillermo Carmona hizo una recorrido hist\u00f3rico sobre como la Familia de Schoenstatt llega a San Juan y siempre en la b\u00fasqueda de la Luz expresada en diferentes actividades creativas y con la ilusi\u00f3n de poder concretar el Santuario para este lugar bello.<\/p>\n<p><iframe loading=\"lazy\" title=\"SAN JUAN SANTUARIO SCHOENSTATT\" width=\"800\" height=\"450\" src=\"https:\/\/www.youtube.com\/embed\/UvCkkDNeh28?feature=oembed\" frameborder=\"0\" allow=\"accelerometer; autoplay; clipboard-write; encrypted-media; gyroscope; picture-in-picture; web-share\" referrerpolicy=\"strict-origin-when-cross-origin\" allowfullscreen><\/iframe><\/p>\n<p>Luego, el Padre Jonatan F\u00e9lix present\u00f3 el programa que se desarrolla durante el Viernes, 13; el S\u00e1bado, 14 y el Domingo, 15 de Septiembre e invit\u00f3 a la familia a participar.<\/p>\n<p><iframe loading=\"lazy\" title=\"SAN JUAN SANTUARIO SCHOENSTATT\" width=\"800\" height=\"450\" src=\"https:\/\/www.youtube.com\/embed\/izPkUPRvJ_M?feature=oembed\" frameborder=\"0\" allow=\"accelerometer; autoplay; clipboard-write; encrypted-media; gyroscope; picture-in-picture; web-share\" referrerpolicy=\"strict-origin-when-cross-origin\" allowfullscreen><\/iframe><\/p>\n<p>&nbsp;<\/p>\n<p><strong><span style=\"color: #ff6600;\">Otros Datos<\/span><\/strong><\/p>\n<p>&nbsp;<\/p>\n<p>&nbsp;<\/p>\n<ul>\n<li>La ceremonia de bendici\u00f3n ser\u00e1 presidida por Monse\u00f1or Jorge Lozano, Arzobispo de San<br \/>\nJuan de Cuyo, quien estar\u00e1 acompa\u00f1ado por 30 sacerdotes de San Juan y de todo el<br \/>\npa\u00eds<\/li>\n<li>La Familia de Schoenstatt ha estado presente en la provincia durante 46 a\u00f1os, trabajando incansablemente para alcanzar el sue\u00f1o de tener su propio Santuario, que se hace realidad este 15 de septiembre<\/li>\n<li>Este ser\u00e1 el primer Santuario del milenio en Cuyo. Segundo en la regi\u00f3n despu\u00e9s de Mendoza, bendecido en 1980.<\/li>\n<li>Se espera la llegada de m\u00e1s de 5.000 peregrinos provenientes de distintas partes del mundo: J\u00f3venes, adultos, familias, sacerdotes y religiosas.<\/li>\n<li>El Santuario de San Juan es el 23 en Argentina, sum\u00e1ndose a la red de Santuarios en distintas provincias.<\/li>\n<li>El 30 de Mayo de 2024, la C\u00e1mara de Diputados de San Juan declar\u00f3 de inter\u00e9s social la Bendici\u00f3n del Santuario de Schoenstatt en San Juan. Con resoluci\u00f3n N\u00b042-2024.<\/li>\n<\/ul>\n<p><img loading=\"lazy\" decoding=\"async\" class=\"alignnone size-full wp-image-76826\" src=\"https:\/\/vocesparalelas.com.ar\/sitio\/wp-content\/uploads\/2024\/09\/ARZOBISPADO-02.jpg\" alt=\"\" width=\"800\" height=\"533\" srcset=\"https:\/\/vocesparalelas.com.ar\/sitio\/wp-content\/uploads\/2024\/09\/ARZOBISPADO-02.jpg 800w, https:\/\/vocesparalelas.com.ar\/sitio\/wp-content\/uploads\/2024\/09\/ARZOBISPADO-02-300x200.jpg 300w, https:\/\/vocesparalelas.com.ar\/sitio\/wp-content\/uploads\/2024\/09\/ARZOBISPADO-02-768x512.jpg 768w\" sizes=\"auto, (max-width: 800px) 100vw, 800px\" \/><\/p>\n<p><strong><span style=\"color: #ff6600;\">Programa de la Bendici\u00f3n del Santuario Schoenstatt San Juan<\/span><\/strong><\/p>\n<p><strong><span style=\"color: #ff6600;\">Viernes 13 de septiembre<\/span><\/strong><\/p>\n<ul>\n<li>15:30 hs: Peregrinaci\u00f3n Juvenil al Santuario. Lugar de partida: Parroquia Ntra. Sra. de la Merced. Lugar de llegada (18 hs) : Santuario de Schoenstatt<\/li>\n<li>20:00 hs: Santa Misa<\/li>\n<li>21:00 hs: Espect\u00e1culo Art\u00edstico<\/li>\n<\/ul>\n<p><strong><span style=\"color: #ff6600;\">S\u00e1bado 14 de septiembre<\/span><\/strong><\/p>\n<ul>\n<li>15:30 hs: Acto de Recambio del Cuadro de Ntra. Sra. de Schoenstatt en Parroquia Ntra. Sra. de la Merced<\/li>\n<li>16:30 hs: Caravana de Autos con el Cuadro de la Mater<\/li>\n<li>18:00 hs: Llegada del cuadro al Santuario Filial.<\/li>\n<li>18:30 hs: Santa Misa<\/li>\n<li>21:00 hs: Espect\u00e1culo Art\u00edstico Cultural<\/li>\n<\/ul>\n<p><strong><span style=\"color: #ff6600;\">Domingo 15 de septiembre<\/span><\/strong><\/p>\n<ul>\n<li>10:00 hs: Solemne Misa de Bendici\u00f3n del Nuevo Santuario Filial de Schoenstatt. Lugar: Santuario de Schoenstatt Dr. Guti\u00e9rrez 8468, Localidad Alto de Sierra, Departamento Santa Luc\u00eda<\/li>\n<\/ul>\n<p>&nbsp;<\/p>\n<p><img loading=\"lazy\" decoding=\"async\" class=\"alignnone size-full wp-image-76827\" src=\"https:\/\/vocesparalelas.com.ar\/sitio\/wp-content\/uploads\/2024\/09\/ARZOBISPADO-03.jpg\" alt=\"\" width=\"800\" height=\"533\" srcset=\"https:\/\/vocesparalelas.com.ar\/sitio\/wp-content\/uploads\/2024\/09\/ARZOBISPADO-03.jpg 800w, https:\/\/vocesparalelas.com.ar\/sitio\/wp-content\/uploads\/2024\/09\/ARZOBISPADO-03-300x200.jpg 300w, https:\/\/vocesparalelas.com.ar\/sitio\/wp-content\/uploads\/2024\/09\/ARZOBISPADO-03-768x512.jpg 768w\" sizes=\"auto, (max-width: 800px) 100vw, 800px\" \/><\/p>\n<p><span style=\"color: #ff6600;\"><strong>Sobre el Movimiento Schoenstatt<\/strong><\/span><\/p>\n<p>Schoenstatt es un movimiento apost\u00f3lico dentro de la Iglesia Cat\u00f3lica que busca formar personalidades cristianas para el apostolado en la vida civil. Naci\u00f3 el 18 de octubre de 1914 cuando el Padre Jos\u00e9 Kentenich y un grupo de j\u00f3venes sellaron la Alianza de Amor con Mar\u00eda, pidi\u00e9ndole que se estableciera en el Santuario de Schoenstatt, un lugar de profundas gracias y transformaci\u00f3n interior.<\/p>\n<p>La historia del Movimiento en San Juan comenz\u00f3 en los a\u00f1os 70 con la llegada de la Campa\u00f1a del Rosario y la Juventud Femenina. A lo largo de los a\u00f1os, se formaron diversas comunidades y grupos apost\u00f3licos que han contribuido al crecimiento del Movimiento en la provincia. Tras a\u00f1os de oraci\u00f3n y esfuerzo, finalmente el terreno fue donado y se construy\u00f3 el Santuario.<\/p>\n<p><img loading=\"lazy\" decoding=\"async\" class=\"alignnone size-full wp-image-76828\" src=\"https:\/\/vocesparalelas.com.ar\/sitio\/wp-content\/uploads\/2024\/09\/SANTUARIO-01.jpg\" alt=\"\" width=\"800\" height=\"641\" srcset=\"https:\/\/vocesparalelas.com.ar\/sitio\/wp-content\/uploads\/2024\/09\/SANTUARIO-01.jpg 800w, https:\/\/vocesparalelas.com.ar\/sitio\/wp-content\/uploads\/2024\/09\/SANTUARIO-01-300x240.jpg 300w, https:\/\/vocesparalelas.com.ar\/sitio\/wp-content\/uploads\/2024\/09\/SANTUARIO-01-768x615.jpg 768w\" sizes=\"auto, (max-width: 800px) 100vw, 800px\" \/><\/p>\n<p>&nbsp;<\/p>\n<p><img loading=\"lazy\" decoding=\"async\" class=\"alignnone size-full wp-image-61416\" src=\"https:\/\/vocesparalelas.com.ar\/sitio\/wp-content\/uploads\/2023\/07\/ARZOBISPADO-EDIFICIO.jpg\" alt=\"\" width=\"800\" height=\"600\" srcset=\"https:\/\/vocesparalelas.com.ar\/sitio\/wp-content\/uploads\/2023\/07\/ARZOBISPADO-EDIFICIO.jpg 800w, https:\/\/vocesparalelas.com.ar\/sitio\/wp-content\/uploads\/2023\/07\/ARZOBISPADO-EDIFICIO-300x225.jpg 300w, https:\/\/vocesparalelas.com.ar\/sitio\/wp-content\/uploads\/2023\/07\/ARZOBISPADO-EDIFICIO-768x576.jpg 768w\" sizes=\"auto, (max-width: 800px) 100vw, 800px\" \/><\/p>\n","protected":false},"excerpt":{"rendered":"<p>En el Arzobispado, el\u00a0Padre Guillermo Carmona, el Padre Jonatan Felix, Beatriz Fonzalida y Guillermo Mercado ofrecieron una conferencia de prensa<\/p>\n","protected":false},"author":3,"featured_media":76825,"comment_status":"closed","ping_status":"closed","sticky":false,"template":"","format":"standard","meta":{"_acf_changed":false,"_seopress_robots_primary_cat":"none","_seopress_titles_title":"","_seopress_titles_desc":"","_seopress_robots_index":"","colormag_page_container_layout":"default_layout","colormag_page_sidebar_layout":"default_layout","footnotes":""},"categories":[6,7],"tags":[],"class_list":["post-76822","post","type-post","status-publish","format-standard","has-post-thumbnail","hentry","category-eventos","category-videos"],"acf":[],"_links":{"self":[{"href":"https:\/\/vocesparalelas.com.ar\/sitio\/wp-json\/wp\/v2\/posts\/76822","targetHints":{"allow":["GET"]}}],"collection":[{"href":"https:\/\/vocesparalelas.com.ar\/sitio\/wp-json\/wp\/v2\/posts"}],"about":[{"href":"https:\/\/vocesparalelas.com.ar\/sitio\/wp-json\/wp\/v2\/types\/post"}],"author":[{"embeddable":true,"href":"https:\/\/vocesparalelas.com.ar\/sitio\/wp-json\/wp\/v2\/users\/3"}],"replies":[{"embeddable":true,"href":"https:\/\/vocesparalelas.com.ar\/sitio\/wp-json\/wp\/v2\/comments?post=76822"}],"version-history":[{"count":3,"href":"https:\/\/vocesparalelas.com.ar\/sitio\/wp-json\/wp\/v2\/posts\/76822\/revisions"}],"predecessor-version":[{"id":76832,"href":"https:\/\/vocesparalelas.com.ar\/sitio\/wp-json\/wp\/v2\/posts\/76822\/revisions\/76832"}],"wp:featuredmedia":[{"embeddable":true,"href":"https:\/\/vocesparalelas.com.ar\/sitio\/wp-json\/wp\/v2\/media\/76825"}],"wp:attachment":[{"href":"https:\/\/vocesparalelas.com.ar\/sitio\/wp-json\/wp\/v2\/media?parent=76822"}],"wp:term":[{"taxonomy":"category","embeddable":true,"href":"https:\/\/vocesparalelas.com.ar\/sitio\/wp-json\/wp\/v2\/categories?post=76822"},{"taxonomy":"post_tag","embeddable":true,"href":"https:\/\/vocesparalelas.com.ar\/sitio\/wp-json\/wp\/v2\/tags?post=76822"}],"curies":[{"name":"wp","href":"https:\/\/api.w.org\/{rel}","templated":true}]}}