{"id":76818,"date":"2024-09-12T21:49:26","date_gmt":"2024-09-13T00:49:26","guid":{"rendered":"https:\/\/vocesparalelas.com.ar\/sitio\/?p=76818"},"modified":"2024-09-13T23:47:25","modified_gmt":"2024-09-14T02:47:25","slug":"xiii-congreso-argentino-de-justicia-de-faltas-en-san-juan","status":"publish","type":"post","link":"https:\/\/vocesparalelas.com.ar\/sitio\/xiii-congreso-argentino-de-justicia-de-faltas-en-san-juan\/","title":{"rendered":"XIII Congreso Argentino de Justicia de Faltas en San Juan"},"content":{"rendered":"<p>San Juan se prepara para recibir a m\u00e1s de 200 personas que participan del XIII Congreso Argentino de Justicia de Faltas, a desarrollarse e 9 y 10 de Octubre de 2024. en el Auditorio del Foro de Abogados de San Juan, en el coraz\u00f3n de la ciudad, Jujuy 51 &#8211; N -, Capital.<\/p>\n<p>Las actividades comienzan a las 9 hs.; con la recepci\u00f3n de los participantes, y se extiende durante las jornadas, con la presencia de destacados expositores y panelistas de todo el pa\u00eds.<\/p>\n<p>La Ministra de Gobierno de San Juan, Dra. Laura Palma explic\u00f3 que \u201cestamos organizando en conjunto el evento que permitir\u00e1 recibir visitas prestigiosas de la Justicia del pa\u00eds\u201d.<\/p>\n<p>Por su parte, Dr. Juan Jos\u00e9 Dubos, secretario de Gobierno, Justicia y DDHH, agreg\u00f3 que \u201crecibimos los temas inherentes a cada ministerio que fueron sugeridos para ser tratados en conjunto\u201d. Asimismo, adelant\u00f3 que visitar\u00e1n los diferentes ministerios que formar\u00e1n parte de los paneles del congreso.<\/p>\n<p>Este congreso ser\u00e1 declarado de Inter\u00e9s Acad\u00e9mico por la Universidad Nacional de San Juan, de Inter\u00e9s Educativo por el Ministerio de Educaci\u00f3n, y de Inter\u00e9s Legislativo por la C\u00e1mara de Diputados de la provincia. Se espera la asistencia de entre 200 y 250 personas provenientes de diversas partes del pa\u00eds.<\/p>\n<p>Este tipo de encuentros resulta fundamental para el intercambio de ideas y buenas pr\u00e1cticas en el \u00e1mbito de la justicia municipal y de faltas, con un enfoque en la autonom\u00eda y descentralizaci\u00f3n de las funciones judiciales a nivel local.<\/p>\n<p>Adem\u00e1s, los temas tratados, como la seguridad vial, la inocuidad de alimentos y la defensa de los derechos del consumidor, permiten fortalecer los servicios p\u00fablicos, mejorando la calidad de vida de los ciudadanos.<\/p>\n<p>Este congreso no solo contribuye a una mejor gesti\u00f3n administrativa y judicial, sino que tambi\u00e9n, promueve la protecci\u00f3n del medio ambiente y la seguridad en nuestras comunidades.<\/p>\n<p><span style=\"color: #ff6600;\"><strong>Programa<\/strong><\/span><\/p>\n<ul>\n<li>Tema central: \u201cJusticia de Faltas. Pa\u00eds Federal, Justicia Local\u201d<\/li>\n<li>Lugar: Auditorio del Foro de Abogados de San Juan<\/li>\n<li>Fechas: 9 y 10 de Octubre de 2024<\/li>\n<\/ul>\n<p><strong><span style=\"color: #ff6600;\">Mi\u00e9rcoles, 9 de Octubre<\/span><\/strong><\/p>\n<ul>\n<li>09:00: Recepci\u00f3n de concurrentes.<\/li>\n<li>10:00: Palabras de bienvenida a cargo de las autoridades.<\/li>\n<li>11:00: Masterclass virtual con el Dr. Ricardo Lorenzetti.<\/li>\n<li>12:00: Primer panel: Competencias ambientales provinciales y municipales. Expositoras: Dra. Mar\u00eda Gabriela \u00c1balos, Dra. Sylvia Gimbernat.<\/li>\n<li>13:30: Refrigerio.<\/li>\n<li>14:30: Segundo panel: Justicia de faltas y tr\u00e1nsito vehicular. Aportes a la seguridad vial. Expositores: Dr. Juan Pablo Troncoso, H\u00e9ctor Ragnoli, Ing. Alejandro Guzm\u00e1n.<\/li>\n<li>16:00: Tercer panel: Justicia de faltas: \u00bfActividad administrativa o judicial? Expositor: Dr. Gonzalo Vi\u00f1a.<br \/>\nOtros temas y expositores: Dra. M\u00f3nica Sibilia, Dr. Carlos Fel Rolero Santurian.<\/li>\n<li>17:30: Fin del primer tramo acad\u00e9mico.<\/li>\n<\/ul>\n<p><strong><span style=\"color: #ff6600;\">Jueves, 10 de Octubre<\/span><\/strong><\/p>\n<ul>\n<li>09:00: Recepci\u00f3n de concurrentes.<\/li>\n<li>09:30: Masterclass con el Dr. Antonio Mar\u00eda Hern\u00e1ndez.<\/li>\n<li>10:30: Cuarto panel: La naturaleza judicial del juzgado municipal como elemento esencial de la autonom\u00eda municipal. Expositores: Dr. Horacio Hern\u00e1ndez, Dr. Jos\u00e9 Card\u00fas.<\/li>\n<li>12:00: Quinto panel: C\u00f3digo Alimentario Argentino y bromatolog\u00eda local. Expositores: Dr. H\u00e9ctor Pittaluga, Lic. Salom\u00e9 Rodr\u00edguez.<\/li>\n<li>13:00: Refrigerio.<\/li>\n<li>14:00: Sexto panel: Ley 22.240. Defensa del consumidor en la justicia local. Expositores: Dr. Carlos Tambussi, Dr. Alejandro Sengiale, Dr. Adri\u00e1n Ganino.<\/li>\n<li>15:30: S\u00e9ptimo panel: Experiencias en sistemas automatizados de gesti\u00f3n de procesos para juzgamiento de infracciones. Expositores: Lic. Fabricio Echegaray Mestre, Dra. Mariela Esp\u00edn Brkic, Dra. Laura Cecilia Assandri.<\/li>\n<li>16:30: Octavo panel: Justicia de faltas y tr\u00e1nsito vehicular. Expositores: Alejandro Eduardo Marenco, Juan Jos\u00e9 Niedfeld, Antonio Salinas.<\/li>\n<li>18:00: Cierre con lectura de conclusiones y entrega de certificados.<\/li>\n<\/ul>\n<p>El congreso concluye con una cena de camarader\u00eda en un lugar a designar. Adem\u00e1s, se llevan a cabo talleres espec\u00edficos para personal de tr\u00e1nsito y bromatolog\u00eda durante las jornadas del 9 y 10 de Octubre, en un sal\u00f3n anexo del Foro de Abogados.<\/p>\n","protected":false},"excerpt":{"rendered":"<p>San Juan se prepara para recibir a m\u00e1s de 200 personas que participan del XIII Congreso Argentino de Justicia de<\/p>\n","protected":false},"author":3,"featured_media":16061,"comment_status":"closed","ping_status":"closed","sticky":false,"template":"","format":"standard","meta":{"_acf_changed":false,"_seopress_robots_primary_cat":"none","_seopress_titles_title":"","_seopress_titles_desc":"","_seopress_robots_index":"","colormag_page_container_layout":"default_layout","colormag_page_sidebar_layout":"default_layout","footnotes":""},"categories":[15],"tags":[],"class_list":["post-76818","post","type-post","status-publish","format-standard","has-post-thumbnail","hentry","category-posgrados"],"acf":[],"_links":{"self":[{"href":"https:\/\/vocesparalelas.com.ar\/sitio\/wp-json\/wp\/v2\/posts\/76818","targetHints":{"allow":["GET"]}}],"collection":[{"href":"https:\/\/vocesparalelas.com.ar\/sitio\/wp-json\/wp\/v2\/posts"}],"about":[{"href":"https:\/\/vocesparalelas.com.ar\/sitio\/wp-json\/wp\/v2\/types\/post"}],"author":[{"embeddable":true,"href":"https:\/\/vocesparalelas.com.ar\/sitio\/wp-json\/wp\/v2\/users\/3"}],"replies":[{"embeddable":true,"href":"https:\/\/vocesparalelas.com.ar\/sitio\/wp-json\/wp\/v2\/comments?post=76818"}],"version-history":[{"count":1,"href":"https:\/\/vocesparalelas.com.ar\/sitio\/wp-json\/wp\/v2\/posts\/76818\/revisions"}],"predecessor-version":[{"id":76821,"href":"https:\/\/vocesparalelas.com.ar\/sitio\/wp-json\/wp\/v2\/posts\/76818\/revisions\/76821"}],"wp:featuredmedia":[{"embeddable":true,"href":"https:\/\/vocesparalelas.com.ar\/sitio\/wp-json\/wp\/v2\/media\/16061"}],"wp:attachment":[{"href":"https:\/\/vocesparalelas.com.ar\/sitio\/wp-json\/wp\/v2\/media?parent=76818"}],"wp:term":[{"taxonomy":"category","embeddable":true,"href":"https:\/\/vocesparalelas.com.ar\/sitio\/wp-json\/wp\/v2\/categories?post=76818"},{"taxonomy":"post_tag","embeddable":true,"href":"https:\/\/vocesparalelas.com.ar\/sitio\/wp-json\/wp\/v2\/tags?post=76818"}],"curies":[{"name":"wp","href":"https:\/\/api.w.org\/{rel}","templated":true}]}}