{"id":76802,"date":"2024-09-12T19:23:40","date_gmt":"2024-09-12T22:23:40","guid":{"rendered":"https:\/\/vocesparalelas.com.ar\/sitio\/?p=76802"},"modified":"2024-09-13T23:07:39","modified_gmt":"2024-09-14T02:07:39","slug":"banco-san-juan-patrocina-2-proyectos-vinculados-a-educacion-tecnica-empleo-y-desarrollo-tecnologico","status":"publish","type":"post","link":"https:\/\/vocesparalelas.com.ar\/sitio\/banco-san-juan-patrocina-2-proyectos-vinculados-a-educacion-tecnica-empleo-y-desarrollo-tecnologico\/","title":{"rendered":"Banco San Juan patrocina 2 proyectos vinculados a Educaci\u00f3n T\u00e9cnica, empleo y desarrollo tecnol\u00f3gico"},"content":{"rendered":"<p>El Banco San Juan patrocina, con la gesti\u00f3n de la Fundaci\u00f3n Banco San Juan, proyectos de dos instituciones educativas de la provincia en el marco del Programa de Cr\u00e9dito Fiscal del INET (Instituto Nacional de Educaci\u00f3n Tecnol\u00f3gica).<\/p>\n<p>Los proyectos seleccionados en esta edici\u00f3n tienen el objetivo de mejorar las condiciones de empleabilidad para estudiantes y la comunidad local y corresponden a las siguientes instituciones:<\/p>\n<p>Escuela de Educaci\u00f3n Agropecuaria de Fruticultura y Enolog\u00eda de San Juan y EPET N\u00b0 5, ambas del departamento Capital.<\/p>\n<p>Las iniciativas patrocinadas por el Banco contemplan aspectos como adquisici\u00f3n de equipamiento y\/o mejora de sus entornos formativos y est\u00e1n enfocadas en vincular a los establecimientos con el entramado productivo, para la mejora de la calidad de la Educaci\u00f3n T\u00e9cnico Profesional. Los proyectos fueron seleccionados por INET, en el marco del Programa de R\u00e9gimen de Cr\u00e9dito Fiscal (Ley 22.317), del cual el Banco San Juan participa desde hace 16 a\u00f1os, con la gesti\u00f3n de su Fundaci\u00f3n. Mediante este programa se han acompa\u00f1ado hasta la actualidad 42 proyectos de establecimientos educativos de la provincia.<\/p>\n<p>El objetivo del programa es desarrollar y ejecutar acciones orientadas al fortalecimiento de la educaci\u00f3n tecnol\u00f3gica, agrot\u00e9cnica y de la educaci\u00f3n t\u00e9cnico profesional, que involucren la participaci\u00f3n y articulaci\u00f3n de organizaciones del sector productivo, en conjunto con instituciones del sistema educativo<\/p>\n<p>Los bancos de Grupo Petersen (Banco San Juan, Banco Santa Fe, Banco Entre R\u00edos y Banco Santa Cruz) participan realizando el patrocinio econ\u00f3mico y las Fundaciones coordinan las actividades para su implementaci\u00f3n en cada una de las cuatro regiones y su seguimiento. En conjunto los 4 Bancos de Grupo Petersen han patrocinado con gesti\u00f3n de<br \/>\nsus Fundaciones m\u00e1s de 300 proyectos.<\/p>\n<p>Desde hace 5 a\u00f1os la Fundaci\u00f3n Banco San Juan cuenta con Certificaci\u00f3n de la Norma ISO 9001:2015 de Sistemas de Gesti\u00f3n de la Calidad, para el proceso vinculado a la gesti\u00f3n de este programa.<\/p>\n<p><strong><span style=\"color: #ff6600;\">Para mayor informaci\u00f3n del Programa ingresar en:<\/span><\/strong><\/p>\n<p><a href=\"https:\/\/www.fundacionesgrupopetersen.com.ar\/fortalecimiento-de-la-educacion-tecnica\/\">https:\/\/www.fundacionesgrupopetersen.com.ar\/fortalecimiento-de-la-educacion-tecnica\/<\/a><\/p>\n<p>&nbsp;<\/p>\n<p><img loading=\"lazy\" decoding=\"async\" class=\"alignnone size-full wp-image-65270\" src=\"https:\/\/vocesparalelas.com.ar\/sitio\/wp-content\/uploads\/2023\/11\/FBSJ-INET-11.jpg\" alt=\"\" width=\"800\" height=\"167\" srcset=\"https:\/\/vocesparalelas.com.ar\/sitio\/wp-content\/uploads\/2023\/11\/FBSJ-INET-11.jpg 800w, https:\/\/vocesparalelas.com.ar\/sitio\/wp-content\/uploads\/2023\/11\/FBSJ-INET-11-300x63.jpg 300w, https:\/\/vocesparalelas.com.ar\/sitio\/wp-content\/uploads\/2023\/11\/FBSJ-INET-11-768x160.jpg 768w\" sizes=\"auto, (max-width: 800px) 100vw, 800px\" \/><\/p>\n","protected":false},"excerpt":{"rendered":"<p>El Banco San Juan patrocina, con la gesti\u00f3n de la Fundaci\u00f3n Banco San Juan, proyectos de dos instituciones educativas de<\/p>\n","protected":false},"author":3,"featured_media":76805,"comment_status":"closed","ping_status":"closed","sticky":false,"template":"","format":"standard","meta":{"_acf_changed":false,"_seopress_robots_primary_cat":"none","_seopress_titles_title":"","_seopress_titles_desc":"","_seopress_robots_index":"","colormag_page_container_layout":"default_layout","colormag_page_sidebar_layout":"default_layout","footnotes":""},"categories":[8],"tags":[],"class_list":["post-76802","post","type-post","status-publish","format-standard","has-post-thumbnail","hentry","category-concursos"],"acf":[],"_links":{"self":[{"href":"https:\/\/vocesparalelas.com.ar\/sitio\/wp-json\/wp\/v2\/posts\/76802","targetHints":{"allow":["GET"]}}],"collection":[{"href":"https:\/\/vocesparalelas.com.ar\/sitio\/wp-json\/wp\/v2\/posts"}],"about":[{"href":"https:\/\/vocesparalelas.com.ar\/sitio\/wp-json\/wp\/v2\/types\/post"}],"author":[{"embeddable":true,"href":"https:\/\/vocesparalelas.com.ar\/sitio\/wp-json\/wp\/v2\/users\/3"}],"replies":[{"embeddable":true,"href":"https:\/\/vocesparalelas.com.ar\/sitio\/wp-json\/wp\/v2\/comments?post=76802"}],"version-history":[{"count":1,"href":"https:\/\/vocesparalelas.com.ar\/sitio\/wp-json\/wp\/v2\/posts\/76802\/revisions"}],"predecessor-version":[{"id":76806,"href":"https:\/\/vocesparalelas.com.ar\/sitio\/wp-json\/wp\/v2\/posts\/76802\/revisions\/76806"}],"wp:featuredmedia":[{"embeddable":true,"href":"https:\/\/vocesparalelas.com.ar\/sitio\/wp-json\/wp\/v2\/media\/76805"}],"wp:attachment":[{"href":"https:\/\/vocesparalelas.com.ar\/sitio\/wp-json\/wp\/v2\/media?parent=76802"}],"wp:term":[{"taxonomy":"category","embeddable":true,"href":"https:\/\/vocesparalelas.com.ar\/sitio\/wp-json\/wp\/v2\/categories?post=76802"},{"taxonomy":"post_tag","embeddable":true,"href":"https:\/\/vocesparalelas.com.ar\/sitio\/wp-json\/wp\/v2\/tags?post=76802"}],"curies":[{"name":"wp","href":"https:\/\/api.w.org\/{rel}","templated":true}]}}