{"id":76787,"date":"2024-09-11T22:04:32","date_gmt":"2024-09-12T01:04:32","guid":{"rendered":"https:\/\/vocesparalelas.com.ar\/sitio\/?p=76787"},"modified":"2024-09-13T19:53:08","modified_gmt":"2024-09-13T22:53:08","slug":"el-honor-de-ser-el-mejor-companero-2024-del-curso-en-las-escuelas-de-capital-de-san-juan","status":"publish","type":"post","link":"https:\/\/vocesparalelas.com.ar\/sitio\/el-honor-de-ser-el-mejor-companero-2024-del-curso-en-las-escuelas-de-capital-de-san-juan\/","title":{"rendered":"El Honor de ser el \u00abMejor Compa\u00f1ero 2024\u00bb del Curso en las Escuelas de Capital de San Juan"},"content":{"rendered":"<p>El Rotary Club Capital de San Juan entreg\u00f3 la Distinci\u00f3n al \u00abMejor Compa\u00f1ero 2024\u00bb del ultimo a\u00f1o de la Educaci\u00f3n Secundaria de las Escuelas de Capital de San Juan, en el Centro de Convenciones Barrera Guzm\u00e1n.<\/p>\n<p>El mismo consisti\u00f3 en un Diplomas de Honor, un evento que se realiza en forma ininterrumpida desde 1932, en el cual se premia al Mejor Compa\u00f1ero de cada divisi\u00f3n del \u00faltimo a\u00f1o de estudios de las escuelas secundarias de San Juan, de gesti\u00f3n estatal, privada y de los Institutos Preuniversarios de la UNSJ.<\/p>\n<p>Es importante recordar que, el 17 de Agosto, en conmemoraci\u00f3n del fallecimiento del Gral. Jos\u00e9 de San Martin, el Rotary Club San Juan Capital instituy\u00f3 el D\u00eda del Compa\u00f1erismo.<\/p>\n<p><img loading=\"lazy\" decoding=\"async\" class=\"alignnone size-full wp-image-76796\" src=\"https:\/\/vocesparalelas.com.ar\/sitio\/wp-content\/uploads\/2024\/09\/ROTARY-COMPANROS-03.jpg\" alt=\"\" width=\"800\" height=\"351\" srcset=\"https:\/\/vocesparalelas.com.ar\/sitio\/wp-content\/uploads\/2024\/09\/ROTARY-COMPANROS-03.jpg 800w, https:\/\/vocesparalelas.com.ar\/sitio\/wp-content\/uploads\/2024\/09\/ROTARY-COMPANROS-03-300x132.jpg 300w, https:\/\/vocesparalelas.com.ar\/sitio\/wp-content\/uploads\/2024\/09\/ROTARY-COMPANROS-03-768x337.jpg 768w\" sizes=\"auto, (max-width: 800px) 100vw, 800px\" \/><\/p>\n<p>El acto fue presidido por el Gobernador de San Juan, Dr. Marcelo Orrego, autoridades del Rotary Club Capital, del Ministerio de Educaci\u00f3n, la familia de los distinguidos y los alumnos destacados.<\/p>\n<p><iframe loading=\"lazy\" title=\"El gobernador Orrego entreg\u00f3 distinciones a los mejores compa\u00f1eros 2024 del Rotary Club\" width=\"800\" height=\"450\" src=\"https:\/\/www.youtube.com\/embed\/QMdk1BcXGBE?feature=oembed\" frameborder=\"0\" allow=\"accelerometer; autoplay; clipboard-write; encrypted-media; gyroscope; picture-in-picture; web-share\" referrerpolicy=\"strict-origin-when-cross-origin\" allowfullscreen><\/iframe><\/p>\n<p>&nbsp;<\/p>\n<p>En representaci\u00f3n de los 179 estudiantes distinguidos \u00abMejor Compa\u00f1ero 2024\u00bb expresaron su honor Agostin Juarez y Jos\u00e9 Faustino Vargas, del Instituto Preuniversitario de la UNSJ Colegio Central Universitario \u00abDr. Mariano Moreno\u00bb.<\/p>\n<p><iframe loading=\"lazy\" title=\"SAN JUAN DISTINCION MEJORES COMPA\u00d1EROS\" width=\"800\" height=\"450\" src=\"https:\/\/www.youtube.com\/embed\/WA8CNcPWaiw?feature=oembed\" frameborder=\"0\" allow=\"accelerometer; autoplay; clipboard-write; encrypted-media; gyroscope; picture-in-picture; web-share\" referrerpolicy=\"strict-origin-when-cross-origin\" allowfullscreen><\/iframe><\/p>\n<p style=\"font-weight: 400;\"><span style=\"color: #0000ff;\"><b><strong>Discurso \u00abMejor Compa\u00f1ero 2024\u00bb <\/strong><\/b><\/span><\/p>\n<p style=\"font-weight: 400;\">En primer lugar, en nombre de los 6 estudiantes de cada curso, queremos agradecer a los chicos que nos dieron la posibilidad de ser elegidos como mejores compa\u00f1eros.<\/p>\n<p style=\"font-weight: 400;\">Por otra parte, no es tan solo el titulo lo que agradecemos, sino que tambi\u00e9n personalmente cada uno siente una alegr\u00eda muy grande al haber sido reconocido de esta manera por nuestros pares.<\/p>\n<p style=\"font-weight: 400;\">Sentimientos tales como la felicidad y el\u00a0\u00a0agradecimiento por parte de nosotros es lo que podemos destacar al momento de la noticia.<\/p>\n<p style=\"font-weight: 400;\">Sabemos que son muchas las buenas acciones que nos llevaron a tener esta distinci\u00f3n. D\u00eda a d\u00eda, se observan en la escuela a una gran cantidad de alumnos realizar actos de solidaridad, bondad y empat\u00eda. Fuera de las palabras, estas acciones son algo maravilloso que llenan el coraz\u00f3n de cada uno de los estudiantes y nos impulsa a ser cada d\u00eda mejores personas. As\u00ed,\u00a0\u00a0mantenemos una buena convivencia que fortalece el v\u00ednculo y contribuye a sostener buenas relaciones con todos nosotros.<\/p>\n<p style=\"font-weight: 400;\">No queremos dejar de lado a los profesores y profesoras que tambi\u00e9n aportan su granito de arena para lograr un buen ambiente dentro del curso, lo que nos permite interactuar y unirnos con nuestros compa\u00f1eros, fomentando tambi\u00e9n el trabajo en equipo, el cual se convierte en\u00a0\u00a0una herramienta sumamente \u00fatil para el resto de nuestras vidas.<\/p>\n<p style=\"font-weight: 400;\">Estamos muy felices y queremos agradecer a nuestros compa\u00f1eros de la promoci\u00f3n, por todas aquellas hermosas experiencias que cada uno de nosotros ha podido vivir a lo largo de la secundaria, y tener bien en claro que van a ser recuerdos muy valorados y probablemente permanezcan en nuestra memoria por el resto de nuestras vidas. De forma mutua nos hemos ayudado a construir nuestras personalidades y a entender la importancia del trabajo en equipo. Y no tan solo en los buenos momentos, sino tambi\u00e9n cuando nosotros no est\u00e1bamos en los mejores, ustedes estaban ah\u00ed para intentarnos sacar una sonrisa y estamos completamente agradecidos por eso.<\/p>\n<p style=\"font-weight: 400;\">Al mismo tiempo, para aquellos chicos m\u00e1s peque\u00f1os que a\u00fan no est\u00e1n en sexto, quer\u00edamos dejarles tambi\u00e9n un mensaje. Les\u00a0\u00a0recomendamos que nunca desperdicien la oportunidad de ayudar y conocer a un compa\u00f1ero, porque la uni\u00f3n con sus compa\u00f1eros de curso es de las cosas m\u00e1s bonitas de la secundaria, y los va a acompa\u00f1ar durante muchos de los recuerdos y momentos ahora y en un futuro tambi\u00e9n. Disfruten mucho de aquellas experiencias y trabajen mutuamente para ser mejores en todos los aspectos.<\/p>\n<p style=\"font-weight: 400;\">Para finalizar, esperamos que todos estos v\u00ednculos en un futuro perduren y podamos compartir todos aquellos recuerdos juntos, en una juntada como en los viejos tiempos, y poder vivir al m\u00e1ximo un mont\u00f3n de nuevas vivencias que quedan por disfrutar, tales como el viaje o la fiesta de egresados, en las que m\u00e1s se puede fortalecer esta relaci\u00f3n. Y confiamos en que estas amistades en algunos casos pueden ser nuestros pr\u00f3ximos compa\u00f1eros de facultad, compa\u00f1eros de trabajo o amistades que duren toda una vida. Pase lo que pase, disfrutaremos de este tiempo juntos y esperamos poder mantener esa relaci\u00f3n a futuro.<\/p>\n<p style=\"font-weight: 400;\">Gracias a todos!<\/p>\n<p><span style=\"color: #0000ff;\"><strong>Se entregaron el reconocimiento a<\/strong><\/span><\/p>\n<ul>\n<li><span style=\"color: #0000ff;\"><strong>Instituto Preuniversitario de la UNSJ Escuela de Comercio \u00abLibertador Gral. San Mart\u00edn: <\/strong><\/span>Manzini Camila; Quiroga, Pilar; Fern\u00e1ndez Lanzone, Magdalena del Valle; Mart\u00ednez, Delfina; Anes Rivera, Camila Micaela; Castro Teiada, Martina Anael; Aballay, \u00c1ngel Luciano; Fern\u00e1ndez, Valentina; Valenzuela, Luciana<\/li>\n<li><span style=\"color: #0000ff;\"><strong>Instituto Preuniversitario de la UNSJ Escuela Industrial \u00abDomingo Faustino Sarmiento\u00bb: <\/strong><\/span>Garc\u00eda Gallardo, Joaquin; Gimenez Simonet, Ignacio Ramiro; Mas Esp\u00edn, Santiago Mat\u00edas; Martin Rius, Pablo Benjam\u00edn; Caputo Navarro, Alma Isabella; Diaz Saraspe Nelson David; Ponce Albarrac\u00edn, Adri\u00e1n Santiago, Garc\u00eda Olarte, Tadeo Nicolas<\/li>\n<li><strong><span style=\"color: #0000ff;\">Instituto Preuniversitario de la UNSJ Colegio Central Universitario \u00abMariano Moreno\u201d:<\/span> <\/strong>Juarez, Agustin; Vargas Jos\u00e9 Faustino; Rodriguez, Julieta; Noguera, Angelina; Barberis, Lucas; Samat, Agustina<\/li>\n<li><span style=\"color: #0000ff;\"><strong>Escuela de Comercio Gral Manuel Belgrano: <\/strong><\/span>Putelli Rojas, Celeste Aldana; Bazan Perez, Axel Tobias; Levis Ahumada, Walter Damian<\/li>\n<li><strong><span style=\"color: #0000ff;\">Centro Polivalente de Arte:<\/span> <\/strong>Samper Gonz\u00e1lez, Priscila Maria; Centeno Camacho, Santiago Andr\u00e9s; Chaparro Castillo, Marianella Liseth<\/li>\n<li><span style=\"color: #0000ff;\"><strong>Colegio Nacional Monse\u00f1or Dr. Pablo Cabrera: <\/strong><\/span>Paez Cuello, Pia Agustina; Godoy Chirino, Lautaro Ezequiel; Tello, Bautista Lautaro; Sanchez Quiroga, Melany Denise; Coria Artes, Mirta Jenifer; Caceres Illa, Agustin Lautaro; Fraguglia Zabaleta, Santiago Tomas<\/li>\n<li><strong><span style=\"color: #0000ff;\">Escuela Normal Superior \u00abGral. San Mart\u00edn\u00bb:<\/span> <\/strong>Ruiz Olivera Mateo; Malla Sanchez, Benjamin; Castro, Brian Exequiel; Noro\u00f1a, Guadalupe Nicole; Nievas, Thiago Andr\u00e9s; Centeno Balmaceda, Steven Manuel; Paz Rebolledo, Sofia; Guzman Paez, Joaqu\u00edn Leonardo; Pereira, Victoria Ivanna; Mendez, Marcos; Garc\u00eda Palomar, Ana Sofia<\/li>\n<li><strong><span style=\"color: #0000ff;\">Liceo Paula Albarracin De Sarmiento:<\/span> <\/strong>Escudero, Celena; Bravo, Martina; Alvarenga, Camila; Fuentes, Antonela; Tello, Cristian; Moreno, Candela<\/li>\n<li><strong><span style=\"color: #0000ff;\">Escuela Esteban Echeverria\u00bb:<\/span> <\/strong>Vallejo Riveros, Oriana Lihue<\/li>\n<li><strong><span style=\"color: #0000ff;\">Escuela \u00abCampa\u00f1a del Desierto\u00bb:<\/span> <\/strong>Mercado Balmaceda, Marcos Isaias<\/li>\n<li><span style=\"color: #0000ff;\"><strong>Escuela \u00abPte, Hip\u00f3lito Yrigoyen\u00bb: <\/strong><\/span>Vicentela Gomez, Lautaro Gabriel<\/li>\n<li><span style=\"color: #0000ff;\"><strong>Escuela \u00abFaustina Sarmiento de Belin\u00bb: <\/strong><\/span>Sanchez Arrieta, Sasha Yasmin<\/li>\n<li><strong><span style=\"color: #0000ff;\">Escuela \u00abDr. Francisco N. De Laprida:<\/span> <\/strong>Z\u00e1rate, Pablo Agustin; I\u00f1on Sanchez, B\u00e1rbara Milagros<\/li>\n<li><span style=\"color: #0000ff;\"><strong>Escuela \u00abMiguel De Azcu\u00e9naga\u00bb: <\/strong><\/span>Trujillo Legrand, Ives Didier<\/li>\n<li><strong><span style=\"color: #0000ff;\">Colegio Provincial De La Capital:<\/span> <\/strong>Barud, Gabriela del Valle; Montenegro Bernasconi, Mateo Valentin<\/li>\n<li><span style=\"color: #0000ff;\"><strong>Escuela Comandante Cabot: <\/strong><\/span>Ya\u00f1ez, Agustina Devora<\/li>\n<li><strong><span style=\"color: #0000ff;\">Escuela de Comercio Nocturna \u00abDr. Santiago Cortinez\u00bb:<\/span> <\/strong>Altamirano, Selene Nadir; Guardia, Carolina; Fernandez, Enzo; Videla, Lourdes<\/li>\n<li><strong><span style=\"color: #0000ff;\">Escuela 9 de Julio:<\/span> <\/strong>Aballay Flores, Martina Anabela; Gimenes Ariza, Sheila Martina<\/li>\n<li><span style=\"color: #0000ff;\"><strong>Escuela Barrio Frondizi: <\/strong><\/span>Ochoa, Kevin<\/li>\n<li><span style=\"color: #0000ff;\"><strong>Escuela Normal Superior \u00abSarmiento\u201d: <\/strong><\/span>Vargas G\u00f3mez, Dayana Nicole; Far\u00edas, Emiliano Sebasti\u00e1n; Guti\u00e9rrez Est\u00e9vez, Ger\u00f3nimo; Far\u00edas Arias, Pablo Daniel; Laciar Ma\u00f1\u00e9, Rodrigo Ariel; Torres Manrique, Luc\u00eda Martina; M\u00e1rquez Uriza, Zoe<\/li>\n<li><strong><span style=\"color: #0000ff;\">Colegio Provincial de Concepci\u00f3n:<\/span> <\/strong>Romero Araoz, Luciano Benjamin; Alvarez Suarez, Maria Valentina<\/li>\n<li><span style=\"color: #0000ff;\"><strong>Colegio Dante Alighieri: <\/strong><\/span>Secchi de los R\u00edos, Juan Mateo; S\u00e1nchez, Bautista<\/li>\n<li><strong><span style=\"color: #0000ff;\">Colegio San Nicolas de Bari:<\/span> <\/strong>Robledo Mu\u00f1oz, Camila Lourdes<\/li>\n<li><span style=\"color: #0000ff;\"><strong>Colegio Fray Mamerto Esquiu: <\/strong><\/span>Sanchez, Mar\u00eda Victoria; Fabaro, Camila Martin; Casivar Ramet, Gonzalo Ariel<\/li>\n<li><span style=\"color: #0000ff;\"><strong>Colegio \u00abLa Inmaculada\u00bb: <\/strong><\/span>Archilla Laria, Ana Laura; Nacusi Jimenez, Carolina de los \u00c1ngeles<\/li>\n<li><span style=\"color: #0000ff;\"><strong>Colegio Maria Auxiliadora: <\/strong><\/span>Gonzalez, Valentina; Paez, Ariana<\/li>\n<li><strong><span style=\"color: #0000ff;\">Colegio Merceditas de San Mart\u00edn:<\/span> <\/strong>Camacho Chulia, Luz Delfina; P\u00e1ez, Guillermo Ignacio; Rodriguez Donato, Agustin; Misisian Benegas, Lucas Santiago<\/li>\n<li><strong><span style=\"color: #0000ff;\">Colegio Modelo:<\/span> <\/strong>Crimi, Fabricio; Rodriguez, Facundo; Tria, Alison 97-Luna, Ana Paula<\/li>\n<li><span style=\"color: #0000ff;\"><strong>Colegio Nuestra Se\u00f1ora de la Medalla Milagrosa: <\/strong><\/span>Jaime Guillen, Sofia; Moreno Castro, Francisco Hern\u00e1n<\/li>\n<li><span style=\"color: #0000ff;\"><strong>Colegio Biling\u00fce Saint Louis; <\/strong><\/span>Diaz Cano Sanchez, Dami\u00e1n Nicol\u00e1s<\/li>\n<li><strong><span style=\"color: #0000ff;\">Colegio San Bernardo:<\/span> <\/strong>Zapala Paez, Josue Ezequiel; Cecco Bacur, Laiali Contanza<\/li>\n<li><strong><span style=\"color: #0000ff;\">Colegio San Francisco de As\u00eds:<\/span> <\/strong>Rodriguez Escalante, Eduardo Javier; Gonzalez Espin, Matias Joel; Vargas Aguilar, Luj\u00e1n Mar\u00eda Julieta<\/li>\n<li><span style=\"color: #0000ff;\"><strong>Colegio \u00abSan Jose\u201d: <\/strong><\/span>Carbajal, Valentin Tomas; Nu\u00f1ez Guerra, Dayana Nicole; N\u00fa\u00f1ez Ordu\u00f1a, Facundo Gast\u00f3n<\/li>\n<li><strong><span style=\"color: #0000ff;\">Colegio San Pablo:<\/span> <\/strong>S\u00e1nchez Luna, Bautista; Gutierrez Merino, Mar\u00eda Milagros<\/li>\n<li><span style=\"color: #0000ff;\"><strong>Colegio Santa Mar\u00eda: <\/strong><\/span>Recalde Perez, Eva Bel\u00e9n; Oviedo Flores, Lisandro Joaquin<\/li>\n<li><span style=\"color: #0000ff;\"><strong>Colegio: Santa Rosa de Lima: <\/strong><\/span>Zeghaib, Agustin Abel; Ruiz Martin, Martina<\/li>\n<li><strong><span style=\"color: #0000ff;\">Colegio Santo Domingo:<\/span> <\/strong>Contreras, Valentina; Vargas, Valentina<\/li>\n<li><span style=\"color: #0000ff;\"><strong>Colegio Santo Tom\u00e1s de Aquino: <\/strong><\/span>Ranea Bonduel, Maria Valentina; Coria Coria, Maria Victoria<\/li>\n<li><strong><span style=\"color: #0000ff;\">Colegio Dr. B. A, Houssay:<\/span> <\/strong>Sanchez Villegas, Facundo Ivan; Vargas Villegas, Ramon Lautaro<\/li>\n<li><strong><span style=\"color: #0000ff;\">Escuela Modelo De San Juan:<\/span> <\/strong>Pulenta, Maria Agustina; Orellano Andrada, Tomas Alejandro; Cruz Manilov, Emilia<\/li>\n<li><strong><span style=\"color: #0000ff;\">Colegio Biling\u00fce Saint Paul:<\/span> <\/strong>Robledo Mallea, Maria Estefania; Perello Sepulveda, Maria Teresa<\/li>\n<li><span style=\"color: #0000ff;\"><strong>Colegio El Tr\u00e1nsito de Nuestra Se\u00f1ora: <\/strong><\/span>Lunas, Ana Paula; Lopez Salinas, Micaela Natali<\/li>\n<li><strong><span style=\"color: #0000ff;\">Colegio Nuestra Se\u00f1ora de Lujan:<\/span> <\/strong>Coria, Martina; Masi, Ariana; Delgado, Candela; Pereyra, Luciano<\/li>\n<li><span style=\"color: #0000ff;\"><strong>Colegio Don Bosco: <\/strong><\/span>Petracchini, Santino Jos\u00e9; Far\u00edas, Jes\u00fas Agust\u00edn; Pacheco Trujillo, Alexis Jes\u00fas<\/li>\n<li><span style=\"color: #0000ff;\"><strong>Colegio Divina Misericordia: <\/strong><\/span>Donaide Farias, Daniela Milagro<\/li>\n<li><span style=\"color: #0000ff;\"><strong>Colegio para Adultos Mar\u00eda Auxiliadora: <\/strong><\/span>Castro Oviedo, Gustavo Andr\u00e9s, Riarte Ag\u00fcero, Lucas Jonas; Martos, Fernando Nicol\u00e1s<\/li>\n<li><span style=\"color: #0000ff;\"><strong>Colegio San Bernardo Adultos: <\/strong><\/span>Aguirre, Josu\u00e9<\/li>\n<li><span style=\"color: #0000ff;\"><strong>Colegio San Juan Bautista: <\/strong><\/span>Diaz Diaz, Mateo Nicol\u00e1s; Romero Castro, Damian Andr\u00e9s; Maldonado, Natalia Deolinda; Ferotti, Luz Mar\u00eda; Fern\u00e1ndez Gutierrez, Mia<\/li>\n<li><span style=\"color: #0000ff;\"><strong>EPET N\u00b01 Ingeniero Rogelio Boero: <\/strong><\/span>Ruiz Zarate, Juan Jeremias; Alvarez Gutierrez, Tom\u00e1s David; Quevedo, Joaquin; Aciar Caba\u00f1ez, Ignacio Daniel; Quiroga Avellaneda, Orlando Josue; Rotten Garrido, M\u00e1ximo Samuel; Acosta Flores, Mauricio Sebasti\u00e1n; Quiroga Pelatay, Matias Ezequiel<\/li>\n<li><span style=\"color: #0000ff;\"><strong>EPET N\u00b02: <\/strong><\/span>Cano Villafa\u00f1e, Martina Olga; Ascencio Olivera, Mat\u00edas Sebasti\u00e1n<\/li>\n<li><strong><span style=\"color: #0000ff;\">EPET N\u00b04:<\/span> <\/strong>Moreta Aballay, Daniel Misael; Ramos Pe\u00f1a, Braian Iv\u00e1n; Corzo Liquitay, Laura Ailin<\/li>\n<li><span style=\"color: #0000ff;\"><strong>EPET N\u00b0 5:<\/strong><\/span> Ocampo Galleguillo, Constanza Paulina; Tria Dominguez, Maximiliano Emanuel<\/li>\n<li><span style=\"color: #0000ff;\"><strong>Escuela T\u00e9cnica Obrero Argentino: <\/strong><\/span>Ortega Arrieta, Mateo; Murillo Atampi, Francisco Jos\u00e9<\/li>\n<li><span style=\"color: #0000ff;\"><strong>Escuela de Fruticultura y Enolog\u00eda:<\/strong><\/span> Ramos Ruiz, Gabriela Milagros; Orellana Castro, Zoe; Maturano, Mat\u00edas Benjam\u00edn<\/li>\n<li><span style=\"color: #0000ff;\"><strong>Escuela Agrot\u00e9cnica de Zonda:<\/strong><\/span> Lujan Molina, Milagros Bel\u00e9n<\/li>\n<li><span style=\"color: #0000ff;\"><strong>CENS N 188:<\/strong><\/span> Mayorga, Elisa Noemi; Pedrol, Jos\u00e9 Pablo<\/li>\n<li><span style=\"color: #0000ff;\"><strong>CENS 348 Madre Teresa de Calcuta:<\/strong>\u00a0<\/span>Luna, Alvaro Samuel; Dojorti, Viviana Noemi<\/li>\n<li><span style=\"color: #0000ff;\"><strong>CENS N\u00b074 Juan Vucetich:<\/strong> <\/span>Castro, \u00c1ngel Fabi\u00e1n; Alvarez, Yamila Micaela<\/li>\n<li><span style=\"color: #0000ff;\"><strong>CENS N 210:<\/strong><\/span> Vega, Roc\u00edo del Valle; Ahumada, Y\u00e9sica Pamela; Rosselot Urqueta, Ariana Selene<\/li>\n<li><span style=\"color: #0000ff;\"><strong>CENS 239:<\/strong><\/span> Zapata Piselli, Camila Belen; Caceres, Carlos Armando<\/li>\n<li><span style=\"color: #0000ff;\"><strong>CENS N\u00b0 69 Mar\u00eda del Carmen Caballero Vidal<\/strong>:<\/span> Nu\u00f1ez Peralta, Mariana Yanela; Guardia, Esteban Emanuel, VILLALBA, Armando Miguel<\/li>\n<\/ul>\n<p>&nbsp;<\/p>\n<p><img loading=\"lazy\" decoding=\"async\" class=\"alignnone size-full wp-image-76797\" src=\"https:\/\/vocesparalelas.com.ar\/sitio\/wp-content\/uploads\/2024\/09\/ROTARY-COMPANROS-04.jpg\" alt=\"\" width=\"800\" height=\"351\" srcset=\"https:\/\/vocesparalelas.com.ar\/sitio\/wp-content\/uploads\/2024\/09\/ROTARY-COMPANROS-04.jpg 800w, https:\/\/vocesparalelas.com.ar\/sitio\/wp-content\/uploads\/2024\/09\/ROTARY-COMPANROS-04-300x132.jpg 300w, https:\/\/vocesparalelas.com.ar\/sitio\/wp-content\/uploads\/2024\/09\/ROTARY-COMPANROS-04-768x337.jpg 768w\" sizes=\"auto, (max-width: 800px) 100vw, 800px\" \/><\/p>\n","protected":false},"excerpt":{"rendered":"<p>El Rotary Club Capital de San Juan entreg\u00f3 la Distinci\u00f3n al \u00abMejor Compa\u00f1ero 2024\u00bb del ultimo a\u00f1o de la Educaci\u00f3n<\/p>\n","protected":false},"author":3,"featured_media":76795,"comment_status":"closed","ping_status":"closed","sticky":false,"template":"","format":"standard","meta":{"_acf_changed":false,"_seopress_robots_primary_cat":"none","_seopress_titles_title":"","_seopress_titles_desc":"","_seopress_robots_index":"","colormag_page_container_layout":"default_layout","colormag_page_sidebar_layout":"default_layout","footnotes":""},"categories":[5,7],"tags":[],"class_list":["post-76787","post","type-post","status-publish","format-standard","has-post-thumbnail","hentry","category-ofrecimientos","category-videos"],"acf":[],"_links":{"self":[{"href":"https:\/\/vocesparalelas.com.ar\/sitio\/wp-json\/wp\/v2\/posts\/76787","targetHints":{"allow":["GET"]}}],"collection":[{"href":"https:\/\/vocesparalelas.com.ar\/sitio\/wp-json\/wp\/v2\/posts"}],"about":[{"href":"https:\/\/vocesparalelas.com.ar\/sitio\/wp-json\/wp\/v2\/types\/post"}],"author":[{"embeddable":true,"href":"https:\/\/vocesparalelas.com.ar\/sitio\/wp-json\/wp\/v2\/users\/3"}],"replies":[{"embeddable":true,"href":"https:\/\/vocesparalelas.com.ar\/sitio\/wp-json\/wp\/v2\/comments?post=76787"}],"version-history":[{"count":3,"href":"https:\/\/vocesparalelas.com.ar\/sitio\/wp-json\/wp\/v2\/posts\/76787\/revisions"}],"predecessor-version":[{"id":76817,"href":"https:\/\/vocesparalelas.com.ar\/sitio\/wp-json\/wp\/v2\/posts\/76787\/revisions\/76817"}],"wp:featuredmedia":[{"embeddable":true,"href":"https:\/\/vocesparalelas.com.ar\/sitio\/wp-json\/wp\/v2\/media\/76795"}],"wp:attachment":[{"href":"https:\/\/vocesparalelas.com.ar\/sitio\/wp-json\/wp\/v2\/media?parent=76787"}],"wp:term":[{"taxonomy":"category","embeddable":true,"href":"https:\/\/vocesparalelas.com.ar\/sitio\/wp-json\/wp\/v2\/categories?post=76787"},{"taxonomy":"post_tag","embeddable":true,"href":"https:\/\/vocesparalelas.com.ar\/sitio\/wp-json\/wp\/v2\/tags?post=76787"}],"curies":[{"name":"wp","href":"https:\/\/api.w.org\/{rel}","templated":true}]}}