{"id":76782,"date":"2024-09-10T18:09:31","date_gmt":"2024-09-10T21:09:31","guid":{"rendered":"https:\/\/vocesparalelas.com.ar\/sitio\/?p=76782"},"modified":"2024-09-13T00:04:43","modified_gmt":"2024-09-13T03:04:43","slug":"especializacion-en-educacion-domiciliaria-y-hospitalaria-en-san-juan","status":"publish","type":"post","link":"https:\/\/vocesparalelas.com.ar\/sitio\/especializacion-en-educacion-domiciliaria-y-hospitalaria-en-san-juan\/","title":{"rendered":"Especializaci\u00f3n en Educaci\u00f3n Domiciliaria y Hospitalaria en San Juan"},"content":{"rendered":"<p>El Ministerio de Educaci\u00f3n del Gobierno de San Juan pone en marcha la Especializaci\u00f3n en Educaci\u00f3n Domiciliaria y Hospitalaria, para la formaci\u00f3n de docentes de los diferentes niveles que trabajan con estudiantes que, por razones de salud, se ven imposibilitados de asistir con regularidad a la instituci\u00f3n educativa.<\/p>\n<p>La especializaci\u00f3n surge por directivas de la ministra de Educaci\u00f3n, Lic. Silvia Fuentes, quien tiene como objetivo de gesti\u00f3n que ning\u00fan estudiante se quede sin la posibilidad de acceder a los aprendizajes, en este caso garantizando el derecho a la educaci\u00f3n a quienes no pueden asistir con regularidad a las instituciones educativas.<\/p>\n<p>Desde la Direcci\u00f3n de Educaci\u00f3n Superior y en forma conjunta con el Instituto Superior de Formaci\u00f3n Docente de la Escuela Normal Fray Justo Santa Mar\u00eda de Oro, Departamento J\u00e1chal, se lanza esta propuesta de formaci\u00f3n continua, que acompa\u00f1a al proyecto de Secretar\u00eda de Educaci\u00f3n que contempla la creaci\u00f3n de la Direcci\u00f3n de Modalidades.<\/p>\n<p>Los Institutos Superiores de Formaci\u00f3n Docente dependientes de la Direcci\u00f3n de Educaci\u00f3n Superior tienen, entre sus funciones, la responsabilidad de la formaci\u00f3n continua de los docentes en servicio y es en este marco que se presentan propuestas de formaci\u00f3n.<\/p>\n<p>En esta oportunidad, la Especializaci\u00f3n en Educaci\u00f3n Domiciliaria y Hospitalaria permitir\u00e1 a los docentes en servicio construir conocimientos y habilidades indispensables para generar propuestas de ense\u00f1anza y de aprendizaje de la m\u00e1s alta calidad, tal como se la merecen todos los estudiantes del sistema educativo provincial.<\/p>\n<p>La iniciativa presentada por el ISFD alcanza a\u00a0los docentes que ejercen en todos los niveles y modalidades del sistema educativo, ya que la Modalidad Domiciliaria y Hospitalaria es transversal al sistema.<\/p>\n<p>En San Juan hay medio centenar de alumnos hospitalizados o con internaci\u00f3n domiciliaria, que en rigor es una matr\u00edcula que fluct\u00faa constantemente. Las patolog\u00edas de los estudiantes que reciben este tipo de modalidad educativa van desde oncol\u00f3gicas a traumatol\u00f3gicas, entre otras.<\/p>\n<p>La secretaria de Educaci\u00f3n, Lic. Mariela Lueje explic\u00f3 que \u201cesta especializaci\u00f3n en educaci\u00f3n domiciliaria y hospitalaria es un llamado al coraz\u00f3n y al profesionalismo docente. Hay un plus porque en esta modalidad nos ponemos en contacto con las personas m\u00e1s vulnerables del sistema educativo, con los que no pueden asistir a la escuela. Algunos no pueden por un tiempo, otros indefinidamente, entonces el docente en estos casos es quien tiene el desaf\u00edo de llevarles conexi\u00f3n con la vida saludable, dentro de un hospital o una casa que parece una terapia\u201d.<\/p>\n<p>La especializaci\u00f3n comienza el 18 de Septiembre y finalizar\u00e1 en Noviembre de 2025. Es el cuatro m\u00f3dulos, con instancias de evaluaci\u00f3n. Al ser una propuesta de una instituci\u00f3n de gesti\u00f3n p\u00fablica no tiene ning\u00fan costo y es\u00a0 dictada por docentes con una trayectoria amplia y extensa en la educaci\u00f3n superior y en la modalidad. La cursado es flexible y alterna instancias presenciales y no-presenciales.<\/p>\n<p><span style=\"color: #ff6600;\"><strong>Inscripci\u00f3n<\/strong><\/span><\/p>\n<p><a href=\"https:\/\/forms.gle\/Uw4MV6BtMZdkU4rs5\">https:\/\/forms.gle\/Uw4MV6BtMZdkU4rs5<\/a><\/p>\n<p><img loading=\"lazy\" decoding=\"async\" class=\"alignnone size-full wp-image-28629\" src=\"https:\/\/vocesparalelas.com.ar\/sitio\/wp-content\/uploads\/2020\/05\/MINISTERIO-EDUCACION-SJ.jpg\" alt=\"\" width=\"800\" height=\"533\" srcset=\"https:\/\/vocesparalelas.com.ar\/sitio\/wp-content\/uploads\/2020\/05\/MINISTERIO-EDUCACION-SJ.jpg 800w, https:\/\/vocesparalelas.com.ar\/sitio\/wp-content\/uploads\/2020\/05\/MINISTERIO-EDUCACION-SJ-300x200.jpg 300w, https:\/\/vocesparalelas.com.ar\/sitio\/wp-content\/uploads\/2020\/05\/MINISTERIO-EDUCACION-SJ-768x512.jpg 768w\" sizes=\"auto, (max-width: 800px) 100vw, 800px\" \/><\/p>\n<p>&nbsp;<\/p>\n","protected":false},"excerpt":{"rendered":"<p>El Ministerio de Educaci\u00f3n del Gobierno de San Juan pone en marcha la Especializaci\u00f3n en Educaci\u00f3n Domiciliaria y Hospitalaria, para<\/p>\n","protected":false},"author":3,"featured_media":35213,"comment_status":"closed","ping_status":"closed","sticky":false,"template":"","format":"standard","meta":{"_acf_changed":false,"_seopress_robots_primary_cat":"none","_seopress_titles_title":"","_seopress_titles_desc":"","_seopress_robots_index":"","colormag_page_container_layout":"default_layout","colormag_page_sidebar_layout":"default_layout","footnotes":""},"categories":[15],"tags":[],"class_list":["post-76782","post","type-post","status-publish","format-standard","has-post-thumbnail","hentry","category-posgrados"],"acf":[],"_links":{"self":[{"href":"https:\/\/vocesparalelas.com.ar\/sitio\/wp-json\/wp\/v2\/posts\/76782","targetHints":{"allow":["GET"]}}],"collection":[{"href":"https:\/\/vocesparalelas.com.ar\/sitio\/wp-json\/wp\/v2\/posts"}],"about":[{"href":"https:\/\/vocesparalelas.com.ar\/sitio\/wp-json\/wp\/v2\/types\/post"}],"author":[{"embeddable":true,"href":"https:\/\/vocesparalelas.com.ar\/sitio\/wp-json\/wp\/v2\/users\/3"}],"replies":[{"embeddable":true,"href":"https:\/\/vocesparalelas.com.ar\/sitio\/wp-json\/wp\/v2\/comments?post=76782"}],"version-history":[{"count":1,"href":"https:\/\/vocesparalelas.com.ar\/sitio\/wp-json\/wp\/v2\/posts\/76782\/revisions"}],"predecessor-version":[{"id":76785,"href":"https:\/\/vocesparalelas.com.ar\/sitio\/wp-json\/wp\/v2\/posts\/76782\/revisions\/76785"}],"wp:featuredmedia":[{"embeddable":true,"href":"https:\/\/vocesparalelas.com.ar\/sitio\/wp-json\/wp\/v2\/media\/35213"}],"wp:attachment":[{"href":"https:\/\/vocesparalelas.com.ar\/sitio\/wp-json\/wp\/v2\/media?parent=76782"}],"wp:term":[{"taxonomy":"category","embeddable":true,"href":"https:\/\/vocesparalelas.com.ar\/sitio\/wp-json\/wp\/v2\/categories?post=76782"},{"taxonomy":"post_tag","embeddable":true,"href":"https:\/\/vocesparalelas.com.ar\/sitio\/wp-json\/wp\/v2\/tags?post=76782"}],"curies":[{"name":"wp","href":"https:\/\/api.w.org\/{rel}","templated":true}]}}