{"id":76778,"date":"2024-09-10T19:56:57","date_gmt":"2024-09-10T22:56:57","guid":{"rendered":"https:\/\/vocesparalelas.com.ar\/sitio\/?p=76778"},"modified":"2024-09-12T00:05:30","modified_gmt":"2024-09-12T03:05:30","slug":"musica-y-arte-para-disfrutar-en-familia-en-san-juan","status":"publish","type":"post","link":"https:\/\/vocesparalelas.com.ar\/sitio\/musica-y-arte-para-disfrutar-en-familia-en-san-juan\/","title":{"rendered":"M\u00fasica y Arte para disfrutar en familia en San Juan"},"content":{"rendered":"<p>En el marco de la celebraci\u00f3n del\u00a0D\u00eda del Maestro, en conmemoraci\u00f3n del fallecimiento del\u00a0Domingo Faustino Sarmiento, el\u00a0Chalet Cantoni, el\u00a0Auditorio Juan Victoria\u00a0y alumnos de la\u00a0Escuela de C\u00e1mara de la UNSJ y Escuela Orquesta San Juan, ofrecen una serie de actividades para disfrutar el feriado provincial del 11 de septiembre.<\/p>\n<p>Para aquellos que aprecien el arte, el Chalet Cantoni inaugura la muestra de las artistas visuales In\u00e9s Lalanne y Ana Mar\u00eda Dauria. Se trata de \u201cDos miradas sobre el paisaje sanjuanino\u201d, una muestra que re\u00fane obras que reflejan la belleza de los paisajes locales. La cita es a partir de las 19 y la entrada ser\u00e1 libre y gratuita. Adem\u00e1s, quienes lleguen hasta el lugar, podr\u00e1n disfrutar de m\u00fasica y degustaciones de vinos y frutos secos.<\/p>\n<p>Por su parte, los j\u00f3venes del Coro Preuniversitario y los integrantes de Room Band llegan al Auditorio Juan Victoria con \u201cM\u00fasica de Ensue\u00f1o\u201d, donde interpretar\u00e1n reconocidas canciones del cine infantil y en general. El evento comenzar\u00e1 a las 21 y las entradas con un valor de $6.000 se podr\u00e1n comprar en boleter\u00eda del lugar.<\/p>\n<p>Los amantes de la m\u00fasica cl\u00e1sica, tienen la opci\u00f3n que acercan los alumnos de la Escuela de C\u00e1mara de la UNSJ y Orquesta Escuela San Juan y Bruno S\u00e1ez. Los m\u00fasicos se estar\u00e1n presentando en las instalaciones de la Iglesia Metodista (Av. Alem 432 sur) con diferentes obras del g\u00e9nero. La entrada ser\u00e1 libre y gratuita y comienza a las 20 hs.<\/p>\n<p>&nbsp;<\/p>\n<p>&nbsp;<\/p>\n","protected":false},"excerpt":{"rendered":"<p>En el marco de la celebraci\u00f3n del\u00a0D\u00eda del Maestro, en conmemoraci\u00f3n del fallecimiento del\u00a0Domingo Faustino Sarmiento, el\u00a0Chalet Cantoni, el\u00a0Auditorio Juan<\/p>\n","protected":false},"author":3,"featured_media":23760,"comment_status":"closed","ping_status":"closed","sticky":false,"template":"","format":"standard","meta":{"_acf_changed":false,"_seopress_robots_primary_cat":"none","_seopress_titles_title":"","_seopress_titles_desc":"","_seopress_robots_index":"","colormag_page_container_layout":"default_layout","colormag_page_sidebar_layout":"default_layout","footnotes":""},"categories":[20],"tags":[],"class_list":["post-76778","post","type-post","status-publish","format-standard","has-post-thumbnail","hentry","category-cartelera"],"acf":[],"_links":{"self":[{"href":"https:\/\/vocesparalelas.com.ar\/sitio\/wp-json\/wp\/v2\/posts\/76778","targetHints":{"allow":["GET"]}}],"collection":[{"href":"https:\/\/vocesparalelas.com.ar\/sitio\/wp-json\/wp\/v2\/posts"}],"about":[{"href":"https:\/\/vocesparalelas.com.ar\/sitio\/wp-json\/wp\/v2\/types\/post"}],"author":[{"embeddable":true,"href":"https:\/\/vocesparalelas.com.ar\/sitio\/wp-json\/wp\/v2\/users\/3"}],"replies":[{"embeddable":true,"href":"https:\/\/vocesparalelas.com.ar\/sitio\/wp-json\/wp\/v2\/comments?post=76778"}],"version-history":[{"count":1,"href":"https:\/\/vocesparalelas.com.ar\/sitio\/wp-json\/wp\/v2\/posts\/76778\/revisions"}],"predecessor-version":[{"id":76781,"href":"https:\/\/vocesparalelas.com.ar\/sitio\/wp-json\/wp\/v2\/posts\/76778\/revisions\/76781"}],"wp:featuredmedia":[{"embeddable":true,"href":"https:\/\/vocesparalelas.com.ar\/sitio\/wp-json\/wp\/v2\/media\/23760"}],"wp:attachment":[{"href":"https:\/\/vocesparalelas.com.ar\/sitio\/wp-json\/wp\/v2\/media?parent=76778"}],"wp:term":[{"taxonomy":"category","embeddable":true,"href":"https:\/\/vocesparalelas.com.ar\/sitio\/wp-json\/wp\/v2\/categories?post=76778"},{"taxonomy":"post_tag","embeddable":true,"href":"https:\/\/vocesparalelas.com.ar\/sitio\/wp-json\/wp\/v2\/tags?post=76778"}],"curies":[{"name":"wp","href":"https:\/\/api.w.org\/{rel}","templated":true}]}}