{"id":76773,"date":"2024-09-10T21:00:47","date_gmt":"2024-09-11T00:00:47","guid":{"rendered":"https:\/\/vocesparalelas.com.ar\/sitio\/?p=76773"},"modified":"2024-09-13T01:27:19","modified_gmt":"2024-09-13T04:27:19","slug":"una-coordinacion-de-asuntos-estudiantiles-para-la-ayuda-y-contencion-de-los-alumnos-de-la-faud-de-la-unsj","status":"publish","type":"post","link":"https:\/\/vocesparalelas.com.ar\/sitio\/una-coordinacion-de-asuntos-estudiantiles-para-la-ayuda-y-contencion-de-los-alumnos-de-la-faud-de-la-unsj\/","title":{"rendered":"Una coordinaci\u00f3n de asuntos estudiantiles para la ayuda y contenci\u00f3n de los alumnos de la FAUD de la UNSJ"},"content":{"rendered":"<p>La Facultad de Arquitectura, Urbanismo y Dise\u00f1o de la Universidad Nacional de San Juan dicta tres carreas de grado<\/p>\n<ul>\n<li class=\"elementor-heading-title elementor-size-default\">Arquitectura y Urbanismo<\/li>\n<li class=\"elementor-heading-title elementor-size-default\">Dise\u00f1o Gr\u00e1fico<\/li>\n<li class=\"elementor-heading-title elementor-size-default\">Dise\u00f1o Industrial<\/li>\n<\/ul>\n<p>Donde asisten a formarse estudiantes de distintas realidades y lo m\u00e1s importante es contenerlos para que comiencen y finalicen. En la trayectoria formativa los alumnos se enfrentan a varias situaciones personales, sociales, econ\u00f3micas y otras.<\/p>\n<p>La Unidad Acad\u00e9mica est\u00e1 inserta en el CUIM de la UNSJ, Avda. Ignacio de la Roza y Meglioli, Departamento Rivadavia, Provincia de San Juan.<\/p>\n<p><a href=\"https:\/\/faud.unsj.edu.ar\/\">https:\/\/faud.unsj.edu.ar\/<\/a><\/p>\n<p>En este contexto, Voces Paralelas desarroll\u00f3 una entrevista period\u00edstica al Coordinador de Asuntos Estudiantiles de la FAUD de la UNSJ, Arq. Fernando G\u00f3mez, quien es el profesional que intercede junto a los estudiantes y docentes para analizar, ayudar, orientar y contener a los alumnos, que se enfrentar a una realidad.<\/p>\n<p>&nbsp;<\/p>\n<p><iframe loading=\"lazy\" title=\"FAUD UNSJ ARQ FERNANDO G\u00d3MEZ\" width=\"800\" height=\"450\" src=\"https:\/\/www.youtube.com\/embed\/jSgs2mzjt4A?feature=oembed\" frameborder=\"0\" allow=\"accelerometer; autoplay; clipboard-write; encrypted-media; gyroscope; picture-in-picture; web-share\" referrerpolicy=\"strict-origin-when-cross-origin\" allowfullscreen><\/iframe><\/p>\n<p>&nbsp;<\/p>\n<p><img loading=\"lazy\" decoding=\"async\" class=\"alignnone size-full wp-image-43789\" src=\"https:\/\/vocesparalelas.com.ar\/sitio\/wp-content\/uploads\/2021\/11\/FAUD-LOGO-NUEVO.jpg\" alt=\"\" width=\"800\" height=\"533\" srcset=\"https:\/\/vocesparalelas.com.ar\/sitio\/wp-content\/uploads\/2021\/11\/FAUD-LOGO-NUEVO.jpg 800w, https:\/\/vocesparalelas.com.ar\/sitio\/wp-content\/uploads\/2021\/11\/FAUD-LOGO-NUEVO-300x200.jpg 300w, https:\/\/vocesparalelas.com.ar\/sitio\/wp-content\/uploads\/2021\/11\/FAUD-LOGO-NUEVO-768x512.jpg 768w\" sizes=\"auto, (max-width: 800px) 100vw, 800px\" \/><\/p>\n","protected":false},"excerpt":{"rendered":"<p>La Facultad de Arquitectura, Urbanismo y Dise\u00f1o de la Universidad Nacional de San Juan dicta tres carreas de grado Arquitectura<\/p>\n","protected":false},"author":3,"featured_media":76776,"comment_status":"closed","ping_status":"closed","sticky":false,"template":"","format":"standard","meta":{"_acf_changed":false,"_seopress_robots_primary_cat":"none","_seopress_titles_title":"","_seopress_titles_desc":"","_seopress_robots_index":"","colormag_page_container_layout":"default_layout","colormag_page_sidebar_layout":"default_layout","footnotes":""},"categories":[5,7],"tags":[],"class_list":["post-76773","post","type-post","status-publish","format-standard","has-post-thumbnail","hentry","category-ofrecimientos","category-videos"],"acf":[],"_links":{"self":[{"href":"https:\/\/vocesparalelas.com.ar\/sitio\/wp-json\/wp\/v2\/posts\/76773","targetHints":{"allow":["GET"]}}],"collection":[{"href":"https:\/\/vocesparalelas.com.ar\/sitio\/wp-json\/wp\/v2\/posts"}],"about":[{"href":"https:\/\/vocesparalelas.com.ar\/sitio\/wp-json\/wp\/v2\/types\/post"}],"author":[{"embeddable":true,"href":"https:\/\/vocesparalelas.com.ar\/sitio\/wp-json\/wp\/v2\/users\/3"}],"replies":[{"embeddable":true,"href":"https:\/\/vocesparalelas.com.ar\/sitio\/wp-json\/wp\/v2\/comments?post=76773"}],"version-history":[{"count":1,"href":"https:\/\/vocesparalelas.com.ar\/sitio\/wp-json\/wp\/v2\/posts\/76773\/revisions"}],"predecessor-version":[{"id":76777,"href":"https:\/\/vocesparalelas.com.ar\/sitio\/wp-json\/wp\/v2\/posts\/76773\/revisions\/76777"}],"wp:featuredmedia":[{"embeddable":true,"href":"https:\/\/vocesparalelas.com.ar\/sitio\/wp-json\/wp\/v2\/media\/76776"}],"wp:attachment":[{"href":"https:\/\/vocesparalelas.com.ar\/sitio\/wp-json\/wp\/v2\/media?parent=76773"}],"wp:term":[{"taxonomy":"category","embeddable":true,"href":"https:\/\/vocesparalelas.com.ar\/sitio\/wp-json\/wp\/v2\/categories?post=76773"},{"taxonomy":"post_tag","embeddable":true,"href":"https:\/\/vocesparalelas.com.ar\/sitio\/wp-json\/wp\/v2\/tags?post=76773"}],"curies":[{"name":"wp","href":"https:\/\/api.w.org\/{rel}","templated":true}]}}